{"id":15587,"date":"2022-04-07T19:01:43","date_gmt":"2022-04-07T22:01:43","guid":{"rendered":"https:\/\/radiorevelacionfm.cl\/?p=15587"},"modified":"2022-04-07T19:01:43","modified_gmt":"2022-04-07T22:01:43","slug":"sernapesca-aysen-intensifica-fiscalizaciones-de-recursos-del-mar-en-semana-santa","status":"publish","type":"post","link":"https:\/\/radiorevelacionfm.cl\/?p=15587","title":{"rendered":"Sernapesca Ays\u00e9n intensifica fiscalizaciones de recursos del mar en Semana Santa"},"content":{"rendered":"<div class=\"flex_column av_one_full  flex_column_div av-zero-column-padding first  avia-builder-el-0  el_before_av_one_full  avia-builder-el-first  \" style='border-radius:0px; '><div  class='avia-image-container  av-styling-    avia-builder-el-1  avia-builder-el-no-sibling  avia-align-center '  itemprop=\"image\" itemscope=\"itemscope\" itemtype=\"https:\/\/schema.org\/ImageObject\"  ><div class='avia-image-container-inner'><div class='avia-image-overlay-wrap'><img decoding=\"async\" class='wp-image-15588 avia-img-lazy-loading-not-15588 avia_image' src=\"https:\/\/radiorevelacionfm.cl\/wp-content\/uploads\/2022\/04\/2-75-1-1.jpg\" alt='' title='2 (75) (1) (1)' height=\"600\" width=\"1065\"  itemprop=\"thumbnailUrl\" srcset=\"https:\/\/radiorevelacionfm.cl\/wp-content\/uploads\/2022\/04\/2-75-1-1.jpg 1065w, https:\/\/radiorevelacionfm.cl\/wp-content\/uploads\/2022\/04\/2-75-1-1-300x169.jpg 300w, https:\/\/radiorevelacionfm.cl\/wp-content\/uploads\/2022\/04\/2-75-1-1-1030x580.jpg 1030w, https:\/\/radiorevelacionfm.cl\/wp-content\/uploads\/2022\/04\/2-75-1-1-768x433.jpg 768w, https:\/\/radiorevelacionfm.cl\/wp-content\/uploads\/2022\/04\/2-75-1-1-705x397.jpg 705w, https:\/\/radiorevelacionfm.cl\/wp-content\/uploads\/2022\/04\/2-75-1-1-600x338.jpg 600w\" sizes=\"(max-width: 1065px) 100vw, 1065px\" \/><\/div><\/div><\/div><\/div><div class=\"flex_column av_one_full  flex_column_div av-zero-column-padding first  avia-builder-el-2  el_after_av_one_full  el_before_av_one_full  column-top-margin\" style='border-radius:0px; '><section class=\"av_textblock_section \"  itemscope=\"itemscope\" itemtype=\"https:\/\/schema.org\/BlogPosting\" itemprop=\"blogPost\" ><div class='avia_textblock  '   itemprop=\"text\" ><p style=\"text-align: center;\"><strong><span style=\"font-size: 18pt;\">Sernapesca Ays\u00e9n intensifica fiscalizaciones de recursos del mar en Semana Santa<\/span><\/strong><\/p>\n<div id=\"gtx-trans\" style=\"position: absolute; left: -50px; top: 4.31534px;\">\n<div class=\"gtx-trans-icon\"><\/div>\n<\/div>\n<\/div><\/section><\/div><div class=\"flex_column av_one_full  flex_column_div av-zero-column-padding first  avia-builder-el-4  el_after_av_one_full  el_before_av_hr  column-top-margin\" style='border-radius:0px; '><section class=\"av_textblock_section \"  itemscope=\"itemscope\" itemtype=\"https:\/\/schema.org\/BlogPosting\" itemprop=\"blogPost\" ><div class='avia_textblock  '   itemprop=\"text\" ><p style=\"font-weight: 400; text-align: justify;\">Ante el aumento en el consumo de pescados y mariscos en periodo de Semana Santa, el Servicio Nacional de Pesca y Acuicultura (SERNAPESCA) Ays\u00e9n inform\u00f3 que desde el d\u00eda 28 de marzo est\u00e1 marcha el plan especial de fiscalizaci\u00f3n para controlar la extracci\u00f3n, transporte y comercializaci\u00f3n de recursos marinos en toda la regi\u00f3n.<\/p>\n<p style=\"font-weight: 400; text-align: justify;\">La fiscalizaci\u00f3n que realiza SERNAPESCA en este periodo se lleva a cabo en una estrecha coordinaci\u00f3n con las instituciones que integran la Red Sustenta, particularmente con apoyo de la Armada en zonas de pesca y puntos de desembarque, con Carabineros en controles carreteros y con la Autoridad Sanitaria en toda la cadena de comercializaci\u00f3n.<\/p>\n<p style=\"font-weight: 400; text-align: justify;\">Al respecto, el Director Regional de SERNAPESCA Ays\u00e9n, Cristian Hudson, inform\u00f3 que \u201cEn Sernapesca durante estos d\u00edas hemos reforzamos el programa de fiscalizaci\u00f3n tanto en cobertura, como en frecuencia, en virtud del aumento que ha existido en los niveles de toxinas marinas presente en el litoral de Ays\u00e9n, todo esto reportado por la Autoridad Sanitaria a trav\u00e9s de su Laboratorio de Marea Roja.\u201d<\/p>\n<p style=\"font-weight: 400; text-align: justify;\">La autoridad adem\u00e1s agreg\u00f3 que \u201cestos se han desarrollado y se seguir\u00e1n desarrollando m\u00faltiples controles en \u00e1reas de pesca, puntos de desembarque y centros de distribuci\u00f3n y consumo. Nuestro principal inter\u00e9s es resguardar, obviamente, la legalidad de los productos del mar, pero tambi\u00e9n apoyar a la Seremi de Salud para asegurar que estos alimentos que acceden al mercado son inocuos y seguros para todos los consumidores.\u201d<\/p>\n<p style=\"font-weight: 400; text-align: justify;\">Finalmente SERNAPESCA hace el llamado a la ciudadan\u00eda a que compren en lugares establecidos que puedan demostrar la procedencia de los mariscos y que exijan la documentaci\u00f3n de la Autoridad Sanitaria que certifique que los recursos est\u00e1n libres de toxinas. Las personas pueden denunciar de manera gratuita y segura llamando al 800 320 032.<\/p>\n<\/div><\/section><\/div><div  style='height:50px' class='hr hr-invisible   avia-builder-el-6  el_after_av_one_full  el_before_av_social_share '><span class='hr-inner ' ><span class='hr-inner-style'><\/span><\/span><\/div><\/p>\n<div  class='av-social-sharing-box  avia-builder-el-7  el_after_av_hr  el_before_av_hr  '><div class='av-share-box'><h5 class='av-share-link-description av-no-toc '>Compartir esta noticia<\/h5><ul class='av-share-box-list noLightbox'><li class='av-share-link av-social-link-facebook' ><a target=\"_blank\" aria-label=\"Compartir en Facebook\" href='https:\/\/www.facebook.com\/sharer.php?u=https:\/\/radiorevelacionfm.cl\/?p=15587&#038;t=Sernapesca%20Ays%C3%A9n%20intensifica%20fiscalizaciones%20de%20recursos%20del%20mar%20en%20Semana%20Santa' aria-hidden='false' data-av_icon='\ue8f3' data-av_iconfont='entypo-fontello' title='' data-avia-related-tooltip='Compartir en Facebook' rel=\"noopener\"><span class='avia_hidden_link_text'>Compartir en Facebook<\/span><\/a><\/li><li class='av-share-link av-social-link-twitter' ><a target=\"_blank\" aria-label=\"Compartir en Twitter\" href='https:\/\/twitter.com\/share?text=Sernapesca%20Ays%C3%A9n%20intensifica%20fiscalizaciones%20de%20recursos%20del%20mar%20en%20Semana%20Santa&#038;url=https:\/\/radiorevelacionfm.cl\/?p=15587' aria-hidden='false' data-av_icon='\ue8f1' data-av_iconfont='entypo-fontello' title='' data-avia-related-tooltip='Compartir en Twitter' rel=\"noopener\"><span class='avia_hidden_link_text'>Compartir en Twitter<\/span><\/a><\/li><li class='av-share-link av-social-link-whatsapp' ><a target=\"_blank\" aria-label=\"Compartir en Whatsapp\" href='https:\/\/api.whatsapp.com\/send?text=https:\/\/radiorevelacionfm.cl\/?p=15587' aria-hidden='false' data-av_icon='\uf232' data-av_iconfont='entypo-fontello' title='' data-avia-related-tooltip='Compartir en Whatsapp' rel=\"noopener\"><span class='avia_hidden_link_text'>Compartir en Whatsapp<\/span><\/a><\/li><li class='av-share-link av-social-link-linkedin' ><a target=\"_blank\" aria-label=\"Compartir en LinkedIn\" href='https:\/\/linkedin.com\/shareArticle?mini=true&#038;title=Sernapesca%20Ays%C3%A9n%20intensifica%20fiscalizaciones%20de%20recursos%20del%20mar%20en%20Semana%20Santa&#038;url=https:\/\/radiorevelacionfm.cl\/?p=15587' aria-hidden='false' data-av_icon='\ue8fc' data-av_iconfont='entypo-fontello' title='' data-avia-related-tooltip='Compartir en LinkedIn' rel=\"noopener\"><span class='avia_hidden_link_text'>Compartir en LinkedIn<\/span><\/a><\/li><li class='av-share-link av-social-link-mail' ><a  aria-label=\"Compartir por correo\" href='mailto:?subject=Sernapesca%20Ays%C3%A9n%20intensifica%20fiscalizaciones%20de%20recursos%20del%20mar%20en%20Semana%20Santa&#038;body=https:\/\/radiorevelacionfm.cl\/?p=15587' aria-hidden='false' data-av_icon='\ue805' data-av_iconfont='entypo-fontello' title='' data-avia-related-tooltip='Compartir por correo'><span class='avia_hidden_link_text'>Compartir por correo<\/span><\/a><\/li><\/ul><\/div><\/div>\n<div  style='height:50px' class='hr hr-invisible   avia-builder-el-8  el_after_av_social_share  el_before_av_comments_list '><span class='hr-inner ' ><span class='hr-inner-style'><\/span><\/span><\/div>\n<div  class='av-buildercomment  av-blog-meta-html-info-disabled av-blog-meta-tag-disabled  '><\/div>\n","protected":false},"excerpt":{"rendered":"","protected":false},"author":1,"featured_media":15588,"comment_status":"open","ping_status":"open","sticky":false,"template":"","format":"standard","meta":{"footnotes":""},"categories":[60],"tags":[],"class_list":["post-15587","post","type-post","status-publish","format-standard","has-post-thumbnail","hentry","category-pesca"],"jetpack_featured_media_url":"https:\/\/radiorevelacionfm.cl\/wp-content\/uploads\/2022\/04\/2-75-1-1.jpg","_links":{"self":[{"href":"https:\/\/radiorevelacionfm.cl\/index.php?rest_route=\/wp\/v2\/posts\/15587","targetHints":{"allow":["GET"]}}],"collection":[{"href":"https:\/\/radiorevelacionfm.cl\/index.php?rest_route=\/wp\/v2\/posts"}],"about":[{"href":"https:\/\/radiorevelacionfm.cl\/index.php?rest_route=\/wp\/v2\/types\/post"}],"author":[{"embeddable":true,"href":"https:\/\/radiorevelacionfm.cl\/index.php?rest_route=\/wp\/v2\/users\/1"}],"replies":[{"embeddable":true,"href":"https:\/\/radiorevelacionfm.cl\/index.php?rest_route=%2Fwp%2Fv2%2Fcomments&post=15587"}],"version-history":[{"count":2,"href":"https:\/\/radiorevelacionfm.cl\/index.php?rest_route=\/wp\/v2\/posts\/15587\/revisions"}],"predecessor-version":[{"id":15590,"href":"https:\/\/radiorevelacionfm.cl\/index.php?rest_route=\/wp\/v2\/posts\/15587\/revisions\/15590"}],"wp:featuredmedia":[{"embeddable":true,"href":"https:\/\/radiorevelacionfm.cl\/index.php?rest_route=\/wp\/v2\/media\/15588"}],"wp:attachment":[{"href":"https:\/\/radiorevelacionfm.cl\/index.php?rest_route=%2Fwp%2Fv2%2Fmedia&parent=15587"}],"wp:term":[{"taxonomy":"category","embeddable":true,"href":"https:\/\/radiorevelacionfm.cl\/index.php?rest_route=%2Fwp%2Fv2%2Fcategories&post=15587"},{"taxonomy":"post_tag","embeddable":true,"href":"https:\/\/radiorevelacionfm.cl\/index.php?rest_route=%2Fwp%2Fv2%2Ftags&post=15587"}],"curies":[{"name":"wp","href":"https:\/\/api.w.org\/{rel}","templated":true}]}}