{"id":15583,"date":"2022-04-07T16:28:17","date_gmt":"2022-04-07T19:28:17","guid":{"rendered":"https:\/\/radiorevelacionfm.cl\/?p=15583"},"modified":"2022-04-07T16:28:17","modified_gmt":"2022-04-07T19:28:17","slug":"nombran-secretarias-regionales-ministeriales-de-economia-y-gobierno-en-aysen","status":"publish","type":"post","link":"https:\/\/radiorevelacionfm.cl\/?p=15583","title":{"rendered":"Nombran Secretar\u00edas Regionales Ministeriales de Econom\u00eda y Gobierno en Ays\u00e9n"},"content":{"rendered":"<div class=\"flex_column av_one_full  flex_column_div av-zero-column-padding first  avia-builder-el-0  el_before_av_one_full  avia-builder-el-first  \" style='border-radius:0px; '><div  class='avia-image-container  av-styling-    avia-builder-el-1  avia-builder-el-no-sibling  avia-align-center '  itemprop=\"image\" itemscope=\"itemscope\" itemtype=\"https:\/\/schema.org\/ImageObject\"  ><div class='avia-image-container-inner'><div class='avia-image-overlay-wrap'><img decoding=\"async\" class='wp-image-15584 avia-img-lazy-loading-not-15584 avia_image' src=\"https:\/\/radiorevelacionfm.cl\/wp-content\/uploads\/2022\/04\/IMG_2228-1-1.jpg\" alt='' title='IMG_2228 (1) (1)' height=\"600\" width=\"816\"  itemprop=\"thumbnailUrl\" srcset=\"https:\/\/radiorevelacionfm.cl\/wp-content\/uploads\/2022\/04\/IMG_2228-1-1.jpg 816w, https:\/\/radiorevelacionfm.cl\/wp-content\/uploads\/2022\/04\/IMG_2228-1-1-300x221.jpg 300w, https:\/\/radiorevelacionfm.cl\/wp-content\/uploads\/2022\/04\/IMG_2228-1-1-768x565.jpg 768w, https:\/\/radiorevelacionfm.cl\/wp-content\/uploads\/2022\/04\/IMG_2228-1-1-705x518.jpg 705w, https:\/\/radiorevelacionfm.cl\/wp-content\/uploads\/2022\/04\/IMG_2228-1-1-600x441.jpg 600w\" sizes=\"(max-width: 816px) 100vw, 816px\" \/><\/div><\/div><\/div><\/div><div class=\"flex_column av_one_full  flex_column_div av-zero-column-padding first  avia-builder-el-2  el_after_av_one_full  el_before_av_one_full  column-top-margin\" style='border-radius:0px; '><section class=\"av_textblock_section \"  itemscope=\"itemscope\" itemtype=\"https:\/\/schema.org\/BlogPosting\" itemprop=\"blogPost\" ><div class='avia_textblock  '   itemprop=\"text\" ><p style=\"text-align: center;\"><strong><span style=\"font-size: 18pt;\">Nombran Secretar\u00edas Regionales Ministeriales de Econom\u00eda y Gobierno en Ays\u00e9n <\/span><\/strong><\/p>\n<div id=\"gtx-trans\" style=\"position: absolute; left: -50px; top: 4.31534px;\">\n<div class=\"gtx-trans-icon\"><\/div>\n<\/div>\n<\/div><\/section><\/div><div class=\"flex_column av_one_full  flex_column_div av-zero-column-padding first  avia-builder-el-4  el_after_av_one_full  el_before_av_hr  column-top-margin\" style='border-radius:0px; '><section class=\"av_textblock_section \"  itemscope=\"itemscope\" itemtype=\"https:\/\/schema.org\/BlogPosting\" itemprop=\"blogPost\" ><div class='avia_textblock  '   itemprop=\"text\" ><p style=\"text-align: justify;\"><span lang=\"ES\">El Gobierno de Chile, encabezado por el Presidente de la Rep\u00fablica, Gabriel Boric Font, comunica el nombramiento de 26 nuevas Secretar\u00edas Regionales Ministeriales en 11 regiones del pa\u00eds.<\/span><\/p>\n<p style=\"text-align: justify;\"><span lang=\"ES\">\u201cCon esto, se completan 290 autoridades regionales que asumir\u00e1n el desaf\u00edo de empujar cambios que permitan mejorar sustantivamente la calidad de vida de todas y todos los habitantes de nuestro territorio\u201d, indic\u00f3 Rodrigo Araya Morales, Delegado Presidencial Regional.<\/span><\/p>\n<p style=\"text-align: justify;\"><span lang=\"ES\">El equipo regional estar\u00e1 compuesto mayoritariamente por mujeres, poniendo de manifiesto el compromiso del Presidente Boric por avanzar hacia una paridad de g\u00e9nero efectiva.<\/span><\/p>\n<p style=\"text-align: justify;\"><span lang=\"ES\">En el caso de la Seremi de Econom\u00eda, Fomento y Turismo, asume Rosa Nicol Machac\u00e1n Navarrete, Independiente, mientras que como Seremi de Secretar\u00eda General de Gobierno, asume Tatiana Beatriz Pl\u00e1 \u00c1lvarez, PS.<\/span><\/p>\n<p style=\"text-align: justify;\"><span lang=\"ES\">De este modo, se completa la n\u00f3mina de 18 secretarios regionales ministeriales, y el gabinete regional queda integrado por: \u00a0<\/span><span lang=\"ES\">\u00a0<\/span><\/p>\n<p style=\"text-align: justify;\"><span lang=\"ES\">1.\u00a0\u00a0\u00a0\u00a0\u00a0\u00a0\u00a0\u00a0\u00a0<\/span><span lang=\"ES\">SEREMI<\/span><span lang=\"ES\">\u00a0<\/span><span lang=\"ES\">de<\/span><span lang=\"ES\">\u00a0<\/span><span lang=\"ES\">Agricultura:<\/span><span lang=\"ES\">\u00a0<\/span><span lang=\"ES\">Alan<\/span><span lang=\"ES\">\u00a0<\/span><span lang=\"ES\">Robinson<\/span><span lang=\"ES\">\u00a0<\/span><span lang=\"ES\">Espinoza\u00a0Ortiz,\u00a0PS.<\/span><\/p>\n<p style=\"text-align: justify;\"><span lang=\"ES\">2.\u00a0\u00a0\u00a0\u00a0\u00a0\u00a0\u00a0\u00a0\u00a0<\/span><span lang=\"ES\">SEREMI\u00a0de\u00a0Bienes\u00a0Nacionales:\u00a0Irina\u00a0Morend\u00a0Valdebenito,\u00a0Independiente.<\/span><\/p>\n<p style=\"text-align: justify;\"><span lang=\"ES\">3.\u00a0\u00a0\u00a0\u00a0\u00a0\u00a0\u00a0\u00a0\u00a0<\/span><span lang=\"ES\">SEREMI de Culturas, las Artes y el Patrimonio:\u00a0<\/span><span lang=\"ES\">Felipe Exequiel Nicol\u00e1s Quiroz\u00a0V\u00e1squez,\u00a0CS.<\/span><\/p>\n<p style=\"text-align: justify;\"><span lang=\"ES\">4.\u00a0\u00a0\u00a0\u00a0\u00a0\u00a0\u00a0\u00a0\u00a0<\/span><span lang=\"ES\">SEREMI\u00a0de\u00a0Deporte:\u00a0Mar\u00eda\u00a0Eugenia\u00a0Duran,\u00a0independiente por\u00a0RD.<\/span><\/p>\n<p style=\"text-align: justify;\"><span lang=\"ES\">5.\u00a0\u00a0\u00a0\u00a0\u00a0\u00a0\u00a0\u00a0\u00a0<\/span><span lang=\"ES\">SEREMI<\/span><span lang=\"ES\">\u00a0<\/span><span lang=\"ES\">de<\/span><span lang=\"ES\">\u00a0<\/span><span lang=\"ES\">Desarrollo<\/span><span lang=\"ES\">\u00a0<\/span><span lang=\"ES\">Social\u00a0y\u00a0Familia:\u00a0Karina\u00a0Acevedo,\u00a0PR.<\/span><\/p>\n<p style=\"text-align: justify;\"><span lang=\"ES\">6.\u00a0\u00a0\u00a0\u00a0\u00a0\u00a0\u00a0\u00a0\u00a0<\/span><span lang=\"ES\">SEREMI\u00a0de\u00a0Educaci\u00f3n:\u00a0Isabel\u00a0Garrido\u00a0Casassa,\u00a0PC.<\/span><\/p>\n<p style=\"text-align: justify;\"><span lang=\"ES\">7.\u00a0\u00a0\u00a0\u00a0\u00a0\u00a0\u00a0\u00a0\u00a0<\/span><span lang=\"ES\">SEREMI<\/span><span lang=\"ES\">\u00a0<\/span><span lang=\"ES\">de<\/span><span lang=\"ES\">\u00a0<\/span><span lang=\"ES\">Energ\u00eda:<\/span><span lang=\"ES\">\u00a0<\/span><span lang=\"ES\">Carlos<\/span><span lang=\"ES\">\u00a0<\/span><span lang=\"ES\">Alfredo<\/span><span lang=\"ES\">\u00a0<\/span><span lang=\"ES\">D\u00edaz<\/span><span lang=\"ES\">\u00a0<\/span><span lang=\"ES\">Varela,<\/span><span lang=\"ES\">\u00a0<\/span><span lang=\"ES\">Independiente.<\/span><\/p>\n<p style=\"text-align: justify;\"><span lang=\"ES\">8.\u00a0\u00a0\u00a0\u00a0\u00a0\u00a0\u00a0\u00a0\u00a0<\/span><span lang=\"ES\">SEREMI\u00a0de\u00a0Justicia:\u00a0Samuel\u00a0Malaqu\u00edas\u00a0Navarro\u00a0Castro,\u00a0PC.<\/span><\/p>\n<p style=\"text-align: justify;\"><span lang=\"ES\">9.\u00a0\u00a0\u00a0\u00a0\u00a0\u00a0\u00a0\u00a0\u00a0<\/span><span lang=\"ES\">SEREMI<\/span><span lang=\"ES\">\u00a0<\/span><span lang=\"ES\">de<\/span><span lang=\"ES\">\u00a0<\/span><span lang=\"ES\">Medio<\/span><span lang=\"ES\">\u00a0<\/span><span lang=\"ES\">Ambiente:<\/span><span lang=\"ES\">\u00a0<\/span><span lang=\"ES\">Juli\u00e1n<\/span><span lang=\"ES\">\u00a0<\/span><span lang=\"ES\">Alberto<\/span><span lang=\"ES\">\u00a0<\/span><span lang=\"ES\">C\u00e1rdenas<\/span><span lang=\"ES\">\u00a0<\/span><span lang=\"ES\">Cornejo,\u00a0Independiente.<\/span><\/p>\n<p style=\"text-align: justify;\"><span lang=\"ES\">10.\u00a0\u00a0\u00a0\u00a0\u00a0\u00a0\u00a0<\/span><span lang=\"ES\">SEREMI\u00a0de\u00a0Miner\u00eda:\u00a0Rudolf\u00a0Hans\u00a0Zimmermann,\u00a0PC.<\/span><\/p>\n<p style=\"text-align: justify;\"><span lang=\"ES\">11.\u00a0\u00a0\u00a0\u00a0\u00a0\u00a0\u00a0<\/span><span lang=\"ES\">SEREMI<\/span><span lang=\"ES\">\u00a0<\/span><span lang=\"ES\">de<\/span><span lang=\"ES\">\u00a0<\/span><span lang=\"ES\">Mujer<\/span><span lang=\"ES\">\u00a0<\/span><span lang=\"ES\">y Equidad<\/span><span lang=\"ES\">\u00a0<\/span><span lang=\"ES\">de<\/span><span lang=\"ES\">\u00a0<\/span><span lang=\"ES\">G\u00e9nero:<\/span><span lang=\"ES\">\u00a0<\/span><span lang=\"ES\">Andrea<\/span><span lang=\"ES\">\u00a0<\/span><span lang=\"ES\">M\u00e9ndez<\/span><span lang=\"ES\">\u00a0<\/span><span lang=\"ES\">Valenzuela,<\/span><span lang=\"ES\">\u00a0<\/span><span lang=\"ES\">CS.<\/span><\/p>\n<p style=\"text-align: justify;\"><span lang=\"ES\">12.\u00a0\u00a0\u00a0\u00a0\u00a0\u00a0\u00a0<\/span><span lang=\"ES\">SEREMI\u00a0de\u00a0Obras\u00a0P\u00fablicas:\u00a0Omar\u00a0Patricio\u00a0Sanhueza\u00a0Ulloa,\u00a0RD.<\/span><\/p>\n<p style=\"text-align: justify;\"><span lang=\"ES\">13.\u00a0\u00a0\u00a0\u00a0\u00a0\u00a0\u00a0<\/span><span lang=\"ES\">SEREMI\u00a0de\u00a0Salud:\u00a0Carmen\u00a0Gloria\u00a0Monsalve\u00a0G\u00f3mez,\u00a0Independiente.<\/span><\/p>\n<p style=\"text-align: justify;\"><span lang=\"ES\">14.\u00a0\u00a0\u00a0\u00a0\u00a0\u00a0\u00a0<\/span><span lang=\"ES\">SEREMI\u00a0de\u00a0Secretar\u00eda\u00a0General\u00a0de\u00a0Gobierno:\u00a0Tatiana Pla,\u00a0PS.<\/span><\/p>\n<p style=\"text-align: justify;\"><span lang=\"ES\">15.\u00a0\u00a0\u00a0\u00a0\u00a0\u00a0\u00a0<\/span><span lang=\"ES\">SEREMI\u00a0de\u00a0Trabajo\u00a0y\u00a0Previsi\u00f3n\u00a0Social:\u00a0Jos\u00e9\u00a0Humberto\u00a0Mar\u00edn\u00a0Leiva,\u00a0PPD.<\/span><\/p>\n<p style=\"text-align: justify;\"><span lang=\"ES\">16.\u00a0\u00a0\u00a0\u00a0\u00a0\u00a0\u00a0<\/span><span lang=\"ES\">SEREMI\u00a0de\u00a0Transporte:\u00a0Claudia\u00a0Cantero,\u00a0RD.<\/span><\/p>\n<p style=\"text-align: justify;\"><span lang=\"ES\">17.\u00a0\u00a0\u00a0\u00a0\u00a0\u00a0\u00a0<\/span><span lang=\"ES\">SEREMI\u00a0de\u00a0Vivienda\u00a0y\u00a0Urbanismo:\u00a0Paulina\u00a0Ruz,\u00a0PPD.<\/span><\/p>\n<p style=\"text-align: justify;\"><span lang=\"ES\">18.\u00a0\u00a0\u00a0\u00a0\u00a0\u00a0\u00a0<\/span><span lang=\"ES\">SEREMI de Econom\u00eda, Fomento y Turismo: Rosa Nicol Machacan Navarrete, Independiente.<\/span><\/p>\n<p style=\"text-align: justify;\"><span lang=\"ES\">\u00a0<\/span><\/p>\n<p style=\"text-align: justify;\"><span lang=\"ES\">Adem\u00e1s,\u00a0el\u00a0Ministerio\u00a0de\u00a0Ciencia,\u00a0Tecnolog\u00eda,\u00a0Conocimiento\u00a0e\u00a0Innovaci\u00f3n\u00a0cuenta\u00a0con\u00a0la\u00a0Secretar\u00eda\u00a0Regional\u00a0Ministerial\u00a0Macrozona Sur\u00a0Austral,\u00a0Ver\u00f3nica Vallejos Marchant, Independiente.<\/span><\/p>\n<\/div><\/section><\/div><div  style='height:50px' class='hr hr-invisible   avia-builder-el-6  el_after_av_one_full  el_before_av_social_share '><span class='hr-inner ' ><span class='hr-inner-style'><\/span><\/span><\/div><\/p>\n<div  class='av-social-sharing-box  avia-builder-el-7  el_after_av_hr  el_before_av_hr  '><div class='av-share-box'><h5 class='av-share-link-description av-no-toc '>Compartir esta noticia<\/h5><ul class='av-share-box-list noLightbox'><li class='av-share-link av-social-link-facebook' ><a target=\"_blank\" aria-label=\"Compartir en Facebook\" href='https:\/\/www.facebook.com\/sharer.php?u=https:\/\/radiorevelacionfm.cl\/?p=15583&#038;t=Nombran%20Secretar%C3%ADas%20Regionales%20Ministeriales%20de%20Econom%C3%ADa%20y%20Gobierno%20en%20Ays%C3%A9n' aria-hidden='false' data-av_icon='\ue8f3' data-av_iconfont='entypo-fontello' title='' data-avia-related-tooltip='Compartir en Facebook' rel=\"noopener\"><span class='avia_hidden_link_text'>Compartir en Facebook<\/span><\/a><\/li><li class='av-share-link av-social-link-twitter' ><a target=\"_blank\" aria-label=\"Compartir en Twitter\" href='https:\/\/twitter.com\/share?text=Nombran%20Secretar%C3%ADas%20Regionales%20Ministeriales%20de%20Econom%C3%ADa%20y%20Gobierno%20en%20Ays%C3%A9n&#038;url=https:\/\/radiorevelacionfm.cl\/?p=15583' aria-hidden='false' data-av_icon='\ue8f1' data-av_iconfont='entypo-fontello' title='' data-avia-related-tooltip='Compartir en Twitter' rel=\"noopener\"><span class='avia_hidden_link_text'>Compartir en Twitter<\/span><\/a><\/li><li class='av-share-link av-social-link-whatsapp' ><a target=\"_blank\" aria-label=\"Compartir en Whatsapp\" href='https:\/\/api.whatsapp.com\/send?text=https:\/\/radiorevelacionfm.cl\/?p=15583' aria-hidden='false' data-av_icon='\uf232' data-av_iconfont='entypo-fontello' title='' data-avia-related-tooltip='Compartir en Whatsapp' rel=\"noopener\"><span class='avia_hidden_link_text'>Compartir en Whatsapp<\/span><\/a><\/li><li class='av-share-link av-social-link-linkedin' ><a target=\"_blank\" aria-label=\"Compartir en LinkedIn\" href='https:\/\/linkedin.com\/shareArticle?mini=true&#038;title=Nombran%20Secretar%C3%ADas%20Regionales%20Ministeriales%20de%20Econom%C3%ADa%20y%20Gobierno%20en%20Ays%C3%A9n&#038;url=https:\/\/radiorevelacionfm.cl\/?p=15583' aria-hidden='false' data-av_icon='\ue8fc' data-av_iconfont='entypo-fontello' title='' data-avia-related-tooltip='Compartir en LinkedIn' rel=\"noopener\"><span class='avia_hidden_link_text'>Compartir en LinkedIn<\/span><\/a><\/li><li class='av-share-link av-social-link-mail' ><a  aria-label=\"Compartir por correo\" href='mailto:?subject=Nombran%20Secretar%C3%ADas%20Regionales%20Ministeriales%20de%20Econom%C3%ADa%20y%20Gobierno%20en%20Ays%C3%A9n&#038;body=https:\/\/radiorevelacionfm.cl\/?p=15583' aria-hidden='false' data-av_icon='\ue805' data-av_iconfont='entypo-fontello' title='' data-avia-related-tooltip='Compartir por correo'><span class='avia_hidden_link_text'>Compartir por correo<\/span><\/a><\/li><\/ul><\/div><\/div>\n<div  style='height:50px' class='hr hr-invisible   avia-builder-el-8  el_after_av_social_share  el_before_av_comments_list '><span class='hr-inner ' ><span class='hr-inner-style'><\/span><\/span><\/div>\n<div  class='av-buildercomment  av-blog-meta-html-info-disabled av-blog-meta-tag-disabled  '><\/div>\n","protected":false},"excerpt":{"rendered":"","protected":false},"author":1,"featured_media":15584,"comment_status":"open","ping_status":"open","sticky":false,"template":"","format":"standard","meta":{"footnotes":""},"categories":[38],"tags":[],"class_list":["post-15583","post","type-post","status-publish","format-standard","has-post-thumbnail","hentry","category-regional"],"jetpack_featured_media_url":"https:\/\/radiorevelacionfm.cl\/wp-content\/uploads\/2022\/04\/IMG_2228-1-1.jpg","_links":{"self":[{"href":"https:\/\/radiorevelacionfm.cl\/index.php?rest_route=\/wp\/v2\/posts\/15583","targetHints":{"allow":["GET"]}}],"collection":[{"href":"https:\/\/radiorevelacionfm.cl\/index.php?rest_route=\/wp\/v2\/posts"}],"about":[{"href":"https:\/\/radiorevelacionfm.cl\/index.php?rest_route=\/wp\/v2\/types\/post"}],"author":[{"embeddable":true,"href":"https:\/\/radiorevelacionfm.cl\/index.php?rest_route=\/wp\/v2\/users\/1"}],"replies":[{"embeddable":true,"href":"https:\/\/radiorevelacionfm.cl\/index.php?rest_route=%2Fwp%2Fv2%2Fcomments&post=15583"}],"version-history":[{"count":2,"href":"https:\/\/radiorevelacionfm.cl\/index.php?rest_route=\/wp\/v2\/posts\/15583\/revisions"}],"predecessor-version":[{"id":15586,"href":"https:\/\/radiorevelacionfm.cl\/index.php?rest_route=\/wp\/v2\/posts\/15583\/revisions\/15586"}],"wp:featuredmedia":[{"embeddable":true,"href":"https:\/\/radiorevelacionfm.cl\/index.php?rest_route=\/wp\/v2\/media\/15584"}],"wp:attachment":[{"href":"https:\/\/radiorevelacionfm.cl\/index.php?rest_route=%2Fwp%2Fv2%2Fmedia&parent=15583"}],"wp:term":[{"taxonomy":"category","embeddable":true,"href":"https:\/\/radiorevelacionfm.cl\/index.php?rest_route=%2Fwp%2Fv2%2Fcategories&post=15583"},{"taxonomy":"post_tag","embeddable":true,"href":"https:\/\/radiorevelacionfm.cl\/index.php?rest_route=%2Fwp%2Fv2%2Ftags&post=15583"}],"curies":[{"name":"wp","href":"https:\/\/api.w.org\/{rel}","templated":true}]}}