{"id":15574,"date":"2022-04-07T13:04:21","date_gmt":"2022-04-07T16:04:21","guid":{"rendered":"https:\/\/radiorevelacionfm.cl\/?p=15574"},"modified":"2022-04-07T13:11:15","modified_gmt":"2022-04-07T16:11:15","slug":"justicia-rechaza-recurso-de-proteccion-contra-alcalde-de-la-comuna-de-coyhaique","status":"publish","type":"post","link":"https:\/\/radiorevelacionfm.cl\/?p=15574","title":{"rendered":"Justicia rechaza recurso de protecci\u00f3n contra alcalde de la comuna de Coyhaique"},"content":{"rendered":"<div class=\"flex_column av_one_full  flex_column_div av-zero-column-padding first  avia-builder-el-0  el_before_av_one_full  avia-builder-el-first  \" style='border-radius:0px; '><div  class='avia-image-container  av-styling-    avia-builder-el-1  avia-builder-el-no-sibling  avia-align-center '  itemprop=\"image\" itemscope=\"itemscope\" itemtype=\"https:\/\/schema.org\/ImageObject\"  ><div class='avia-image-container-inner'><div class='avia-image-overlay-wrap'><img decoding=\"async\" class='wp-image-15577 avia-img-lazy-loading-not-15577 avia_image' src=\"https:\/\/radiorevelacionfm.cl\/wp-content\/uploads\/2022\/04\/alcalde-carlos-gatica2-1_optimized.jpg\" alt='' title='alcalde-carlos-gatica2-(1)_optimized' height=\"600\" width=\"873\"  itemprop=\"thumbnailUrl\" srcset=\"https:\/\/radiorevelacionfm.cl\/wp-content\/uploads\/2022\/04\/alcalde-carlos-gatica2-1_optimized.jpg 873w, https:\/\/radiorevelacionfm.cl\/wp-content\/uploads\/2022\/04\/alcalde-carlos-gatica2-1_optimized-300x206.jpg 300w, https:\/\/radiorevelacionfm.cl\/wp-content\/uploads\/2022\/04\/alcalde-carlos-gatica2-1_optimized-768x528.jpg 768w, https:\/\/radiorevelacionfm.cl\/wp-content\/uploads\/2022\/04\/alcalde-carlos-gatica2-1_optimized-705x485.jpg 705w, https:\/\/radiorevelacionfm.cl\/wp-content\/uploads\/2022\/04\/alcalde-carlos-gatica2-1_optimized-600x412.jpg 600w\" sizes=\"(max-width: 873px) 100vw, 873px\" \/><\/div><\/div><\/div><\/div><div class=\"flex_column av_one_full  flex_column_div av-zero-column-padding first  avia-builder-el-2  el_after_av_one_full  el_before_av_one_full  column-top-margin\" style='border-radius:0px; '><section class=\"av_textblock_section \"  itemscope=\"itemscope\" itemtype=\"https:\/\/schema.org\/BlogPosting\" itemprop=\"blogPost\" ><div class='avia_textblock  '   itemprop=\"text\" ><p style=\"text-align: center;\"><strong><span style=\"font-size: 18pt;\">Justicia rechaza recurso de protecci\u00f3n contra alcalde de la comuna de Coyhaique<\/span><\/strong><\/p>\n<div id=\"gtx-trans\" style=\"position: absolute; left: -50px; top: 4.31534px;\">\n<div class=\"gtx-trans-icon\"><\/div>\n<\/div>\n<\/div><\/section><\/div><\/p>\n<div class=\"flex_column av_one_full  flex_column_div av-zero-column-padding first  avia-builder-el-4  el_after_av_one_full  el_before_av_hr  column-top-margin\" style='border-radius:0px; '><section class=\"av_textblock_section \"  itemscope=\"itemscope\" itemtype=\"https:\/\/schema.org\/BlogPosting\" itemprop=\"blogPost\" ><div class='avia_textblock  '   itemprop=\"text\" ><p class=\"v1MsoNormal\" style=\"text-align: justify;\">La Corte de Apelaciones de Coyhaique rechaz\u00f3 el recurso de protecci\u00f3n presentado en contra del alcalde de la comuna, por el anuncio de querella contra dirigente sindical que realiz\u00f3 una cr\u00edtica p\u00fablica por despidos en el municipio.<\/p>\n<p class=\"v1MsoNormal\" style=\"text-align: justify;\">En fallo un\u00e1nime (causa rol 12-2022), la Primera Sala del tribunal de alzada \u2013integrada por los ministros Sergio Mora, Pedro Castro y Jos\u00e9 Ignacio Mora\u2013 desestim\u00f3 el recurso, por considerar que no se advierte ilegalidad alguna en lo manifestado por la autoridad comunal.<\/p>\n<p class=\"v1MsoNormal\" style=\"text-align: justify;\">\u00ab(&#8230;) el anuncio de una eventual interposici\u00f3n de una querella por injurias no constituye, en el presente caso, un acto ilegal, desde que tal declaraci\u00f3n constituye el ejercicio de la libertad de emitir opini\u00f3n, previsto en el N.\u00ba 12 del art\u00edculo 19 de la Constituci\u00f3n Pol\u00edtica de la Rep\u00fablica, manifestando su intenci\u00f3n ejercer un derecho de defenderse frente de expresiones, concretas y precisas, proferidas en su contra, derecho este amparado por el N.\u00ba 3 y N.\u00ba 14 del art\u00edculo 19 de la misma Carta Fundamental, de tal modo que tal hecho futuro que complica al recurrente, se encuentra amparado y regulado por nuestra legislaci\u00f3n, de manera que no se advierte un actuar ilegal a este respecto\u00bb, consigna el fallo.<\/p>\n<p class=\"v1MsoNormal\" style=\"text-align: justify;\">La resoluci\u00f3n agrega: \u00abQue, tampoco puede observarse, en este caso, que el anuncio de una querella configure un acto arbitrario, desde que se advierte que tal declaraci\u00f3n se formul\u00f3 como una respuesta del recurrido frente a un actuar del recurrente, concreto y preciso, que lo hace consistir en imputaciones p\u00fablicas que, en concepto del recurrido, no se condicen con la verdad y que las estima atentatorias a su honra, de tal modo que ello tiene una raz\u00f3n de ser o un fundamento previo determinado\u00bb.<\/p>\n<p class=\"v1MsoNormal\" style=\"text-align: justify;\">Para el tribunal de alzada, en la especie: \u00ab(&#8230;) en consecuencia, no habi\u00e9ndose acreditado el presupuesto base que hace procedente la presente acci\u00f3n de protecci\u00f3n, esto es, la existencia de un acto arbitrario e ilegal, corresponde rechazar el presente recurso, sin que sea necesario analizar una eventual vulneraci\u00f3n a la garant\u00edas prevista en los art\u00edculos 19 N.\u00ba 19 de la Constituci\u00f3n Pol\u00edtica de la Rep\u00fablica\u00bb.<\/p>\n<p class=\"v1MsoNormal\" style=\"text-align: justify;\">Por tanto, se resuelve que: \u00ab<b>SE RECHAZA<\/b> el recurso de protecci\u00f3n deducido por Mauricio Mu\u00f1oz Gatica, Jos\u00e9 P\u00e9rez Debelli y Armando Gacit\u00faa Cifuentes en contra de Carlos Patricio Gatica Villegas, sin costas, por haber tenido motivo plausible para accionar\u00bb.<\/p>\n<\/div><\/section><\/div>\n<div  style='height:50px' class='hr hr-invisible   avia-builder-el-6  el_after_av_one_full  el_before_av_social_share '><span class='hr-inner ' ><span class='hr-inner-style'><\/span><\/span><\/div>\n<div  class='av-social-sharing-box  avia-builder-el-7  el_after_av_hr  el_before_av_hr  '><div class='av-share-box'><h5 class='av-share-link-description av-no-toc '>Compartir esta noticia<\/h5><ul class='av-share-box-list noLightbox'><li class='av-share-link av-social-link-facebook' ><a target=\"_blank\" aria-label=\"Compartir en Facebook\" href='https:\/\/www.facebook.com\/sharer.php?u=https:\/\/radiorevelacionfm.cl\/?p=15574&#038;t=Justicia%20rechaza%20recurso%20de%20protecci%C3%B3n%20contra%20alcalde%20de%20la%20comuna%20de%20Coyhaique' aria-hidden='false' data-av_icon='\ue8f3' data-av_iconfont='entypo-fontello' title='' data-avia-related-tooltip='Compartir en Facebook' rel=\"noopener\"><span class='avia_hidden_link_text'>Compartir en Facebook<\/span><\/a><\/li><li class='av-share-link av-social-link-twitter' ><a target=\"_blank\" aria-label=\"Compartir en Twitter\" href='https:\/\/twitter.com\/share?text=Justicia%20rechaza%20recurso%20de%20protecci%C3%B3n%20contra%20alcalde%20de%20la%20comuna%20de%20Coyhaique&#038;url=https:\/\/radiorevelacionfm.cl\/?p=15574' aria-hidden='false' data-av_icon='\ue8f1' data-av_iconfont='entypo-fontello' title='' data-avia-related-tooltip='Compartir en Twitter' rel=\"noopener\"><span class='avia_hidden_link_text'>Compartir en Twitter<\/span><\/a><\/li><li class='av-share-link av-social-link-whatsapp' ><a target=\"_blank\" aria-label=\"Compartir en Whatsapp\" href='https:\/\/api.whatsapp.com\/send?text=https:\/\/radiorevelacionfm.cl\/?p=15574' aria-hidden='false' data-av_icon='\uf232' data-av_iconfont='entypo-fontello' title='' data-avia-related-tooltip='Compartir en Whatsapp' rel=\"noopener\"><span class='avia_hidden_link_text'>Compartir en Whatsapp<\/span><\/a><\/li><li class='av-share-link av-social-link-linkedin' ><a target=\"_blank\" aria-label=\"Compartir en LinkedIn\" href='https:\/\/linkedin.com\/shareArticle?mini=true&#038;title=Justicia%20rechaza%20recurso%20de%20protecci%C3%B3n%20contra%20alcalde%20de%20la%20comuna%20de%20Coyhaique&#038;url=https:\/\/radiorevelacionfm.cl\/?p=15574' aria-hidden='false' data-av_icon='\ue8fc' data-av_iconfont='entypo-fontello' title='' data-avia-related-tooltip='Compartir en LinkedIn' rel=\"noopener\"><span class='avia_hidden_link_text'>Compartir en LinkedIn<\/span><\/a><\/li><li class='av-share-link av-social-link-mail' ><a  aria-label=\"Compartir por correo\" href='mailto:?subject=Justicia%20rechaza%20recurso%20de%20protecci%C3%B3n%20contra%20alcalde%20de%20la%20comuna%20de%20Coyhaique&#038;body=https:\/\/radiorevelacionfm.cl\/?p=15574' aria-hidden='false' data-av_icon='\ue805' data-av_iconfont='entypo-fontello' title='' data-avia-related-tooltip='Compartir por correo'><span class='avia_hidden_link_text'>Compartir por correo<\/span><\/a><\/li><\/ul><\/div><\/div>\n<div  style='height:50px' class='hr hr-invisible   avia-builder-el-8  el_after_av_social_share  el_before_av_comments_list '><span class='hr-inner ' ><span class='hr-inner-style'><\/span><\/span><\/div>\n<div  class='av-buildercomment  av-blog-meta-html-info-disabled av-blog-meta-tag-disabled  '><\/div>\n","protected":false},"excerpt":{"rendered":"","protected":false},"author":1,"featured_media":15577,"comment_status":"open","ping_status":"open","sticky":false,"template":"","format":"standard","meta":{"footnotes":""},"categories":[55],"tags":[],"class_list":["post-15574","post","type-post","status-publish","format-standard","has-post-thumbnail","hentry","category-justicia"],"jetpack_featured_media_url":"https:\/\/radiorevelacionfm.cl\/wp-content\/uploads\/2022\/04\/alcalde-carlos-gatica2-1_optimized.jpg","_links":{"self":[{"href":"https:\/\/radiorevelacionfm.cl\/index.php?rest_route=\/wp\/v2\/posts\/15574","targetHints":{"allow":["GET"]}}],"collection":[{"href":"https:\/\/radiorevelacionfm.cl\/index.php?rest_route=\/wp\/v2\/posts"}],"about":[{"href":"https:\/\/radiorevelacionfm.cl\/index.php?rest_route=\/wp\/v2\/types\/post"}],"author":[{"embeddable":true,"href":"https:\/\/radiorevelacionfm.cl\/index.php?rest_route=\/wp\/v2\/users\/1"}],"replies":[{"embeddable":true,"href":"https:\/\/radiorevelacionfm.cl\/index.php?rest_route=%2Fwp%2Fv2%2Fcomments&post=15574"}],"version-history":[{"count":3,"href":"https:\/\/radiorevelacionfm.cl\/index.php?rest_route=\/wp\/v2\/posts\/15574\/revisions"}],"predecessor-version":[{"id":15576,"href":"https:\/\/radiorevelacionfm.cl\/index.php?rest_route=\/wp\/v2\/posts\/15574\/revisions\/15576"}],"wp:featuredmedia":[{"embeddable":true,"href":"https:\/\/radiorevelacionfm.cl\/index.php?rest_route=\/wp\/v2\/media\/15577"}],"wp:attachment":[{"href":"https:\/\/radiorevelacionfm.cl\/index.php?rest_route=%2Fwp%2Fv2%2Fmedia&parent=15574"}],"wp:term":[{"taxonomy":"category","embeddable":true,"href":"https:\/\/radiorevelacionfm.cl\/index.php?rest_route=%2Fwp%2Fv2%2Fcategories&post=15574"},{"taxonomy":"post_tag","embeddable":true,"href":"https:\/\/radiorevelacionfm.cl\/index.php?rest_route=%2Fwp%2Fv2%2Ftags&post=15574"}],"curies":[{"name":"wp","href":"https:\/\/api.w.org\/{rel}","templated":true}]}}