{"id":15570,"date":"2022-04-07T12:54:17","date_gmt":"2022-04-07T15:54:17","guid":{"rendered":"https:\/\/radiorevelacionfm.cl\/?p=15570"},"modified":"2022-04-07T12:54:17","modified_gmt":"2022-04-07T15:54:17","slug":"seremi-del-mop-afirmo-plenamente-vigente-se-encuentra-modificacion-al-codigo-de-aguas","status":"publish","type":"post","link":"https:\/\/radiorevelacionfm.cl\/?p=15570","title":{"rendered":"Seremi del MOP afirm\u00f3: \u201cPlenamente vigente se encuentra modificaci\u00f3n al c\u00f3digo de aguas\u201d"},"content":{"rendered":"<div class=\"flex_column av_one_full  flex_column_div av-zero-column-padding first  avia-builder-el-0  el_before_av_one_full  avia-builder-el-first  \" style='border-radius:0px; '><div  class='avia-image-container  av-styling-    avia-builder-el-1  avia-builder-el-no-sibling  avia-align-center '  itemprop=\"image\" itemscope=\"itemscope\" itemtype=\"https:\/\/schema.org\/ImageObject\"  ><div class='avia-image-container-inner'><div class='avia-image-overlay-wrap'><img decoding=\"async\" class='wp-image-15571 avia-img-lazy-loading-not-15571 avia_image' src=\"https:\/\/radiorevelacionfm.cl\/wp-content\/uploads\/2022\/04\/mop-1_optimized.jpg\" alt='' title='mop-(1)_optimized' height=\"600\" width=\"1431\"  itemprop=\"thumbnailUrl\" srcset=\"https:\/\/radiorevelacionfm.cl\/wp-content\/uploads\/2022\/04\/mop-1_optimized.jpg 1431w, https:\/\/radiorevelacionfm.cl\/wp-content\/uploads\/2022\/04\/mop-1_optimized-300x126.jpg 300w, https:\/\/radiorevelacionfm.cl\/wp-content\/uploads\/2022\/04\/mop-1_optimized-1030x432.jpg 1030w, https:\/\/radiorevelacionfm.cl\/wp-content\/uploads\/2022\/04\/mop-1_optimized-768x322.jpg 768w, https:\/\/radiorevelacionfm.cl\/wp-content\/uploads\/2022\/04\/mop-1_optimized-705x296.jpg 705w, https:\/\/radiorevelacionfm.cl\/wp-content\/uploads\/2022\/04\/mop-1_optimized-600x252.jpg 600w\" sizes=\"(max-width: 1431px) 100vw, 1431px\" \/><\/div><\/div><\/div><\/div><div class=\"flex_column av_one_full  flex_column_div av-zero-column-padding first  avia-builder-el-2  el_after_av_one_full  el_before_av_one_full  column-top-margin\" style='border-radius:0px; '><section class=\"av_textblock_section \"  itemscope=\"itemscope\" itemtype=\"https:\/\/schema.org\/BlogPosting\" itemprop=\"blogPost\" ><div class='avia_textblock  '   itemprop=\"text\" ><p style=\"text-align: center;\"><strong><span style=\"font-size: 18pt;\">Seremi del MOP afirm\u00f3: \u201cPlenamente vigente se encuentra modificaci\u00f3n al c\u00f3digo de aguas\u201d<\/span><\/strong><\/p>\n<div id=\"gtx-trans\" style=\"position: absolute; left: -50px; top: 4.31534px;\">\n<div class=\"gtx-trans-icon\"><\/div>\n<\/div>\n<\/div><\/section><\/div><div class=\"flex_column av_one_full  flex_column_div av-zero-column-padding first  avia-builder-el-4  el_after_av_one_full  el_before_av_hr  column-top-margin\" style='border-radius:0px; '><section class=\"av_textblock_section \"  itemscope=\"itemscope\" itemtype=\"https:\/\/schema.org\/BlogPosting\" itemprop=\"blogPost\" ><div class='avia_textblock  '   itemprop=\"text\" ><p style=\"text-align: justify;\">Como trascendental para la comunidad calific\u00f3 el Secretario Regional Ministerial de Obras P\u00fablicas, Patricio Sanhueza Ulloa, la modificaci\u00f3n al C\u00f3digo de Aguas que a partir del mi\u00e9rcoles 06 de abril del a\u00f1o en curso se encuentra plenamente vigente y que dentro de sus modificaciones considera el agua como un derecho humano y un bien nacional de uso p\u00fablico, as\u00ed lo destac\u00f3 la nueva autoridad regional del MOP en el marco de la realizaci\u00f3n de una de sus primeras actividades como jefe regional de la Cartera.<\/p>\n<p style=\"text-align: justify;\">Consultado al respecto, el SEREMI del MOP indic\u00f3 que \u201cestamos muy felices de poder comunicar a la comunidad que este mi\u00e9rcoles 06 de abril ha entrado en vigencia la modificaci\u00f3n al C\u00f3digo de Aguas que avanza en la l\u00ednea que nosotros creemos es la correcta, y que responde a las demandas de la poblaci\u00f3n muy sentida por los grupos sociales y medio ambientales que han trabajado tan arduamente para alcanzar estos logros, que dicen relaci\u00f3n con privilegiar el acceso humano al agua, as\u00ed como tambi\u00e9n apunta a la protecci\u00f3n del medio ambiente. Esta modificaci\u00f3n considera el agua como un derecho humano y tambi\u00e9n como un bien nacional de uso p\u00fablico, lo que le entrega mayores atribuciones a la Direcci\u00f3n General de Aguas para poder trabajar en el resguardo y protecci\u00f3n de este recurso. En la l\u00ednea del medio ambiente es destacable que no se van a poder constituir derechos de aguas en los glaciares y en los bofedales en la zona norte del pa\u00eds. Todo esto da respuesta a estas demandas tan sentidas por la poblaci\u00f3n, as\u00ed que invitamos a la comunidad a estar atentos y atentas a los Medios de Comunicaci\u00f3n y a informarse sobre estas modificaciones, cambios legales, normativos y procedimentales antes de ingresar sus solicitudes y verificar si est\u00e1n cumpliendo con los nuevos requisitos los que anticipamos se han flexibilizado y son menores a los requeridos anteriormente\u201d<\/p>\n<p style=\"text-align: justify;\">El pasado 25 de marzo el presidente Gabriel Boric firm\u00f3 la promulgaci\u00f3n de la nueva Ley que reforma el C\u00f3digo de Aguas, proyecto que estuvo once a\u00f1os en el Congreso y que incluye m\u00e1s de 130 modificaciones, siendo estas el primer paso para cuidar y gestionar en forma m\u00e1s justa y eficiente los recursos h\u00eddricos, lo que tambi\u00e9n permitir\u00e1 enfrentar el cambio clim\u00e1tico y la sequ\u00eda.<\/p>\n<p style=\"text-align: justify;\">Sobre el particular, el Director de la Direcci\u00f3n General de Aguas del MOP (S) en la regi\u00f3n de Ays\u00e9n, Jorge O\u00b4Kuinghttons Villena destac\u00f3 \u201cla modificaci\u00f3n del C\u00f3digo de Aguas ha sido muy esperada por nuestro Servicio, porque nos da mayores herramientas para manejar el agua frente a un escenario en el pa\u00eds de escasez h\u00eddrica; un escenario de crecientes conflictos por el uso del agua y un escenario que requiere un manejo del agua bastante m\u00e1s actualizado a las demandas del pa\u00eds hoy d\u00eda. El C\u00f3digo de Aguas fue modificado y el mi\u00e9rcoles 06 de abril fue publicado en el Diario Oficial, por lo tanto a partir de esa fecha est\u00e1 vigente la nueva Ley. Dentro de sus ejes m\u00e1s importantes destaca que se prioriza el consumo humano, el consumo de agua de las personas versus otros usos del recurso h\u00eddrico. Antes, las solicitudes se resolv\u00edan por prelaci\u00f3n, y a partir de este mi\u00e9rcoles se van a resolver seg\u00fan el uso que se manifieste en la solicitud y dentro de ellos la prioridad es el consumo humano y de saneamiento. Por otro lado, tambi\u00e9n se fortalecen las atribuciones que tiene la Direcci\u00f3n de Aguas para asegurar el consumo de agua en los Servicios Sanitarios Rurales que abastecen a la poblaci\u00f3n; tambi\u00e9n se cambia el r\u00e9gimen de los derechos de aprovechamiento de agua respecto a su caducidad. Hoy los derechos se van a entregar por 30 a\u00f1os y se evaluar\u00e1 la prorroga a petici\u00f3n del interesado al finalizar ese per\u00edodo, no como antes que los derechos se otorgaban a perpetuidad; otra modificaci\u00f3n importante es que hoy d\u00eda la Direcci\u00f3n General de Aguas tiene la obligaci\u00f3n de trabajar en establecer por cada Cuenca del pa\u00eds Planes Estrat\u00e9gicos de Cuencas que tienen como finalidad coordinar y trabajar con los diversos Servicios P\u00fablicos y tratar de resolver los problemas con una mirada m\u00e1s amplia e integral y que considere las Cuencas; y finalmente, le entrega a la Direcci\u00f3n General de Aguas (DGA) atribuciones para enfrentar problemas en situaciones de severas de sequ\u00eda, como redistribuir el agua, entre otros\u201d.<\/p>\n<p style=\"text-align: justify;\">Por su parte, el Analista Legal de la Direcci\u00f3n General de Aguas del MOP en la regi\u00f3n de Ays\u00e9n, Carlos Flores Olivares resalt\u00f3 algunos procedimientos que deber\u00e1n cumplir las personas al solicitar sus Derechos de Aprovechamiento de Aguas, indicando que \u201cactualmente existe un procedimiento de admisibilidad, por lo tanto todas las personas que presenten sus solicitudes de Derechos de Aprovechamiento de Aguas deber\u00e1n ser previamente visadas por la Direcci\u00f3n de Aguas para posteriormente ser publicadas en los Medios de Comunicaci\u00f3n, por lo tanto les sugerimos a las personas que cuando realicen alguna solicitud esperen la resoluci\u00f3n de la DGA que la declare admisible para que procedan a la publicaci\u00f3n de la misma, y ante cualquier duda, los invitamos a nuestras oficinas ubicadas en calle Riquelme 465 para aclarar sus requerimientos en forma presencial o bien llam\u00e1ndonos al tel\u00e9fono 67-2572266, pudiendo adem\u00e1s presentar sus solicitudes presencialmente o v\u00eda online a trav\u00e9s de nuestra p\u00e1gina web: <a href=\"http:\/\/www.dga.cl\">www.dga.cl<\/a>., teniendo presente que las solicitudes que correspondan a provincias distintas de Coyhaique, deben presentarlas en las Delegaciones Provinciales pertinentes\u201d.<\/p>\n<\/div><\/section><\/div><div  style='height:50px' class='hr hr-invisible   avia-builder-el-6  el_after_av_one_full  el_before_av_social_share '><span class='hr-inner ' ><span class='hr-inner-style'><\/span><\/span><\/div><\/p>\n<div  class='av-social-sharing-box  avia-builder-el-7  el_after_av_hr  el_before_av_hr  '><div class='av-share-box'><h5 class='av-share-link-description av-no-toc '>Compartir esta noticia<\/h5><ul class='av-share-box-list noLightbox'><li class='av-share-link av-social-link-facebook' ><a target=\"_blank\" aria-label=\"Compartir en Facebook\" href='https:\/\/www.facebook.com\/sharer.php?u=https:\/\/radiorevelacionfm.cl\/?p=15570&#038;t=Seremi%20del%20MOP%20afirm%C3%B3%3A%20%E2%80%9CPlenamente%20vigente%20se%20encuentra%20modificaci%C3%B3n%20al%20c%C3%B3digo%20de%20aguas%E2%80%9D' aria-hidden='false' data-av_icon='\ue8f3' data-av_iconfont='entypo-fontello' title='' data-avia-related-tooltip='Compartir en Facebook' rel=\"noopener\"><span class='avia_hidden_link_text'>Compartir en Facebook<\/span><\/a><\/li><li class='av-share-link av-social-link-twitter' ><a target=\"_blank\" aria-label=\"Compartir en Twitter\" href='https:\/\/twitter.com\/share?text=Seremi%20del%20MOP%20afirm%C3%B3%3A%20%E2%80%9CPlenamente%20vigente%20se%20encuentra%20modificaci%C3%B3n%20al%20c%C3%B3digo%20de%20aguas%E2%80%9D&#038;url=https:\/\/radiorevelacionfm.cl\/?p=15570' aria-hidden='false' data-av_icon='\ue8f1' data-av_iconfont='entypo-fontello' title='' data-avia-related-tooltip='Compartir en Twitter' rel=\"noopener\"><span class='avia_hidden_link_text'>Compartir en Twitter<\/span><\/a><\/li><li class='av-share-link av-social-link-whatsapp' ><a target=\"_blank\" aria-label=\"Compartir en Whatsapp\" href='https:\/\/api.whatsapp.com\/send?text=https:\/\/radiorevelacionfm.cl\/?p=15570' aria-hidden='false' data-av_icon='\uf232' data-av_iconfont='entypo-fontello' title='' data-avia-related-tooltip='Compartir en Whatsapp' rel=\"noopener\"><span class='avia_hidden_link_text'>Compartir en Whatsapp<\/span><\/a><\/li><li class='av-share-link av-social-link-linkedin' ><a target=\"_blank\" aria-label=\"Compartir en LinkedIn\" href='https:\/\/linkedin.com\/shareArticle?mini=true&#038;title=Seremi%20del%20MOP%20afirm%C3%B3%3A%20%E2%80%9CPlenamente%20vigente%20se%20encuentra%20modificaci%C3%B3n%20al%20c%C3%B3digo%20de%20aguas%E2%80%9D&#038;url=https:\/\/radiorevelacionfm.cl\/?p=15570' aria-hidden='false' data-av_icon='\ue8fc' data-av_iconfont='entypo-fontello' title='' data-avia-related-tooltip='Compartir en LinkedIn' rel=\"noopener\"><span class='avia_hidden_link_text'>Compartir en LinkedIn<\/span><\/a><\/li><li class='av-share-link av-social-link-mail' ><a  aria-label=\"Compartir por correo\" href='mailto:?subject=Seremi%20del%20MOP%20afirm%C3%B3%3A%20%E2%80%9CPlenamente%20vigente%20se%20encuentra%20modificaci%C3%B3n%20al%20c%C3%B3digo%20de%20aguas%E2%80%9D&#038;body=https:\/\/radiorevelacionfm.cl\/?p=15570' aria-hidden='false' data-av_icon='\ue805' data-av_iconfont='entypo-fontello' title='' data-avia-related-tooltip='Compartir por correo'><span class='avia_hidden_link_text'>Compartir por correo<\/span><\/a><\/li><\/ul><\/div><\/div>\n<div  style='height:50px' class='hr hr-invisible   avia-builder-el-8  el_after_av_social_share  el_before_av_comments_list '><span class='hr-inner ' ><span class='hr-inner-style'><\/span><\/span><\/div>\n<div  class='av-buildercomment  av-blog-meta-html-info-disabled av-blog-meta-tag-disabled  '><\/div>\n","protected":false},"excerpt":{"rendered":"","protected":false},"author":1,"featured_media":15571,"comment_status":"open","ping_status":"open","sticky":false,"template":"","format":"standard","meta":{"footnotes":""},"categories":[38],"tags":[],"class_list":["post-15570","post","type-post","status-publish","format-standard","has-post-thumbnail","hentry","category-regional"],"jetpack_featured_media_url":"https:\/\/radiorevelacionfm.cl\/wp-content\/uploads\/2022\/04\/mop-1_optimized.jpg","_links":{"self":[{"href":"https:\/\/radiorevelacionfm.cl\/index.php?rest_route=\/wp\/v2\/posts\/15570","targetHints":{"allow":["GET"]}}],"collection":[{"href":"https:\/\/radiorevelacionfm.cl\/index.php?rest_route=\/wp\/v2\/posts"}],"about":[{"href":"https:\/\/radiorevelacionfm.cl\/index.php?rest_route=\/wp\/v2\/types\/post"}],"author":[{"embeddable":true,"href":"https:\/\/radiorevelacionfm.cl\/index.php?rest_route=\/wp\/v2\/users\/1"}],"replies":[{"embeddable":true,"href":"https:\/\/radiorevelacionfm.cl\/index.php?rest_route=%2Fwp%2Fv2%2Fcomments&post=15570"}],"version-history":[{"count":2,"href":"https:\/\/radiorevelacionfm.cl\/index.php?rest_route=\/wp\/v2\/posts\/15570\/revisions"}],"predecessor-version":[{"id":15573,"href":"https:\/\/radiorevelacionfm.cl\/index.php?rest_route=\/wp\/v2\/posts\/15570\/revisions\/15573"}],"wp:featuredmedia":[{"embeddable":true,"href":"https:\/\/radiorevelacionfm.cl\/index.php?rest_route=\/wp\/v2\/media\/15571"}],"wp:attachment":[{"href":"https:\/\/radiorevelacionfm.cl\/index.php?rest_route=%2Fwp%2Fv2%2Fmedia&parent=15570"}],"wp:term":[{"taxonomy":"category","embeddable":true,"href":"https:\/\/radiorevelacionfm.cl\/index.php?rest_route=%2Fwp%2Fv2%2Fcategories&post=15570"},{"taxonomy":"post_tag","embeddable":true,"href":"https:\/\/radiorevelacionfm.cl\/index.php?rest_route=%2Fwp%2Fv2%2Ftags&post=15570"}],"curies":[{"name":"wp","href":"https:\/\/api.w.org\/{rel}","templated":true}]}}