{"id":15563,"date":"2022-04-07T11:08:01","date_gmt":"2022-04-07T14:08:01","guid":{"rendered":"https:\/\/radiorevelacionfm.cl\/?p=15563"},"modified":"2022-04-07T11:08:01","modified_gmt":"2022-04-07T14:08:01","slug":"la-incertidumbre-de-nuestros-jovenes-y-sus-familias-no-puede-continuar","status":"publish","type":"post","link":"https:\/\/radiorevelacionfm.cl\/?p=15563","title":{"rendered":"La incertidumbre de nuestros j\u00f3venes y sus familias no puede continuar"},"content":{"rendered":"<div class=\"flex_column av_one_full  flex_column_div av-zero-column-padding first  avia-builder-el-0  el_before_av_one_full  avia-builder-el-first  \" style='border-radius:0px; '><div  class='avia-image-container  av-styling-    avia-builder-el-1  avia-builder-el-no-sibling  avia-align-center '  itemprop=\"image\" itemscope=\"itemscope\" itemtype=\"https:\/\/schema.org\/ImageObject\"  ><div class='avia-image-container-inner'><div class='avia-image-overlay-wrap'><img decoding=\"async\" class='wp-image-15564 avia-img-lazy-loading-not-15564 avia_image' src=\"https:\/\/radiorevelacionfm.cl\/wp-content\/uploads\/2022\/04\/Nota-Becas-1-1.jpg\" alt='' title='Nota Becas (1) (1)' height=\"600\" width=\"734\"  itemprop=\"thumbnailUrl\" srcset=\"https:\/\/radiorevelacionfm.cl\/wp-content\/uploads\/2022\/04\/Nota-Becas-1-1.jpg 734w, https:\/\/radiorevelacionfm.cl\/wp-content\/uploads\/2022\/04\/Nota-Becas-1-1-300x245.jpg 300w, https:\/\/radiorevelacionfm.cl\/wp-content\/uploads\/2022\/04\/Nota-Becas-1-1-705x576.jpg 705w, https:\/\/radiorevelacionfm.cl\/wp-content\/uploads\/2022\/04\/Nota-Becas-1-1-600x490.jpg 600w\" sizes=\"(max-width: 734px) 100vw, 734px\" \/><\/div><\/div><\/div><\/div><div class=\"flex_column av_one_full  flex_column_div av-zero-column-padding first  avia-builder-el-2  el_after_av_one_full  el_before_av_one_full  column-top-margin\" style='border-radius:0px; '><section class=\"av_textblock_section \"  itemscope=\"itemscope\" itemtype=\"https:\/\/schema.org\/BlogPosting\" itemprop=\"blogPost\" ><div class='avia_textblock  '   itemprop=\"text\" ><p style=\"text-align: center;\"><span style=\"font-size: 18pt;\"><strong>La incertidumbre de nuestros j\u00f3venes y sus familias no puede continuar<\/strong><\/span><\/p>\n<div id=\"gtx-trans\" style=\"position: absolute; left: -50px; top: 4.31534px;\">\n<div class=\"gtx-trans-icon\"><\/div>\n<\/div>\n<\/div><\/section><\/div><div class=\"flex_column av_one_full  flex_column_div av-zero-column-padding first  avia-builder-el-4  el_after_av_one_full  el_before_av_hr  column-top-margin\" style='border-radius:0px; '><section class=\"av_textblock_section \"  itemscope=\"itemscope\" itemtype=\"https:\/\/schema.org\/BlogPosting\" itemprop=\"blogPost\" ><div class='avia_textblock  '   itemprop=\"text\" ><p style=\"text-align: justify;\">Muchos y justos han sido los reclamos por parte de los j\u00f3venes y sus familias al encontrarse con la sorpresa de que no se les hab\u00eda asignado cupo para la Residencia Familiar, no hab\u00eda comida suficiente para los escolares e incluso, aun peor, que las becas de mantenci\u00f3n ser\u00e1n canceladas a fines de junio\/julio. Ante estos hechos las autoridades electas de la provincia de General Carrera han unido fuerzas para presentar su molestia y presionar tanto al ejecutivo regional y nacional en pos de dar pronta soluci\u00f3n a la incertidumbre de sus vecinos. Al respecto Inostroza Parra ha iniciado una serie de acciones con beneficiarios de las becas Junaeb y con los profesionales del servicio en compa\u00f1\u00eda de sus pares. \u201cDesde que asum\u00ed ha sido una tarea el poder dar respuesta a nuestros j\u00f3venes y sus familias, lamentablemente, lo que hab\u00edamos avanzado en conversaciones con el entonces director de la Junaeb Ays\u00e9n qued\u00f3 hoy en nada y estamos esperando reuni\u00f3n con la directora subrogante para retomar conversaciones\u201d. Si bien, se logr\u00f3 aumentar los cupos de residencia familiar, a\u00fan tenemos el problema de la alimentaci\u00f3n de las y los escolares y de las becas de mantenci\u00f3n situaci\u00f3n que afecta a todos los estudiantes de la regi\u00f3n, ante eso la concejera regional por la provincia de Ays\u00e9n, Paola Rodr\u00edguez manifest\u00f3 su preocupaci\u00f3n y compromiso \u201cla provincia no est\u00e1 ajena a esta situaci\u00f3n y vemos con mucha preocupaci\u00f3n lo que est\u00e1 sucediendo con los alimentos en los colegios y adem\u00e1s con el estr\u00e9s de nuestros vecinos al recibir la noticia de que sus hijos no tendr\u00e1n prontamente los pagos de sus becas\u201d de lo anterior, recalc\u00f3 \u201ces impresentable que los estudiantes reciban con tanto desfase este beneficio que les permite dar continuidad a sus estudios\u201d<\/p>\n<p style=\"text-align: justify;\">Estas situaciones no pueden seguir sucediendo y es por lo mismo que los concejales de las comunas de Chile Chico y Rio Ib\u00e1\u00f1ez se sumaron a la iniciativa. Por su parte la concejal \u00c1ngela Valdebenito expuso \u201cencontramos curioso que hasta el momento no contemos con respuesta clara, tenemos 120 familias aproximadamente que cuentan con estos recursos que son aportes significativos para seguir con sus estudios y por supuesto que son aportes importantes para estas familias. Es por esto que como concejal y como madre nos sumamos a esta iniciativa y estamos atentos y pendientes a la reuni\u00f3n con Junaeb\u201d.<\/p>\n<p style=\"text-align: justify;\">Por su parte, Juan Saldivia, concejal de la comuna de Rio Ib\u00e1\u00f1ez hizo hincapi\u00e9 en sumar a las familias a estas gestiones \u201cme quiero sumar a este llamado y tambi\u00e9n invitar a los padres y apoderados para que nos comencemos a organizar, de manera de que esta demanda tambi\u00e9n la podamos llevar hacia las autoridades de nivel regional y nacional si fuese necesario. As\u00ed que en ese sentido, esperemos, tener el respaldo y el apoyo tambi\u00e9n de las familias que hoy d\u00eda se est\u00e1n viendo afectadas con este retraso de los recursos.<\/p>\n<p style=\"text-align: justify;\">Respecto de los atrasos de pagos en las becas, los cupos para alumnos de residencia familiar y\u00a0 de mantenci\u00f3n de Junaeb, se suman tambi\u00e9n otras denuncias de vecinos como la de la familia B\u00e1ez quienes hoy se encuentran con la noticia de que su hija que cursa 4to medio, se le ha decidido suspender el beneficio ya que la Junaeb habr\u00eda cometido un error. La madre de la alumna do\u00f1a Jessica B\u00e1ez al referirse al tema coment\u00f3 \u201cmi hija ten\u00eda la beca ind\u00edgena desde octavo y el a\u00f1o pasado se la cambiaron a la de integraci\u00f3n. Este a\u00f1o cuando quisimos renovar, nos dicen que hab\u00edan cometido un error y nos encontramos con que mi hija no puede recibir ning\u00fan otro beneficio porque se encuentra fuera de plazo\u201d<\/p>\n<p style=\"text-align: justify;\">Finalmente Margarita Alarc\u00f3n, madre y dirigente de la comuna de Chile Chico se refiri\u00f3 a la incertidumbre de no contar con una respuesta concreta de fechas de pago o inclusive de beneficiarios, manifestando que su preocupaci\u00f3n es la misma no solo en la comuna sino que de muchos padres a nivel regional \u201ces el colmo que nuestros hijos se vayan a estudiar y no reciben respuesta, para que piden los correos y todo lo que le piden y no han informado nada. Hay casas donde hay un solo sueldo como en mi caso, y yo quiero que mi hija estudie y salga adelante, los hacen postular con tiempo, entonces cuando va a ser? cuando se regresen a sus casas por no tener la plata. Queremos una respuesta, que sean reales con nosotros y que nos mientan? \u201d<\/p>\n<p style=\"text-align: justify;\">Por su lado la consejera Inostroza refuerza su compromiso con dar respuesta a los vecinos, informando al cierre de esta nota que a\u00fan no recibe respuesta de la directora Subrogante y llama al ejecutivo regional a comprometerse con el futuro de los j\u00f3venes de la regi\u00f3n de Ays\u00e9n \u201cesta situaci\u00f3n no solo debe verse a nivel nacional, los tiempos de espera y las necesidades de nuestros j\u00f3venes no son las mismas que del resto del pa\u00eds y esto no solo debe verse a nivel de gobierno sino tambi\u00e9n deber\u00e1 analizarse con otros actores regionales como la gobernadora, los alcaldes y parlamentarios\u201d.<\/p>\n<\/div><\/section><\/div><div  style='height:50px' class='hr hr-invisible   avia-builder-el-6  el_after_av_one_full  el_before_av_social_share '><span class='hr-inner ' ><span class='hr-inner-style'><\/span><\/span><\/div><\/p>\n<div  class='av-social-sharing-box  avia-builder-el-7  el_after_av_hr  el_before_av_hr  '><div class='av-share-box'><h5 class='av-share-link-description av-no-toc '>Compartir esta noticia<\/h5><ul class='av-share-box-list noLightbox'><li class='av-share-link av-social-link-facebook' ><a target=\"_blank\" aria-label=\"Compartir en Facebook\" href='https:\/\/www.facebook.com\/sharer.php?u=https:\/\/radiorevelacionfm.cl\/?p=15563&#038;t=La%20incertidumbre%20de%20nuestros%20j%C3%B3venes%20y%20sus%20familias%20no%20puede%20continuar' aria-hidden='false' data-av_icon='\ue8f3' data-av_iconfont='entypo-fontello' title='' data-avia-related-tooltip='Compartir en Facebook' rel=\"noopener\"><span class='avia_hidden_link_text'>Compartir en Facebook<\/span><\/a><\/li><li class='av-share-link av-social-link-twitter' ><a target=\"_blank\" aria-label=\"Compartir en Twitter\" href='https:\/\/twitter.com\/share?text=La%20incertidumbre%20de%20nuestros%20j%C3%B3venes%20y%20sus%20familias%20no%20puede%20continuar&#038;url=https:\/\/radiorevelacionfm.cl\/?p=15563' aria-hidden='false' data-av_icon='\ue8f1' data-av_iconfont='entypo-fontello' title='' data-avia-related-tooltip='Compartir en Twitter' rel=\"noopener\"><span class='avia_hidden_link_text'>Compartir en Twitter<\/span><\/a><\/li><li class='av-share-link av-social-link-whatsapp' ><a target=\"_blank\" aria-label=\"Compartir en Whatsapp\" href='https:\/\/api.whatsapp.com\/send?text=https:\/\/radiorevelacionfm.cl\/?p=15563' aria-hidden='false' data-av_icon='\uf232' data-av_iconfont='entypo-fontello' title='' data-avia-related-tooltip='Compartir en Whatsapp' rel=\"noopener\"><span class='avia_hidden_link_text'>Compartir en Whatsapp<\/span><\/a><\/li><li class='av-share-link av-social-link-linkedin' ><a target=\"_blank\" aria-label=\"Compartir en LinkedIn\" href='https:\/\/linkedin.com\/shareArticle?mini=true&#038;title=La%20incertidumbre%20de%20nuestros%20j%C3%B3venes%20y%20sus%20familias%20no%20puede%20continuar&#038;url=https:\/\/radiorevelacionfm.cl\/?p=15563' aria-hidden='false' data-av_icon='\ue8fc' data-av_iconfont='entypo-fontello' title='' data-avia-related-tooltip='Compartir en LinkedIn' rel=\"noopener\"><span class='avia_hidden_link_text'>Compartir en LinkedIn<\/span><\/a><\/li><li class='av-share-link av-social-link-mail' ><a  aria-label=\"Compartir por correo\" href='mailto:?subject=La%20incertidumbre%20de%20nuestros%20j%C3%B3venes%20y%20sus%20familias%20no%20puede%20continuar&#038;body=https:\/\/radiorevelacionfm.cl\/?p=15563' aria-hidden='false' data-av_icon='\ue805' data-av_iconfont='entypo-fontello' title='' data-avia-related-tooltip='Compartir por correo'><span class='avia_hidden_link_text'>Compartir por correo<\/span><\/a><\/li><\/ul><\/div><\/div>\n<div  style='height:50px' class='hr hr-invisible   avia-builder-el-8  el_after_av_social_share  el_before_av_comments_list '><span class='hr-inner ' ><span class='hr-inner-style'><\/span><\/span><\/div>\n<div  class='av-buildercomment  av-blog-meta-html-info-disabled av-blog-meta-tag-disabled  '><\/div>\n","protected":false},"excerpt":{"rendered":"","protected":false},"author":1,"featured_media":15564,"comment_status":"open","ping_status":"open","sticky":false,"template":"","format":"standard","meta":{"footnotes":""},"categories":[38],"tags":[],"class_list":["post-15563","post","type-post","status-publish","format-standard","has-post-thumbnail","hentry","category-regional"],"jetpack_featured_media_url":"https:\/\/radiorevelacionfm.cl\/wp-content\/uploads\/2022\/04\/Nota-Becas-1-1.jpg","_links":{"self":[{"href":"https:\/\/radiorevelacionfm.cl\/index.php?rest_route=\/wp\/v2\/posts\/15563","targetHints":{"allow":["GET"]}}],"collection":[{"href":"https:\/\/radiorevelacionfm.cl\/index.php?rest_route=\/wp\/v2\/posts"}],"about":[{"href":"https:\/\/radiorevelacionfm.cl\/index.php?rest_route=\/wp\/v2\/types\/post"}],"author":[{"embeddable":true,"href":"https:\/\/radiorevelacionfm.cl\/index.php?rest_route=\/wp\/v2\/users\/1"}],"replies":[{"embeddable":true,"href":"https:\/\/radiorevelacionfm.cl\/index.php?rest_route=%2Fwp%2Fv2%2Fcomments&post=15563"}],"version-history":[{"count":2,"href":"https:\/\/radiorevelacionfm.cl\/index.php?rest_route=\/wp\/v2\/posts\/15563\/revisions"}],"predecessor-version":[{"id":15569,"href":"https:\/\/radiorevelacionfm.cl\/index.php?rest_route=\/wp\/v2\/posts\/15563\/revisions\/15569"}],"wp:featuredmedia":[{"embeddable":true,"href":"https:\/\/radiorevelacionfm.cl\/index.php?rest_route=\/wp\/v2\/media\/15564"}],"wp:attachment":[{"href":"https:\/\/radiorevelacionfm.cl\/index.php?rest_route=%2Fwp%2Fv2%2Fmedia&parent=15563"}],"wp:term":[{"taxonomy":"category","embeddable":true,"href":"https:\/\/radiorevelacionfm.cl\/index.php?rest_route=%2Fwp%2Fv2%2Fcategories&post=15563"},{"taxonomy":"post_tag","embeddable":true,"href":"https:\/\/radiorevelacionfm.cl\/index.php?rest_route=%2Fwp%2Fv2%2Ftags&post=15563"}],"curies":[{"name":"wp","href":"https:\/\/api.w.org\/{rel}","templated":true}]}}