{"id":15555,"date":"2022-04-06T22:49:11","date_gmt":"2022-04-07T01:49:11","guid":{"rendered":"https:\/\/radiorevelacionfm.cl\/?p=15555"},"modified":"2022-04-06T22:51:42","modified_gmt":"2022-04-07T01:51:42","slug":"ministro-de-educacion-confirma-termino-del-cae-y-condonacion-de-la-deuda-estudiantil","status":"publish","type":"post","link":"https:\/\/radiorevelacionfm.cl\/?p=15555","title":{"rendered":"Ministro de Educaci\u00f3n confirma t\u00e9rmino del CAE y condonaci\u00f3n de la deuda estudiantil"},"content":{"rendered":"<div class=\"flex_column av_one_full  flex_column_div av-zero-column-padding first  avia-builder-el-0  el_before_av_one_full  avia-builder-el-first  \" style='border-radius:0px; '><div  class='avia-image-container  av-styling-    avia-builder-el-1  avia-builder-el-no-sibling  avia-align-center '  itemprop=\"image\" itemscope=\"itemscope\" itemtype=\"https:\/\/schema.org\/ImageObject\"  ><div class='avia-image-container-inner'><div class='avia-image-overlay-wrap'><img decoding=\"async\" class='wp-image-15556 avia-img-lazy-loading-not-15556 avia_image' src=\"https:\/\/radiorevelacionfm.cl\/wp-content\/uploads\/2022\/04\/Ministro-de-Educacion-1-1.jpg\" alt='' title='Ministro de Educacion (1) (1)' height=\"600\" width=\"847\"  itemprop=\"thumbnailUrl\" srcset=\"https:\/\/radiorevelacionfm.cl\/wp-content\/uploads\/2022\/04\/Ministro-de-Educacion-1-1.jpg 847w, https:\/\/radiorevelacionfm.cl\/wp-content\/uploads\/2022\/04\/Ministro-de-Educacion-1-1-300x213.jpg 300w, https:\/\/radiorevelacionfm.cl\/wp-content\/uploads\/2022\/04\/Ministro-de-Educacion-1-1-768x544.jpg 768w, https:\/\/radiorevelacionfm.cl\/wp-content\/uploads\/2022\/04\/Ministro-de-Educacion-1-1-260x185.jpg 260w, https:\/\/radiorevelacionfm.cl\/wp-content\/uploads\/2022\/04\/Ministro-de-Educacion-1-1-845x600.jpg 845w, https:\/\/radiorevelacionfm.cl\/wp-content\/uploads\/2022\/04\/Ministro-de-Educacion-1-1-705x499.jpg 705w, https:\/\/radiorevelacionfm.cl\/wp-content\/uploads\/2022\/04\/Ministro-de-Educacion-1-1-600x425.jpg 600w\" sizes=\"(max-width: 847px) 100vw, 847px\" \/><\/div><\/div><\/div><\/div>\n<div class=\"flex_column av_one_full  flex_column_div av-zero-column-padding first  avia-builder-el-2  el_after_av_one_full  el_before_av_one_full  column-top-margin\" style='border-radius:0px; '><section class=\"av_textblock_section \"  itemscope=\"itemscope\" itemtype=\"https:\/\/schema.org\/BlogPosting\" itemprop=\"blogPost\" ><div class='avia_textblock  '   itemprop=\"text\" ><p style=\"text-align: center;\"><strong><span style=\"font-size: 18pt;\">Ministro de Educaci\u00f3n confirma t\u00e9rmino del CAE y condonaci\u00f3n de la deuda estudiantil<\/span><\/strong><\/p>\n<div id=\"gtx-trans\" style=\"position: absolute; left: -50px; top: 4.31534px;\">\n<div class=\"gtx-trans-icon\"><\/div>\n<\/div>\n<\/div><\/section><\/div>\n<div class=\"flex_column av_one_full  flex_column_div av-zero-column-padding first  avia-builder-el-4  el_after_av_one_full  el_before_av_hr  column-top-margin\" style='border-radius:0px; '><section class=\"av_textblock_section \"  itemscope=\"itemscope\" itemtype=\"https:\/\/schema.org\/BlogPosting\" itemprop=\"blogPost\" ><div class='avia_textblock  '   itemprop=\"text\" ><p style=\"text-align: justify;\">El ministro de Educaci\u00f3n\u00a0Marco Antonio \u00c1vila\u00a0anunci\u00f3 el\u00a0fin del Cr\u00e9dito con Aval del Estado (CAE)\u00a0y la\u00a0condonaci\u00f3n de la deuda, en medio de su intervenci\u00f3n en la\u00a0Comisi\u00f3n de Educaci\u00f3n de la C\u00e1mara de Diputadas y Diputados.<\/p>\n<p style=\"text-align: justify;\">\u00abAliviaremos la pesada mochila para deudores educativos, pero tambi\u00e9n para el Estado, por medio del fin del CAE y la condonaci\u00f3n de la deuda educativa\u00bb, sostuvo el secretario de Estado.<\/p>\n<p style=\"text-align: justify;\">En esa l\u00ednea, manifest\u00f3 que junto a la\u00a0Dipres\u00a0y al\u00a0Ministerio de Hacienda\u00a0se elaborar\u00e1 una\u00a0propuesta de condonaci\u00f3n, adem\u00e1s de\u00a0avanzar en un instrumento transitorio de reemplazo al CAE.<\/p>\n<p style=\"text-align: justify;\">\u00abEl objetivo ser\u00e1\u00a0reparar universalmente, de forma progresiva, justa y gradual\u00bb, a\u00f1adi\u00f3 el ministro.<\/p>\n<p style=\"text-align: justify;\">Seg\u00fan detall\u00f3 \u00c1vila,\u00a0desde el 2006 a la fecha, la cifra de deudores educacionales suma m\u00e1s de 1.110.000, y manifest\u00f3 que la morosidad asciende a un 48% al 2021, de los cuales el\u00a040% son egresados y un 77% son desertores.<\/p>\n<p style=\"text-align: justify;\">La propuesta de\u00a0condonar el CAE\u00a0y\u00a0dar fin a su existencia\u00a0era una\u00a0de las promesas de campa\u00f1a del\u00a0Presidente Gabriel Boric.<\/p>\n<p style=\"text-align: justify;\">\u00abTenemos un compromiso de programa, pero tambi\u00e9n sabemos qu\u00e9 significa el desarrollo o el despliegue de lo que nosotros entendemos como una\u00a0mala pol\u00edtica de Estado, que\u00a0fue el CAE; que\u00a0permiti\u00f3 el endeudamiento de miles de estudiantes y que tiene que ser resuelto\u00bb, subray\u00f3 el ministro.<\/p>\n<p style=\"text-align: justify;\">En esa l\u00ednea, asegur\u00f3 que en el Gobierno se cree que \u00abesta es una deuda en la que\u00a0podemos hacernos cargo\u00a0con una buena soluci\u00f3n\u00a0y lo que queremos hacer es un proceso de reparaci\u00f3n, que sea progresivo, que sea justo y que sea gradual, porque sabemos que es mucho recurso\u00bb.<\/p>\n<p style=\"text-align: justify;\">\u00abTenemos que hacernos cargo, porque es una demanda social importante\u00bb, a\u00f1adi\u00f3.<\/p>\n<\/div><\/section><\/div><div  style='height:50px' class='hr hr-invisible   avia-builder-el-6  el_after_av_one_full  el_before_av_social_share '><span class='hr-inner ' ><span class='hr-inner-style'><\/span><\/span><\/div><\/p>\n<div  class='av-social-sharing-box  avia-builder-el-7  el_after_av_hr  el_before_av_hr  '><div class='av-share-box'><h5 class='av-share-link-description av-no-toc '>Compartir esta noticia<\/h5><ul class='av-share-box-list noLightbox'><li class='av-share-link av-social-link-facebook' ><a target=\"_blank\" aria-label=\"Compartir en Facebook\" href='https:\/\/www.facebook.com\/sharer.php?u=https:\/\/radiorevelacionfm.cl\/?p=15555&#038;t=Ministro%20de%20Educaci%C3%B3n%20confirma%20t%C3%A9rmino%20del%20CAE%20y%20condonaci%C3%B3n%20de%20la%20deuda%20estudiantil' aria-hidden='false' data-av_icon='\ue8f3' data-av_iconfont='entypo-fontello' title='' data-avia-related-tooltip='Compartir en Facebook' rel=\"noopener\"><span class='avia_hidden_link_text'>Compartir en Facebook<\/span><\/a><\/li><li class='av-share-link av-social-link-twitter' ><a target=\"_blank\" aria-label=\"Compartir en Twitter\" href='https:\/\/twitter.com\/share?text=Ministro%20de%20Educaci%C3%B3n%20confirma%20t%C3%A9rmino%20del%20CAE%20y%20condonaci%C3%B3n%20de%20la%20deuda%20estudiantil&#038;url=https:\/\/radiorevelacionfm.cl\/?p=15555' aria-hidden='false' data-av_icon='\ue8f1' data-av_iconfont='entypo-fontello' title='' data-avia-related-tooltip='Compartir en Twitter' rel=\"noopener\"><span class='avia_hidden_link_text'>Compartir en Twitter<\/span><\/a><\/li><li class='av-share-link av-social-link-whatsapp' ><a target=\"_blank\" aria-label=\"Compartir en Whatsapp\" href='https:\/\/api.whatsapp.com\/send?text=https:\/\/radiorevelacionfm.cl\/?p=15555' aria-hidden='false' data-av_icon='\uf232' data-av_iconfont='entypo-fontello' title='' data-avia-related-tooltip='Compartir en Whatsapp' rel=\"noopener\"><span class='avia_hidden_link_text'>Compartir en Whatsapp<\/span><\/a><\/li><li class='av-share-link av-social-link-linkedin' ><a target=\"_blank\" aria-label=\"Compartir en LinkedIn\" href='https:\/\/linkedin.com\/shareArticle?mini=true&#038;title=Ministro%20de%20Educaci%C3%B3n%20confirma%20t%C3%A9rmino%20del%20CAE%20y%20condonaci%C3%B3n%20de%20la%20deuda%20estudiantil&#038;url=https:\/\/radiorevelacionfm.cl\/?p=15555' aria-hidden='false' data-av_icon='\ue8fc' data-av_iconfont='entypo-fontello' title='' data-avia-related-tooltip='Compartir en LinkedIn' rel=\"noopener\"><span class='avia_hidden_link_text'>Compartir en LinkedIn<\/span><\/a><\/li><li class='av-share-link av-social-link-mail' ><a  aria-label=\"Compartir por correo\" href='mailto:?subject=Ministro%20de%20Educaci%C3%B3n%20confirma%20t%C3%A9rmino%20del%20CAE%20y%20condonaci%C3%B3n%20de%20la%20deuda%20estudiantil&#038;body=https:\/\/radiorevelacionfm.cl\/?p=15555' aria-hidden='false' data-av_icon='\ue805' data-av_iconfont='entypo-fontello' title='' data-avia-related-tooltip='Compartir por correo'><span class='avia_hidden_link_text'>Compartir por correo<\/span><\/a><\/li><\/ul><\/div><\/div>\n<div  style='height:50px' class='hr hr-invisible   avia-builder-el-8  el_after_av_social_share  el_before_av_comments_list '><span class='hr-inner ' ><span class='hr-inner-style'><\/span><\/span><\/div>\n<div  class='av-buildercomment  av-blog-meta-html-info-disabled av-blog-meta-tag-disabled  '><\/div>\n","protected":false},"excerpt":{"rendered":"","protected":false},"author":1,"featured_media":15556,"comment_status":"open","ping_status":"open","sticky":false,"template":"","format":"standard","meta":{"footnotes":""},"categories":[49],"tags":[],"class_list":["post-15555","post","type-post","status-publish","format-standard","has-post-thumbnail","hentry","category-educacion"],"jetpack_featured_media_url":"https:\/\/radiorevelacionfm.cl\/wp-content\/uploads\/2022\/04\/Ministro-de-Educacion-1-1.jpg","_links":{"self":[{"href":"https:\/\/radiorevelacionfm.cl\/index.php?rest_route=\/wp\/v2\/posts\/15555","targetHints":{"allow":["GET"]}}],"collection":[{"href":"https:\/\/radiorevelacionfm.cl\/index.php?rest_route=\/wp\/v2\/posts"}],"about":[{"href":"https:\/\/radiorevelacionfm.cl\/index.php?rest_route=\/wp\/v2\/types\/post"}],"author":[{"embeddable":true,"href":"https:\/\/radiorevelacionfm.cl\/index.php?rest_route=\/wp\/v2\/users\/1"}],"replies":[{"embeddable":true,"href":"https:\/\/radiorevelacionfm.cl\/index.php?rest_route=%2Fwp%2Fv2%2Fcomments&post=15555"}],"version-history":[{"count":3,"href":"https:\/\/radiorevelacionfm.cl\/index.php?rest_route=\/wp\/v2\/posts\/15555\/revisions"}],"predecessor-version":[{"id":15558,"href":"https:\/\/radiorevelacionfm.cl\/index.php?rest_route=\/wp\/v2\/posts\/15555\/revisions\/15558"}],"wp:featuredmedia":[{"embeddable":true,"href":"https:\/\/radiorevelacionfm.cl\/index.php?rest_route=\/wp\/v2\/media\/15556"}],"wp:attachment":[{"href":"https:\/\/radiorevelacionfm.cl\/index.php?rest_route=%2Fwp%2Fv2%2Fmedia&parent=15555"}],"wp:term":[{"taxonomy":"category","embeddable":true,"href":"https:\/\/radiorevelacionfm.cl\/index.php?rest_route=%2Fwp%2Fv2%2Fcategories&post=15555"},{"taxonomy":"post_tag","embeddable":true,"href":"https:\/\/radiorevelacionfm.cl\/index.php?rest_route=%2Fwp%2Fv2%2Ftags&post=15555"}],"curies":[{"name":"wp","href":"https:\/\/api.w.org\/{rel}","templated":true}]}}