{"id":15552,"date":"2022-04-07T10:38:50","date_gmt":"2022-04-07T13:38:50","guid":{"rendered":"https:\/\/radiorevelacionfm.cl\/?p=15552"},"modified":"2022-04-07T10:38:50","modified_gmt":"2022-04-07T13:38:50","slug":"evento-reunira-a-los-mejores-escaladores-de-la-region-de-aysen-en-el-pre-master-de-boulder-2022","status":"publish","type":"post","link":"https:\/\/radiorevelacionfm.cl\/?p=15552","title":{"rendered":"Evento reunir\u00e1 a los mejores escaladores de la regi\u00f3n de Ays\u00e9n en el Pre Master de Boulder 2022"},"content":{"rendered":"<div class=\"flex_column av_one_full  flex_column_div av-zero-column-padding first  avia-builder-el-0  el_before_av_one_full  avia-builder-el-first  \" style='border-radius:0px; '><div  class='avia-image-container  av-styling-    avia-builder-el-1  avia-builder-el-no-sibling  avia-align-center '  itemprop=\"image\" itemscope=\"itemscope\" itemtype=\"https:\/\/schema.org\/ImageObject\"  ><div class='avia-image-container-inner'><div class='avia-image-overlay-wrap'><img decoding=\"async\" class='wp-image-15553 avia-img-lazy-loading-not-15553 avia_image' src=\"https:\/\/radiorevelacionfm.cl\/wp-content\/uploads\/2022\/04\/Foto-escalando1-1-1.jpg\" alt='' title='Foto escalando1 (1) (1)' height=\"600\" width=\"643\"  itemprop=\"thumbnailUrl\" srcset=\"https:\/\/radiorevelacionfm.cl\/wp-content\/uploads\/2022\/04\/Foto-escalando1-1-1.jpg 643w, https:\/\/radiorevelacionfm.cl\/wp-content\/uploads\/2022\/04\/Foto-escalando1-1-1-300x280.jpg 300w, https:\/\/radiorevelacionfm.cl\/wp-content\/uploads\/2022\/04\/Foto-escalando1-1-1-600x560.jpg 600w\" sizes=\"(max-width: 643px) 100vw, 643px\" \/><\/div><\/div><\/div><\/div><div class=\"flex_column av_one_full  flex_column_div av-zero-column-padding first  avia-builder-el-2  el_after_av_one_full  el_before_av_one_full  column-top-margin\" style='border-radius:0px; '><section class=\"av_textblock_section \"  itemscope=\"itemscope\" itemtype=\"https:\/\/schema.org\/BlogPosting\" itemprop=\"blogPost\" ><div class='avia_textblock  '   itemprop=\"text\" ><p style=\"text-align: center;\"><strong><span style=\"font-size: 18pt;\">Evento reunir\u00e1 a los mejores escaladores de la regi\u00f3n de Ays\u00e9n en el Pre Master de Boulder 2022<\/span><\/strong><\/p>\n<div id=\"gtx-trans\" style=\"position: absolute; left: -50px; top: 4.31534px;\">\n<div class=\"gtx-trans-icon\"><\/div>\n<\/div>\n<\/div><\/section><\/div><div class=\"flex_column av_one_full  flex_column_div av-zero-column-padding first  avia-builder-el-4  el_after_av_one_full  el_before_av_hr  column-top-margin\" style='border-radius:0px; '><section class=\"av_textblock_section \"  itemscope=\"itemscope\" itemtype=\"https:\/\/schema.org\/BlogPosting\" itemprop=\"blogPost\" ><div class='avia_textblock  '   itemprop=\"text\" ><p style=\"text-align: justify;\">Un evento de primer nivel reunir\u00e1 a los mejores escaladores de la regi\u00f3n de Ays\u00e9n, en el 13\u00b0 Pre Master de Boulder. La cita es el s\u00e1bado 9 de abril, desde las 09:00 horas, en el centro de escalada Kosten Boulder, espacio deportivo dedicado a la ense\u00f1anza y promoci\u00f3n de la escalada en modalidad de Boulder, ubicado en Diego Portales 227, ciudad de Coyhaique.<\/p>\n<p style=\"text-align: justify;\">Esta competencia, organizada por The North Face, es una clasificatoria a un gran evento de car\u00e1cter internacional a desarrollarse en el mes de noviembre en Santiago, al finalizar la gira por 6 gimnasios de escalada de todo el pa\u00eds. En esta ocasi\u00f3n, el evento contar\u00e1 con la participaci\u00f3n de Terapias Canadienses, Centro conformado por profesionales especializados en fisioterapia integral, dedicados al alivio del dolor cr\u00f3nico en m\u00fasculos, nervios, articulaciones y restricciones de movilidad, con t\u00e9cnicas no invasivas y naturales como la acupuntura sin agujas. Los expertos estar\u00e1n ofreciendo acondicionamiento f\u00edsico a los escaladores presentes en la jornada, para que realicen una performance de calidad y segura, evitando lesiones.<\/p>\n<p style=\"text-align: justify;\">\u201cEstamos muy felices con la invitaci\u00f3n para ser parte de este evento deportivo. Tenemos bastantes pacientes que son escaladores o realizan otros deportes similares, por lo mismo, sabemos en qu\u00e9 partes del cuerpo tratarlos y c\u00f3mo ayudarlos a tener un mejor rendimiento con nuestra fisioterapia integral. Estamos muy motivados, es nuestra primera colaboraci\u00f3n de este tipo, y estamos muy disponibles para futuras invitaciones a otros eventos deportivos tambi\u00e9n\u201d, comenta Joel Turner, fundador del Centro ubicado en Jos\u00e9 Miguel Carrera 257-of 310, Coyhaique.<\/p>\n<p style=\"text-align: justify;\">En esta \u201cfiesta de la escalada\u201d para la regi\u00f3n de Ays\u00e9n, que tambi\u00e9n cuenta con el apoyo del restaurant La Esquina Tropera y la organizaci\u00f3n Acceso PanAm, podr\u00e1n participar escaladores, damas y varones, mayores de 16 a\u00f1os que deseen medir su nivel deportivo y competir por alguno de los 4 cupos al gran evento principal de noviembre. Las inscripciones la pueden realizar a trav\u00e9s del siguiente link:<a href=\"https:\/\/welcu.com\/thenorthface\/pre-master-de-boulder-coyhaique\"> https:\/\/welcu.com\/thenorthface\/pre-master-de-boulder-coyhaique<\/a><\/p>\n<p style=\"text-align: justify;\">Cabe mencionar que, Kosten Boulder, desde el a\u00f1o 2014 ha sido uno de los principales promotores del boulder en Coyhaique. Primero, bajo el nombre de Alianza Training y, a contar del 2020, como parte de un proyecto de promoci\u00f3n de la actividad f\u00edsica y la vida sana, llamado Espacio Kosten. Hoy cuenta con uno de los mejores boulders del pa\u00eds, con m\u00e1s de 270 mts2 de superficie escalable, colchonetas de alta densidad, una propuesta moderna de bloques de escalada, la cual se modifica mensualmente para entregar dinamismo y motivaci\u00f3n a los deportistas, y un equipo de profesionales expertos y amantes de esta disciplina.<\/p>\n<p style=\"text-align: justify;\">Para todos los interesados, tanto en la escalada como en la fisioterapia integral que se unen para este evento regional, pueden encontrar m\u00e1s informaci\u00f3n sobre los servicios, tanto de circuitos de escalada como de tratamientos de salud y evaluaciones gratuitas disponibles, en sus redes sociales, Instagram y Facebook: Kosten Boulder y Terapias Canadienses.<\/p>\n<\/div><\/section><\/div><div  style='height:50px' class='hr hr-invisible   avia-builder-el-6  el_after_av_one_full  el_before_av_social_share '><span class='hr-inner ' ><span class='hr-inner-style'><\/span><\/span><\/div><\/p>\n<div  class='av-social-sharing-box  avia-builder-el-7  el_after_av_hr  el_before_av_hr  '><div class='av-share-box'><h5 class='av-share-link-description av-no-toc '>Compartir esta noticia<\/h5><ul class='av-share-box-list noLightbox'><li class='av-share-link av-social-link-facebook' ><a target=\"_blank\" aria-label=\"Compartir en Facebook\" href='https:\/\/www.facebook.com\/sharer.php?u=https:\/\/radiorevelacionfm.cl\/?p=15552&#038;t=Evento%20reunir%C3%A1%20a%20los%20mejores%20escaladores%20de%20la%20regi%C3%B3n%20de%20Ays%C3%A9n%20en%20el%20Pre%20Master%20de%20Boulder%202022' aria-hidden='false' data-av_icon='\ue8f3' data-av_iconfont='entypo-fontello' title='' data-avia-related-tooltip='Compartir en Facebook' rel=\"noopener\"><span class='avia_hidden_link_text'>Compartir en Facebook<\/span><\/a><\/li><li class='av-share-link av-social-link-twitter' ><a target=\"_blank\" aria-label=\"Compartir en Twitter\" href='https:\/\/twitter.com\/share?text=Evento%20reunir%C3%A1%20a%20los%20mejores%20escaladores%20de%20la%20regi%C3%B3n%20de%20Ays%C3%A9n%20en%20el%20Pre%20Master%20de%20Boulder%202022&#038;url=https:\/\/radiorevelacionfm.cl\/?p=15552' aria-hidden='false' data-av_icon='\ue8f1' data-av_iconfont='entypo-fontello' title='' data-avia-related-tooltip='Compartir en Twitter' rel=\"noopener\"><span class='avia_hidden_link_text'>Compartir en Twitter<\/span><\/a><\/li><li class='av-share-link av-social-link-whatsapp' ><a target=\"_blank\" aria-label=\"Compartir en Whatsapp\" href='https:\/\/api.whatsapp.com\/send?text=https:\/\/radiorevelacionfm.cl\/?p=15552' aria-hidden='false' data-av_icon='\uf232' data-av_iconfont='entypo-fontello' title='' data-avia-related-tooltip='Compartir en Whatsapp' rel=\"noopener\"><span class='avia_hidden_link_text'>Compartir en Whatsapp<\/span><\/a><\/li><li class='av-share-link av-social-link-linkedin' ><a target=\"_blank\" aria-label=\"Compartir en LinkedIn\" href='https:\/\/linkedin.com\/shareArticle?mini=true&#038;title=Evento%20reunir%C3%A1%20a%20los%20mejores%20escaladores%20de%20la%20regi%C3%B3n%20de%20Ays%C3%A9n%20en%20el%20Pre%20Master%20de%20Boulder%202022&#038;url=https:\/\/radiorevelacionfm.cl\/?p=15552' aria-hidden='false' data-av_icon='\ue8fc' data-av_iconfont='entypo-fontello' title='' data-avia-related-tooltip='Compartir en LinkedIn' rel=\"noopener\"><span class='avia_hidden_link_text'>Compartir en LinkedIn<\/span><\/a><\/li><li class='av-share-link av-social-link-mail' ><a  aria-label=\"Compartir por correo\" href='mailto:?subject=Evento%20reunir%C3%A1%20a%20los%20mejores%20escaladores%20de%20la%20regi%C3%B3n%20de%20Ays%C3%A9n%20en%20el%20Pre%20Master%20de%20Boulder%202022&#038;body=https:\/\/radiorevelacionfm.cl\/?p=15552' aria-hidden='false' data-av_icon='\ue805' data-av_iconfont='entypo-fontello' title='' data-avia-related-tooltip='Compartir por correo'><span class='avia_hidden_link_text'>Compartir por correo<\/span><\/a><\/li><\/ul><\/div><\/div>\n<div  style='height:50px' class='hr hr-invisible   avia-builder-el-8  el_after_av_social_share  el_before_av_comments_list '><span class='hr-inner ' ><span class='hr-inner-style'><\/span><\/span><\/div>\n<div  class='av-buildercomment  av-blog-meta-html-info-disabled av-blog-meta-tag-disabled  '><\/div>\n","protected":false},"excerpt":{"rendered":"","protected":false},"author":1,"featured_media":15553,"comment_status":"open","ping_status":"open","sticky":false,"template":"","format":"standard","meta":{"footnotes":""},"categories":[40],"tags":[],"class_list":["post-15552","post","type-post","status-publish","format-standard","has-post-thumbnail","hentry","category-deportes"],"jetpack_featured_media_url":"https:\/\/radiorevelacionfm.cl\/wp-content\/uploads\/2022\/04\/Foto-escalando1-1-1.jpg","_links":{"self":[{"href":"https:\/\/radiorevelacionfm.cl\/index.php?rest_route=\/wp\/v2\/posts\/15552","targetHints":{"allow":["GET"]}}],"collection":[{"href":"https:\/\/radiorevelacionfm.cl\/index.php?rest_route=\/wp\/v2\/posts"}],"about":[{"href":"https:\/\/radiorevelacionfm.cl\/index.php?rest_route=\/wp\/v2\/types\/post"}],"author":[{"embeddable":true,"href":"https:\/\/radiorevelacionfm.cl\/index.php?rest_route=\/wp\/v2\/users\/1"}],"replies":[{"embeddable":true,"href":"https:\/\/radiorevelacionfm.cl\/index.php?rest_route=%2Fwp%2Fv2%2Fcomments&post=15552"}],"version-history":[{"count":2,"href":"https:\/\/radiorevelacionfm.cl\/index.php?rest_route=\/wp\/v2\/posts\/15552\/revisions"}],"predecessor-version":[{"id":15568,"href":"https:\/\/radiorevelacionfm.cl\/index.php?rest_route=\/wp\/v2\/posts\/15552\/revisions\/15568"}],"wp:featuredmedia":[{"embeddable":true,"href":"https:\/\/radiorevelacionfm.cl\/index.php?rest_route=\/wp\/v2\/media\/15553"}],"wp:attachment":[{"href":"https:\/\/radiorevelacionfm.cl\/index.php?rest_route=%2Fwp%2Fv2%2Fmedia&parent=15552"}],"wp:term":[{"taxonomy":"category","embeddable":true,"href":"https:\/\/radiorevelacionfm.cl\/index.php?rest_route=%2Fwp%2Fv2%2Fcategories&post=15552"},{"taxonomy":"post_tag","embeddable":true,"href":"https:\/\/radiorevelacionfm.cl\/index.php?rest_route=%2Fwp%2Fv2%2Ftags&post=15552"}],"curies":[{"name":"wp","href":"https:\/\/api.w.org\/{rel}","templated":true}]}}