{"id":15549,"date":"2022-04-06T19:00:19","date_gmt":"2022-04-06T22:00:19","guid":{"rendered":"https:\/\/radiorevelacionfm.cl\/?p=15549"},"modified":"2022-04-06T23:21:25","modified_gmt":"2022-04-07T02:21:25","slug":"carroza-funebre-volco-en-accidente-ocurrido-en-sector-puente-dona-dora","status":"publish","type":"post","link":"https:\/\/radiorevelacionfm.cl\/?p=15549","title":{"rendered":"Carroza f\u00fanebre volc\u00f3 en accidente ocurrido en sector puente Do\u00f1a Dora"},"content":{"rendered":"<div class=\"flex_column av_one_full  flex_column_div av-zero-column-padding first  avia-builder-el-0  el_before_av_one_full  avia-builder-el-first  \" style='border-radius:0px; '><div  class='avia-image-container  av-styling-    avia-builder-el-1  avia-builder-el-no-sibling  avia-align-center '  itemprop=\"image\" itemscope=\"itemscope\" itemtype=\"https:\/\/schema.org\/ImageObject\"  ><div class='avia-image-container-inner'><div class='avia-image-overlay-wrap'><img decoding=\"async\" class='wp-image-15550 avia-img-lazy-loading-not-15550 avia_image' src=\"https:\/\/radiorevelacionfm.cl\/wp-content\/uploads\/2022\/04\/daef0162-5b3a-4ab0-8a5b-13c4b582aa31-1.jpg\" alt='' title='daef0162-5b3a-4ab0-8a5b-13c4b582aa31 (1)' height=\"600\" width=\"800\"  itemprop=\"thumbnailUrl\" srcset=\"https:\/\/radiorevelacionfm.cl\/wp-content\/uploads\/2022\/04\/daef0162-5b3a-4ab0-8a5b-13c4b582aa31-1.jpg 800w, https:\/\/radiorevelacionfm.cl\/wp-content\/uploads\/2022\/04\/daef0162-5b3a-4ab0-8a5b-13c4b582aa31-1-300x225.jpg 300w, https:\/\/radiorevelacionfm.cl\/wp-content\/uploads\/2022\/04\/daef0162-5b3a-4ab0-8a5b-13c4b582aa31-1-768x576.jpg 768w, https:\/\/radiorevelacionfm.cl\/wp-content\/uploads\/2022\/04\/daef0162-5b3a-4ab0-8a5b-13c4b582aa31-1-705x529.jpg 705w, https:\/\/radiorevelacionfm.cl\/wp-content\/uploads\/2022\/04\/daef0162-5b3a-4ab0-8a5b-13c4b582aa31-1-600x450.jpg 600w\" sizes=\"(max-width: 800px) 100vw, 800px\" \/><\/div><\/div><\/div><\/div>\n<div class=\"flex_column av_one_full  flex_column_div av-zero-column-padding first  avia-builder-el-2  el_after_av_one_full  el_before_av_one_full  column-top-margin\" style='border-radius:0px; '><section class=\"av_textblock_section \"  itemscope=\"itemscope\" itemtype=\"https:\/\/schema.org\/BlogPosting\" itemprop=\"blogPost\" ><div class='avia_textblock  '   itemprop=\"text\" ><p style=\"text-align: center;\"><strong><span style=\"font-size: 18pt;\">Carroza f\u00fanebre volc\u00f3 en accidente ocurrido en sector puente Do\u00f1a Dora<\/span><\/strong><\/p>\n<div id=\"gtx-trans\" style=\"position: absolute; left: -50px; top: 4.31534px;\">\n<div class=\"gtx-trans-icon\"><\/div>\n<\/div>\n<\/div><\/section><\/div><div class=\"flex_column av_one_full  flex_column_div av-zero-column-padding first  avia-builder-el-4  el_after_av_one_full  el_before_av_hr  column-top-margin\" style='border-radius:0px; '><section class=\"av_textblock_section \"  itemscope=\"itemscope\" itemtype=\"https:\/\/schema.org\/BlogPosting\" itemprop=\"blogPost\" ><div class='avia_textblock  '   itemprop=\"text\" ><p class=\"v1MsoNormal\" style=\"text-align: justify;\">Por causas que son materia de investigaci\u00f3n, una carroza f\u00fanebre volc\u00f3 en horas de esta ma\u00f1ana en el sector del puente Do\u00f1a Dora, ubicado a la altura del km. 97 de la Ruta 7 sur cerca de Villa Ma\u00f1ihuales, lugar al cual se traslad\u00f3 personal del Ret\u00e9n de Carabineros de esta localidad.<\/p>\n<p class=\"v1MsoNormal\" style=\"text-align: justify;\">Tras el accidente, el veh\u00edculo qued\u00f3 a un costado de la v\u00eda \u2013en la salida de una curva- a metros de precipitarse a las aguas del r\u00edo Ma\u00f1ihuales, resultando con diversos da\u00f1os en su estructura, seg\u00fan constat\u00f3 Carabineros en el lugar.<\/p>\n<p class=\"v1MsoNormal\" style=\"text-align: justify;\">\u00abEl personal policial realiz\u00f3 las primeras indagatorias verificando que en el lugar no habr\u00eda personas lesionadas u ocupantes, por lo que tambi\u00e9n son parte de las indagatorias propias de este incidente\u00bb, expres\u00f3 el Capit\u00e1n Jaime Esparza, Subcomisario de los Servicios de la 2da. Comisar\u00eda de Puerto Ays\u00e9n.<\/p>\n<p class=\"v1MsoNormal\" style=\"text-align: justify;\">Dadas las adversas condiciones clim\u00e1ticas que afectan a la regi\u00f3n, el Oficial de Carabineros llam\u00f3 a los conductores a extremar las medidas de precauci\u00f3n junto con planificar sus desplazamientos en atenci\u00f3n a las condiciones de pavimento resbaladizo producto de las precipitaciones que se registran en diversos puntos del territorio.<\/p>\n<\/div><\/section><\/div><\/p>\n<div  style='height:50px' class='hr hr-invisible   avia-builder-el-6  el_after_av_one_full  el_before_av_social_share '><span class='hr-inner ' ><span class='hr-inner-style'><\/span><\/span><\/div>\n<div  class='av-social-sharing-box  avia-builder-el-7  el_after_av_hr  el_before_av_hr  '><div class='av-share-box'><h5 class='av-share-link-description av-no-toc '>Compartir esta noticia<\/h5><ul class='av-share-box-list noLightbox'><li class='av-share-link av-social-link-facebook' ><a target=\"_blank\" aria-label=\"Compartir en Facebook\" href='https:\/\/www.facebook.com\/sharer.php?u=https:\/\/radiorevelacionfm.cl\/?p=15549&#038;t=Carroza%20f%C3%BAnebre%20volc%C3%B3%20en%20accidente%20ocurrido%20en%20sector%20puente%20Do%C3%B1a%20Dora' aria-hidden='false' data-av_icon='\ue8f3' data-av_iconfont='entypo-fontello' title='' data-avia-related-tooltip='Compartir en Facebook' rel=\"noopener\"><span class='avia_hidden_link_text'>Compartir en Facebook<\/span><\/a><\/li><li class='av-share-link av-social-link-twitter' ><a target=\"_blank\" aria-label=\"Compartir en Twitter\" href='https:\/\/twitter.com\/share?text=Carroza%20f%C3%BAnebre%20volc%C3%B3%20en%20accidente%20ocurrido%20en%20sector%20puente%20Do%C3%B1a%20Dora&#038;url=https:\/\/radiorevelacionfm.cl\/?p=15549' aria-hidden='false' data-av_icon='\ue8f1' data-av_iconfont='entypo-fontello' title='' data-avia-related-tooltip='Compartir en Twitter' rel=\"noopener\"><span class='avia_hidden_link_text'>Compartir en Twitter<\/span><\/a><\/li><li class='av-share-link av-social-link-whatsapp' ><a target=\"_blank\" aria-label=\"Compartir en Whatsapp\" href='https:\/\/api.whatsapp.com\/send?text=https:\/\/radiorevelacionfm.cl\/?p=15549' aria-hidden='false' data-av_icon='\uf232' data-av_iconfont='entypo-fontello' title='' data-avia-related-tooltip='Compartir en Whatsapp' rel=\"noopener\"><span class='avia_hidden_link_text'>Compartir en Whatsapp<\/span><\/a><\/li><li class='av-share-link av-social-link-linkedin' ><a target=\"_blank\" aria-label=\"Compartir en LinkedIn\" href='https:\/\/linkedin.com\/shareArticle?mini=true&#038;title=Carroza%20f%C3%BAnebre%20volc%C3%B3%20en%20accidente%20ocurrido%20en%20sector%20puente%20Do%C3%B1a%20Dora&#038;url=https:\/\/radiorevelacionfm.cl\/?p=15549' aria-hidden='false' data-av_icon='\ue8fc' data-av_iconfont='entypo-fontello' title='' data-avia-related-tooltip='Compartir en LinkedIn' rel=\"noopener\"><span class='avia_hidden_link_text'>Compartir en LinkedIn<\/span><\/a><\/li><li class='av-share-link av-social-link-mail' ><a  aria-label=\"Compartir por correo\" href='mailto:?subject=Carroza%20f%C3%BAnebre%20volc%C3%B3%20en%20accidente%20ocurrido%20en%20sector%20puente%20Do%C3%B1a%20Dora&#038;body=https:\/\/radiorevelacionfm.cl\/?p=15549' aria-hidden='false' data-av_icon='\ue805' data-av_iconfont='entypo-fontello' title='' data-avia-related-tooltip='Compartir por correo'><span class='avia_hidden_link_text'>Compartir por correo<\/span><\/a><\/li><\/ul><\/div><\/div>\n<div  style='height:50px' class='hr hr-invisible   avia-builder-el-8  el_after_av_social_share  el_before_av_comments_list '><span class='hr-inner ' ><span class='hr-inner-style'><\/span><\/span><\/div>\n<div  class='av-buildercomment  av-blog-meta-html-info-disabled av-blog-meta-tag-disabled  '><\/div>\n","protected":false},"excerpt":{"rendered":"","protected":false},"author":1,"featured_media":15550,"comment_status":"open","ping_status":"open","sticky":false,"template":"","format":"standard","meta":{"footnotes":""},"categories":[36],"tags":[],"class_list":["post-15549","post","type-post","status-publish","format-standard","has-post-thumbnail","hentry","category-policial"],"jetpack_featured_media_url":"https:\/\/radiorevelacionfm.cl\/wp-content\/uploads\/2022\/04\/daef0162-5b3a-4ab0-8a5b-13c4b582aa31-1.jpg","_links":{"self":[{"href":"https:\/\/radiorevelacionfm.cl\/index.php?rest_route=\/wp\/v2\/posts\/15549","targetHints":{"allow":["GET"]}}],"collection":[{"href":"https:\/\/radiorevelacionfm.cl\/index.php?rest_route=\/wp\/v2\/posts"}],"about":[{"href":"https:\/\/radiorevelacionfm.cl\/index.php?rest_route=\/wp\/v2\/types\/post"}],"author":[{"embeddable":true,"href":"https:\/\/radiorevelacionfm.cl\/index.php?rest_route=\/wp\/v2\/users\/1"}],"replies":[{"embeddable":true,"href":"https:\/\/radiorevelacionfm.cl\/index.php?rest_route=%2Fwp%2Fv2%2Fcomments&post=15549"}],"version-history":[{"count":3,"href":"https:\/\/radiorevelacionfm.cl\/index.php?rest_route=\/wp\/v2\/posts\/15549\/revisions"}],"predecessor-version":[{"id":15562,"href":"https:\/\/radiorevelacionfm.cl\/index.php?rest_route=\/wp\/v2\/posts\/15549\/revisions\/15562"}],"wp:featuredmedia":[{"embeddable":true,"href":"https:\/\/radiorevelacionfm.cl\/index.php?rest_route=\/wp\/v2\/media\/15550"}],"wp:attachment":[{"href":"https:\/\/radiorevelacionfm.cl\/index.php?rest_route=%2Fwp%2Fv2%2Fmedia&parent=15549"}],"wp:term":[{"taxonomy":"category","embeddable":true,"href":"https:\/\/radiorevelacionfm.cl\/index.php?rest_route=%2Fwp%2Fv2%2Fcategories&post=15549"},{"taxonomy":"post_tag","embeddable":true,"href":"https:\/\/radiorevelacionfm.cl\/index.php?rest_route=%2Fwp%2Fv2%2Ftags&post=15549"}],"curies":[{"name":"wp","href":"https:\/\/api.w.org\/{rel}","templated":true}]}}