{"id":15529,"date":"2022-04-06T19:07:07","date_gmt":"2022-04-06T22:07:07","guid":{"rendered":"https:\/\/radiorevelacionfm.cl\/?p=15529"},"modified":"2022-04-06T19:07:07","modified_gmt":"2022-04-06T22:07:07","slug":"convenio-entre-municipio-y-corporacion-asistencia-judicial-fortalecera-atencion-y-asesoria-legal-a-vecinos-de-la-comuna-de-cisnes","status":"publish","type":"post","link":"https:\/\/radiorevelacionfm.cl\/?p=15529","title":{"rendered":"Convenio entre Municipio y Corporaci\u00f3n Asistencia Judicial fortalecer\u00e1 atenci\u00f3n y asesor\u00eda legal a vecinos de la comuna de Cisnes"},"content":{"rendered":"<div class=\"flex_column av_one_full  flex_column_div av-zero-column-padding first  avia-builder-el-0  el_before_av_one_full  avia-builder-el-first  \" style='border-radius:0px; '><div  class='avia-image-container  av-styling-    avia-builder-el-1  avia-builder-el-no-sibling  avia-align-center '  itemprop=\"image\" itemscope=\"itemscope\" itemtype=\"https:\/\/schema.org\/ImageObject\"  ><div class='avia-image-container-inner'><div class='avia-image-overlay-wrap'><img decoding=\"async\" class='wp-image-15530 avia-img-lazy-loading-not-15530 avia_image' src=\"https:\/\/radiorevelacionfm.cl\/wp-content\/uploads\/2022\/04\/CAJ-MUNI-1-1-1.jpg\" alt='' title='CAJ MUNI 1 (1) (1)' height=\"600\" width=\"1067\"  itemprop=\"thumbnailUrl\" srcset=\"https:\/\/radiorevelacionfm.cl\/wp-content\/uploads\/2022\/04\/CAJ-MUNI-1-1-1.jpg 1067w, https:\/\/radiorevelacionfm.cl\/wp-content\/uploads\/2022\/04\/CAJ-MUNI-1-1-1-300x169.jpg 300w, https:\/\/radiorevelacionfm.cl\/wp-content\/uploads\/2022\/04\/CAJ-MUNI-1-1-1-1030x579.jpg 1030w, https:\/\/radiorevelacionfm.cl\/wp-content\/uploads\/2022\/04\/CAJ-MUNI-1-1-1-768x432.jpg 768w, https:\/\/radiorevelacionfm.cl\/wp-content\/uploads\/2022\/04\/CAJ-MUNI-1-1-1-705x396.jpg 705w, https:\/\/radiorevelacionfm.cl\/wp-content\/uploads\/2022\/04\/CAJ-MUNI-1-1-1-600x337.jpg 600w\" sizes=\"(max-width: 1067px) 100vw, 1067px\" \/><\/div><\/div><\/div><\/div><div class=\"flex_column av_one_full  flex_column_div av-zero-column-padding first  avia-builder-el-2  el_after_av_one_full  el_before_av_one_full  column-top-margin\" style='border-radius:0px; '><section class=\"av_textblock_section \"  itemscope=\"itemscope\" itemtype=\"https:\/\/schema.org\/BlogPosting\" itemprop=\"blogPost\" ><div class='avia_textblock  '   itemprop=\"text\" ><p style=\"text-align: center;\"><strong><span style=\"font-size: 18pt;\">Convenio entre Municipio y Corporaci\u00f3n Asistencia Judicial fortalecer\u00e1 atenci\u00f3n y asesor\u00eda legal a vecinos de la comuna de Cisnes<\/span><\/strong><\/p>\n<div id=\"gtx-trans\" style=\"position: absolute; left: -50px; top: 4.31534px;\">\n<div class=\"gtx-trans-icon\"><\/div>\n<\/div>\n<\/div><\/section><\/div><div class=\"flex_column av_one_full  flex_column_div av-zero-column-padding first  avia-builder-el-4  el_after_av_one_full  el_before_av_hr  column-top-margin\" style='border-radius:0px; '><section class=\"av_textblock_section \"  itemscope=\"itemscope\" itemtype=\"https:\/\/schema.org\/BlogPosting\" itemprop=\"blogPost\" ><div class='avia_textblock  '   itemprop=\"text\" ><p style=\"text-align: justify;\">En sus dependencias regionales, ubicadas en la ciudad de Coyhaique, el director general de la Corporaci\u00f3n de Asistencia Judicial del B\u00edo B\u00edo, Gonzalo Contreras y el Alcalde de la comuna de Cisnes, Francisco Roncagliolo, firmaron un importante convenio de colaboraci\u00f3n, que busca fortalecer la atenci\u00f3n de este servicio en el territorio.<\/p>\n<p style=\"text-align: justify;\">Para ello, el Concejo Municipal en pleno aprob\u00f3 poco m\u00e1s de 29 millones de pesos, que permitir\u00e1n la contrataci\u00f3n de un nuevo abogado y personal administrativo. Lo que, sin duda, permitir\u00e1 ampliar la atenci\u00f3n a los vecinos y vecinas de la comuna de Cisnes en materias legales, enfatiz\u00f3 el Alcalde Roncagliolo, destacando tambi\u00e9n la buena disposici\u00f3n de la Corporaci\u00f3n de Asistencia Judicial.<\/p>\n<p style=\"text-align: justify;\">\u201cQuiero agradecer la disposici\u00f3n que ha tenido la Corporaci\u00f3n de poder llevar adelante este convenio, es as\u00ed que, como municipio, como comuna, como Concejo Municipal tambi\u00e9n, estamos haciendo un aporte en recursos, 29 millones 400 mil pesos, que van a estar destinados por este a\u00f1o 2022. Esto va a ir orientado a aumentar la dotaci\u00f3n de personal, tanto de abogado como tambi\u00e9n administrativo y que permita canalizar de la mejor forma posible los requerimientos de nuestra comunidad. Destacando que esos requerimientos son necesarios, me los ha planteado la propia ciudadan\u00eda en mi calidad de Alcalde y que lo han hecho llegar a trav\u00e9s de los distintos departamentos que nosotros tenemos. As\u00ed es que, en ese sentido quiero agradecer la confianza de la Corporaci\u00f3n y quiero agradecer tambi\u00e9n el apoyo un\u00e1nime del Concejo Municipal de Cisnes para esta iniciativa\u201d.<\/p>\n<p style=\"text-align: justify;\">En tanto, el director general de la Corporaci\u00f3n de Asistencia Judicial del B\u00edo B\u00edo, Gonzalo Contreras, calific\u00f3 como \u201cin\u00e9dito e hist\u00f3rico\u201d, el convenio establecido con la Municipalidad de Cisnes, a trav\u00e9s de su Alcalde, Francisco Roncagliolo.<\/p>\n<p style=\"text-align: justify;\">\u201cPara nosotros es muy importante, estamos muy contentos y como acaba de decir el se\u00f1or Alcalde, la b\u00fasqueda de soluciones jur\u00eddicas para las personas de su comuna es fundamental para nosotros. Con este convenio que es in\u00e9dito, que es hist\u00f3rico y uno de los m\u00e1s grandes que la Corporaci\u00f3n de Asistencia Judicial ha firmado en su historia, buscamos favorecer y acercar la justicia a las personas. Nuestro rol es, facilitar las soluciones jur\u00eddicas y los problemas que las personas tienen en las distintas localidades y comunidades, tambi\u00e9n, favorecer y mejorar el trabajo con la comunidad y el trabajo con el territorio. De esta manera, nosotros estamos m\u00e1s cerca de la comunidad de Cisnes, agradecemos mucho al Alcalde, tambi\u00e9n al Concejo Municipal, por la suscripci\u00f3n de este convenio\u201d.<\/p>\n<p style=\"text-align: justify;\">Si todo el tr\u00e1mite administrativo restante se desarrolla sin inconvenientes, a partir del mes de mayo se har\u00e1 efectivo el fortalecimiento de la oficina de la Corporaci\u00f3n de Asistencia Judicial en la comuna de Cisnes, en bien de todos sus habitantes.<\/p>\n<\/div><\/section><\/div><div  style='height:50px' class='hr hr-invisible   avia-builder-el-6  el_after_av_one_full  el_before_av_social_share '><span class='hr-inner ' ><span class='hr-inner-style'><\/span><\/span><\/div><\/p>\n<div  class='av-social-sharing-box  avia-builder-el-7  el_after_av_hr  el_before_av_hr  '><div class='av-share-box'><h5 class='av-share-link-description av-no-toc '>Compartir esta noticia<\/h5><ul class='av-share-box-list noLightbox'><li class='av-share-link av-social-link-facebook' ><a target=\"_blank\" aria-label=\"Compartir en Facebook\" href='https:\/\/www.facebook.com\/sharer.php?u=https:\/\/radiorevelacionfm.cl\/?p=15529&#038;t=Convenio%20entre%20Municipio%20y%20Corporaci%C3%B3n%20Asistencia%20Judicial%20fortalecer%C3%A1%20atenci%C3%B3n%20y%20asesor%C3%ADa%20legal%20a%20vecinos%20de%20la%20comuna%20de%20Cisnes' aria-hidden='false' data-av_icon='\ue8f3' data-av_iconfont='entypo-fontello' title='' data-avia-related-tooltip='Compartir en Facebook' rel=\"noopener\"><span class='avia_hidden_link_text'>Compartir en Facebook<\/span><\/a><\/li><li class='av-share-link av-social-link-twitter' ><a target=\"_blank\" aria-label=\"Compartir en Twitter\" href='https:\/\/twitter.com\/share?text=Convenio%20entre%20Municipio%20y%20Corporaci%C3%B3n%20Asistencia%20Judicial%20fortalecer%C3%A1%20atenci%C3%B3n%20y%20asesor%C3%ADa%20legal%20a%20vecinos%20de%20la%20comuna%20de%20Cisnes&#038;url=https:\/\/radiorevelacionfm.cl\/?p=15529' aria-hidden='false' data-av_icon='\ue8f1' data-av_iconfont='entypo-fontello' title='' data-avia-related-tooltip='Compartir en Twitter' rel=\"noopener\"><span class='avia_hidden_link_text'>Compartir en Twitter<\/span><\/a><\/li><li class='av-share-link av-social-link-whatsapp' ><a target=\"_blank\" aria-label=\"Compartir en Whatsapp\" href='https:\/\/api.whatsapp.com\/send?text=https:\/\/radiorevelacionfm.cl\/?p=15529' aria-hidden='false' data-av_icon='\uf232' data-av_iconfont='entypo-fontello' title='' data-avia-related-tooltip='Compartir en Whatsapp' rel=\"noopener\"><span class='avia_hidden_link_text'>Compartir en Whatsapp<\/span><\/a><\/li><li class='av-share-link av-social-link-linkedin' ><a target=\"_blank\" aria-label=\"Compartir en LinkedIn\" href='https:\/\/linkedin.com\/shareArticle?mini=true&#038;title=Convenio%20entre%20Municipio%20y%20Corporaci%C3%B3n%20Asistencia%20Judicial%20fortalecer%C3%A1%20atenci%C3%B3n%20y%20asesor%C3%ADa%20legal%20a%20vecinos%20de%20la%20comuna%20de%20Cisnes&#038;url=https:\/\/radiorevelacionfm.cl\/?p=15529' aria-hidden='false' data-av_icon='\ue8fc' data-av_iconfont='entypo-fontello' title='' data-avia-related-tooltip='Compartir en LinkedIn' rel=\"noopener\"><span class='avia_hidden_link_text'>Compartir en LinkedIn<\/span><\/a><\/li><li class='av-share-link av-social-link-mail' ><a  aria-label=\"Compartir por correo\" href='mailto:?subject=Convenio%20entre%20Municipio%20y%20Corporaci%C3%B3n%20Asistencia%20Judicial%20fortalecer%C3%A1%20atenci%C3%B3n%20y%20asesor%C3%ADa%20legal%20a%20vecinos%20de%20la%20comuna%20de%20Cisnes&#038;body=https:\/\/radiorevelacionfm.cl\/?p=15529' aria-hidden='false' data-av_icon='\ue805' data-av_iconfont='entypo-fontello' title='' data-avia-related-tooltip='Compartir por correo'><span class='avia_hidden_link_text'>Compartir por correo<\/span><\/a><\/li><\/ul><\/div><\/div>\n<div  style='height:50px' class='hr hr-invisible   avia-builder-el-8  el_after_av_social_share  el_before_av_comments_list '><span class='hr-inner ' ><span class='hr-inner-style'><\/span><\/span><\/div>\n<div  class='av-buildercomment  av-blog-meta-html-info-disabled av-blog-meta-tag-disabled  '><\/div>\n","protected":false},"excerpt":{"rendered":"","protected":false},"author":1,"featured_media":15530,"comment_status":"open","ping_status":"open","sticky":false,"template":"","format":"standard","meta":{"footnotes":""},"categories":[38],"tags":[],"class_list":["post-15529","post","type-post","status-publish","format-standard","has-post-thumbnail","hentry","category-regional"],"jetpack_featured_media_url":"https:\/\/radiorevelacionfm.cl\/wp-content\/uploads\/2022\/04\/CAJ-MUNI-1-1-1.jpg","_links":{"self":[{"href":"https:\/\/radiorevelacionfm.cl\/index.php?rest_route=\/wp\/v2\/posts\/15529","targetHints":{"allow":["GET"]}}],"collection":[{"href":"https:\/\/radiorevelacionfm.cl\/index.php?rest_route=\/wp\/v2\/posts"}],"about":[{"href":"https:\/\/radiorevelacionfm.cl\/index.php?rest_route=\/wp\/v2\/types\/post"}],"author":[{"embeddable":true,"href":"https:\/\/radiorevelacionfm.cl\/index.php?rest_route=\/wp\/v2\/users\/1"}],"replies":[{"embeddable":true,"href":"https:\/\/radiorevelacionfm.cl\/index.php?rest_route=%2Fwp%2Fv2%2Fcomments&post=15529"}],"version-history":[{"count":2,"href":"https:\/\/radiorevelacionfm.cl\/index.php?rest_route=\/wp\/v2\/posts\/15529\/revisions"}],"predecessor-version":[{"id":15539,"href":"https:\/\/radiorevelacionfm.cl\/index.php?rest_route=\/wp\/v2\/posts\/15529\/revisions\/15539"}],"wp:featuredmedia":[{"embeddable":true,"href":"https:\/\/radiorevelacionfm.cl\/index.php?rest_route=\/wp\/v2\/media\/15530"}],"wp:attachment":[{"href":"https:\/\/radiorevelacionfm.cl\/index.php?rest_route=%2Fwp%2Fv2%2Fmedia&parent=15529"}],"wp:term":[{"taxonomy":"category","embeddable":true,"href":"https:\/\/radiorevelacionfm.cl\/index.php?rest_route=%2Fwp%2Fv2%2Fcategories&post=15529"},{"taxonomy":"post_tag","embeddable":true,"href":"https:\/\/radiorevelacionfm.cl\/index.php?rest_route=%2Fwp%2Fv2%2Ftags&post=15529"}],"curies":[{"name":"wp","href":"https:\/\/api.w.org\/{rel}","templated":true}]}}