{"id":15524,"date":"2022-04-06T18:28:16","date_gmt":"2022-04-06T21:28:16","guid":{"rendered":"https:\/\/radiorevelacionfm.cl\/?p=15524"},"modified":"2022-04-06T18:28:16","modified_gmt":"2022-04-06T21:28:16","slug":"calisto-recurre-a-contraloria-por-mal-estado-del-camino-que-une-la-ruta-7-con-chile-chico","status":"publish","type":"post","link":"https:\/\/radiorevelacionfm.cl\/?p=15524","title":{"rendered":"Calisto recurre a Contralor\u00eda por mal estado del camino que une la ruta 7 con Chile Chico"},"content":{"rendered":"<div class=\"flex_column av_one_full  flex_column_div av-zero-column-padding first  avia-builder-el-0  el_before_av_one_full  avia-builder-el-first  \" style='border-radius:0px; '><div  class='avia-image-container  av-styling-    avia-builder-el-1  avia-builder-el-no-sibling  avia-align-center '  itemprop=\"image\" itemscope=\"itemscope\" itemtype=\"https:\/\/schema.org\/ImageObject\"  ><div class='avia-image-container-inner'><div class='avia-image-overlay-wrap'><img decoding=\"async\" class='wp-image-15525 avia-img-lazy-loading-not-15525 avia_image' src=\"https:\/\/radiorevelacionfm.cl\/wp-content\/uploads\/2022\/04\/Calisto-Ruta7-1-1.jpg\" alt='' title='Calisto-Ruta7 (1) (1)' height=\"600\" width=\"1085\"  itemprop=\"thumbnailUrl\" srcset=\"https:\/\/radiorevelacionfm.cl\/wp-content\/uploads\/2022\/04\/Calisto-Ruta7-1-1.jpg 1085w, https:\/\/radiorevelacionfm.cl\/wp-content\/uploads\/2022\/04\/Calisto-Ruta7-1-1-300x166.jpg 300w, https:\/\/radiorevelacionfm.cl\/wp-content\/uploads\/2022\/04\/Calisto-Ruta7-1-1-1030x570.jpg 1030w, https:\/\/radiorevelacionfm.cl\/wp-content\/uploads\/2022\/04\/Calisto-Ruta7-1-1-768x425.jpg 768w, https:\/\/radiorevelacionfm.cl\/wp-content\/uploads\/2022\/04\/Calisto-Ruta7-1-1-705x390.jpg 705w, https:\/\/radiorevelacionfm.cl\/wp-content\/uploads\/2022\/04\/Calisto-Ruta7-1-1-600x332.jpg 600w\" sizes=\"(max-width: 1085px) 100vw, 1085px\" \/><\/div><\/div><\/div><\/div><div class=\"flex_column av_one_full  flex_column_div av-zero-column-padding first  avia-builder-el-2  el_after_av_one_full  el_before_av_one_full  column-top-margin\" style='border-radius:0px; '><section class=\"av_textblock_section \"  itemscope=\"itemscope\" itemtype=\"https:\/\/schema.org\/BlogPosting\" itemprop=\"blogPost\" ><div class='avia_textblock  '   itemprop=\"text\" ><h2 class=\"title\" style=\"text-align: center;\"><span style=\"font-size: 18pt;\"><b><span lang=\"ES\">Calisto recurre a Contralor\u00eda por mal estado del camino que une la ruta 7 con Chile Chico<\/span><\/b><\/span><\/h2>\n<div id=\"gtx-trans\" style=\"position: absolute; left: -50px; top: 4.31534px;\">\n<div class=\"gtx-trans-icon\"><\/div>\n<\/div>\n<\/div><\/section><\/div><div class=\"flex_column av_one_full  flex_column_div av-zero-column-padding first  avia-builder-el-4  el_after_av_one_full  el_before_av_hr  column-top-margin\" style='border-radius:0px; '><section class=\"av_textblock_section \"  itemscope=\"itemscope\" itemtype=\"https:\/\/schema.org\/BlogPosting\" itemprop=\"blogPost\" ><div class='avia_textblock  '   itemprop=\"text\" ><p style=\"font-weight: 400; text-align: justify;\">Consciente de la serie de problemas que genera a los habitantes de la provincia de General Carrera el mal estado de la ruta CH-265, que une las distintas localidades que est\u00e1n en la cuenca del lago con la ruta 7, el diputado Miguel \u00c1ngel Calisto envi\u00f3 un oficio a Contralor\u00eda para que se pronuncie sobre un posible incumplimiento de contrato por parte de la empresa que debe realizar la mantenci\u00f3n del camino.<\/p>\n<p style=\"font-weight: 400; text-align: justify;\">Seg\u00fan el legislador, quien ha\u00a0estado estos d\u00edas recorriendo la zona, \u201cnos hemos reunido con la comunidad de Mall\u00edn Grande, quienes han planteado la necesidad de revisar los contratos de mantenci\u00f3n de las rutas en nuestra regi\u00f3n de Ays\u00e9n. Hemos recibido muchos reclamos por parte de muchas comunidades rurales respecto a la mala mantenci\u00f3n de los caminos en nuestra regi\u00f3n\u201d.<\/p>\n<p style=\"font-weight: 400; text-align: justify;\">\u201cCreemos que ac\u00e1 hay una responsabilidad del Ministerio de Obras P\u00fablicas, especialmente en el tema de la fiscalizaci\u00f3n. Hacemos un llamado a las autoridades competentes a preocuparse de esta situaci\u00f3n. Hoy en d\u00eda, la mantenci\u00f3n de los caminos es fundamental para muchos pobladores\u201d, indic\u00f3 el legislador.<\/p>\n<p style=\"font-weight: 400; text-align: justify;\">Calisto agreg\u00f3 que \u201cno solamente tenemos que preocuparnos de los caminos cuando estamos en temporada tur\u00edstica, hay que hacerlo durante todo el a\u00f1o, cuando afecta a nuestros pobladores, a quienes se deben desplazar con mal clima, a atenciones m\u00e9dicas, para hacer sus diligencias, por eso que es muy importante que ac\u00e1 se haga la fiscalizaci\u00f3n\u201d.<\/p>\n<p style=\"font-weight: 400; text-align: justify;\">\u201cHemos decidido recurrir a la Contralor\u00eda General de la Rep\u00fablica para poder fiscalizar el cumplimiento de los contratos por parte de las empresas. Nos parece que ac\u00e1 no se est\u00e1n cumpliendo los plazos establecidos y por eso que la gente tiene tantos problemas con sus veh\u00edculos, lo que les afecta tambi\u00e9n en su vida familiar\u201d, indic\u00f3.<\/p>\n<p style=\"font-weight: 400; text-align: justify;\">Finalmente, el diputado Calisto afirm\u00f3 que \u201cno puede ser que cuando se echa a perder la barcaza, la alternativa de la gente de la provincia de General Carrera sea transitar por este camino que est\u00e1 en p\u00e9simas condiciones. Es fundamental que esta ruta est\u00e9 \u00f3ptima, para garantizar una conectividad segura\u00a0a los vecinos de estas localidades\u201d.<\/p>\n<\/div><\/section><\/div><div  style='height:50px' class='hr hr-invisible   avia-builder-el-6  el_after_av_one_full  el_before_av_social_share '><span class='hr-inner ' ><span class='hr-inner-style'><\/span><\/span><\/div><\/p>\n<div  class='av-social-sharing-box  avia-builder-el-7  el_after_av_hr  el_before_av_hr  '><div class='av-share-box'><h5 class='av-share-link-description av-no-toc '>Compartir esta noticia<\/h5><ul class='av-share-box-list noLightbox'><li class='av-share-link av-social-link-facebook' ><a target=\"_blank\" aria-label=\"Compartir en Facebook\" href='https:\/\/www.facebook.com\/sharer.php?u=https:\/\/radiorevelacionfm.cl\/?p=15524&#038;t=Calisto%20recurre%20a%20Contralor%C3%ADa%20por%20mal%20estado%20del%20camino%20que%20une%20la%20ruta%207%20con%20Chile%20Chico' aria-hidden='false' data-av_icon='\ue8f3' data-av_iconfont='entypo-fontello' title='' data-avia-related-tooltip='Compartir en Facebook' rel=\"noopener\"><span class='avia_hidden_link_text'>Compartir en Facebook<\/span><\/a><\/li><li class='av-share-link av-social-link-twitter' ><a target=\"_blank\" aria-label=\"Compartir en Twitter\" href='https:\/\/twitter.com\/share?text=Calisto%20recurre%20a%20Contralor%C3%ADa%20por%20mal%20estado%20del%20camino%20que%20une%20la%20ruta%207%20con%20Chile%20Chico&#038;url=https:\/\/radiorevelacionfm.cl\/?p=15524' aria-hidden='false' data-av_icon='\ue8f1' data-av_iconfont='entypo-fontello' title='' data-avia-related-tooltip='Compartir en Twitter' rel=\"noopener\"><span class='avia_hidden_link_text'>Compartir en Twitter<\/span><\/a><\/li><li class='av-share-link av-social-link-whatsapp' ><a target=\"_blank\" aria-label=\"Compartir en Whatsapp\" href='https:\/\/api.whatsapp.com\/send?text=https:\/\/radiorevelacionfm.cl\/?p=15524' aria-hidden='false' data-av_icon='\uf232' data-av_iconfont='entypo-fontello' title='' data-avia-related-tooltip='Compartir en Whatsapp' rel=\"noopener\"><span class='avia_hidden_link_text'>Compartir en Whatsapp<\/span><\/a><\/li><li class='av-share-link av-social-link-linkedin' ><a target=\"_blank\" aria-label=\"Compartir en LinkedIn\" href='https:\/\/linkedin.com\/shareArticle?mini=true&#038;title=Calisto%20recurre%20a%20Contralor%C3%ADa%20por%20mal%20estado%20del%20camino%20que%20une%20la%20ruta%207%20con%20Chile%20Chico&#038;url=https:\/\/radiorevelacionfm.cl\/?p=15524' aria-hidden='false' data-av_icon='\ue8fc' data-av_iconfont='entypo-fontello' title='' data-avia-related-tooltip='Compartir en LinkedIn' rel=\"noopener\"><span class='avia_hidden_link_text'>Compartir en LinkedIn<\/span><\/a><\/li><li class='av-share-link av-social-link-mail' ><a  aria-label=\"Compartir por correo\" href='mailto:?subject=Calisto%20recurre%20a%20Contralor%C3%ADa%20por%20mal%20estado%20del%20camino%20que%20une%20la%20ruta%207%20con%20Chile%20Chico&#038;body=https:\/\/radiorevelacionfm.cl\/?p=15524' aria-hidden='false' data-av_icon='\ue805' data-av_iconfont='entypo-fontello' title='' data-avia-related-tooltip='Compartir por correo'><span class='avia_hidden_link_text'>Compartir por correo<\/span><\/a><\/li><\/ul><\/div><\/div>\n<div  style='height:50px' class='hr hr-invisible   avia-builder-el-8  el_after_av_social_share  el_before_av_comments_list '><span class='hr-inner ' ><span class='hr-inner-style'><\/span><\/span><\/div>\n<div  class='av-buildercomment  av-blog-meta-html-info-disabled av-blog-meta-tag-disabled  '><\/div>\n","protected":false},"excerpt":{"rendered":"","protected":false},"author":1,"featured_media":15525,"comment_status":"open","ping_status":"open","sticky":false,"template":"","format":"standard","meta":{"footnotes":""},"categories":[35],"tags":[],"class_list":["post-15524","post","type-post","status-publish","format-standard","has-post-thumbnail","hentry","category-politica"],"jetpack_featured_media_url":"https:\/\/radiorevelacionfm.cl\/wp-content\/uploads\/2022\/04\/Calisto-Ruta7-1-1.jpg","_links":{"self":[{"href":"https:\/\/radiorevelacionfm.cl\/index.php?rest_route=\/wp\/v2\/posts\/15524","targetHints":{"allow":["GET"]}}],"collection":[{"href":"https:\/\/radiorevelacionfm.cl\/index.php?rest_route=\/wp\/v2\/posts"}],"about":[{"href":"https:\/\/radiorevelacionfm.cl\/index.php?rest_route=\/wp\/v2\/types\/post"}],"author":[{"embeddable":true,"href":"https:\/\/radiorevelacionfm.cl\/index.php?rest_route=\/wp\/v2\/users\/1"}],"replies":[{"embeddable":true,"href":"https:\/\/radiorevelacionfm.cl\/index.php?rest_route=%2Fwp%2Fv2%2Fcomments&post=15524"}],"version-history":[{"count":2,"href":"https:\/\/radiorevelacionfm.cl\/index.php?rest_route=\/wp\/v2\/posts\/15524\/revisions"}],"predecessor-version":[{"id":15528,"href":"https:\/\/radiorevelacionfm.cl\/index.php?rest_route=\/wp\/v2\/posts\/15524\/revisions\/15528"}],"wp:featuredmedia":[{"embeddable":true,"href":"https:\/\/radiorevelacionfm.cl\/index.php?rest_route=\/wp\/v2\/media\/15525"}],"wp:attachment":[{"href":"https:\/\/radiorevelacionfm.cl\/index.php?rest_route=%2Fwp%2Fv2%2Fmedia&parent=15524"}],"wp:term":[{"taxonomy":"category","embeddable":true,"href":"https:\/\/radiorevelacionfm.cl\/index.php?rest_route=%2Fwp%2Fv2%2Fcategories&post=15524"},{"taxonomy":"post_tag","embeddable":true,"href":"https:\/\/radiorevelacionfm.cl\/index.php?rest_route=%2Fwp%2Fv2%2Ftags&post=15524"}],"curies":[{"name":"wp","href":"https:\/\/api.w.org\/{rel}","templated":true}]}}