{"id":15519,"date":"2022-04-06T16:47:05","date_gmt":"2022-04-06T19:47:05","guid":{"rendered":"https:\/\/radiorevelacionfm.cl\/?p=15519"},"modified":"2022-04-06T16:47:05","modified_gmt":"2022-04-06T19:47:05","slug":"sandoval-y-pesca-ilegal-las-autoridades-deben-extremar-las-medidas-para-evitar-esta-situacion-irregular","status":"publish","type":"post","link":"https:\/\/radiorevelacionfm.cl\/?p=15519","title":{"rendered":"Sandoval y pesca ilegal: \u201cLas autoridades deben extremar las medidas para evitar esta situaci\u00f3n irregular\u201d"},"content":{"rendered":"<div class=\"flex_column av_one_full  flex_column_div av-zero-column-padding first  avia-builder-el-0  el_before_av_one_full  avia-builder-el-first  \" style='border-radius:0px; '><div  class='avia-image-container  av-styling-    avia-builder-el-1  avia-builder-el-no-sibling  avia-align-center '  itemprop=\"image\" itemscope=\"itemscope\" itemtype=\"https:\/\/schema.org\/ImageObject\"  ><div class='avia-image-container-inner'><div class='avia-image-overlay-wrap'><img decoding=\"async\" class='wp-image-5969 avia-img-lazy-loading-not-5969 avia_image' src=\"https:\/\/radiorevelacionfm.cl\/wp-content\/uploads\/2021\/07\/Senador-David-Sandoval-1-1.jpg\" alt='' title='Senador David Sandoval (1) (1)' height=\"600\" width=\"900\"  itemprop=\"thumbnailUrl\" srcset=\"https:\/\/radiorevelacionfm.cl\/wp-content\/uploads\/2021\/07\/Senador-David-Sandoval-1-1.jpg 900w, https:\/\/radiorevelacionfm.cl\/wp-content\/uploads\/2021\/07\/Senador-David-Sandoval-1-1-300x200.jpg 300w, https:\/\/radiorevelacionfm.cl\/wp-content\/uploads\/2021\/07\/Senador-David-Sandoval-1-1-768x512.jpg 768w, https:\/\/radiorevelacionfm.cl\/wp-content\/uploads\/2021\/07\/Senador-David-Sandoval-1-1-705x470.jpg 705w, https:\/\/radiorevelacionfm.cl\/wp-content\/uploads\/2021\/07\/Senador-David-Sandoval-1-1-600x400.jpg 600w\" sizes=\"(max-width: 900px) 100vw, 900px\" \/><\/div><\/div><\/div><\/div><div class=\"flex_column av_one_full  flex_column_div av-zero-column-padding first  avia-builder-el-2  el_after_av_one_full  el_before_av_one_full  column-top-margin\" style='border-radius:0px; '><section class=\"av_textblock_section \"  itemscope=\"itemscope\" itemtype=\"https:\/\/schema.org\/BlogPosting\" itemprop=\"blogPost\" ><div class='avia_textblock  '   itemprop=\"text\" ><p style=\"text-align: center;\"><span style=\"font-size: 18pt;\"><strong>Sandoval y pesca ilegal: <\/strong><strong>\u201cLas autoridades deben extremar las medidas para evitar esta situaci\u00f3n irregular\u201d<\/strong><\/span><\/p>\n<div id=\"gtx-trans\" style=\"position: absolute; left: -50px; top: 4.31534px;\">\n<div class=\"gtx-trans-icon\"><\/div>\n<\/div>\n<\/div><\/section><\/div><div class=\"flex_column av_one_full  flex_column_div av-zero-column-padding first  avia-builder-el-4  el_after_av_one_full  el_before_av_hr  column-top-margin\" style='border-radius:0px; '><section class=\"av_textblock_section \"  itemscope=\"itemscope\" itemtype=\"https:\/\/schema.org\/BlogPosting\" itemprop=\"blogPost\" ><div class='avia_textblock  '   itemprop=\"text\" ><p style=\"text-align: justify;\">El senador David Sandoval reiter\u00f3 el llamado a las autoridades de la Gobernaci\u00f3n Mar\u00edtima, la Armada de Chile y Sernapesca, entre otras, para que se extremen las medidas que permitan enfrentar y evitar la pesca ilegal en el litoral aisenino.<\/p>\n<p style=\"text-align: justify;\">Recordar que a fines del mes pasado, se detect\u00f3 a dos embarcaciones extrayendo de manera ilegal 25 mallas de almeja (aproximadamente 1.250 kilos), lo que se suma al decomiso de otras 8 toneladas del mismo producto, a comienzos de este mes, todas embarcaciones que proven\u00edan de la localidad de Calbuco, regi\u00f3n de Los Lagos.<\/p>\n<p style=\"text-align: justify;\">El parlamentario plante\u00f3 que este tema no solo tiene efectos econ\u00f3micos, afectando a pescadores artesanales de la zona, sino que tambi\u00e9n est\u00e1 terminando por afectar directamente a las personas. Y esto, considerando que en los \u00faltimos d\u00edas falleci\u00f3 un menor de edad y su madre, en Calbuco, producto del consumo de mariscos con marea roja, los que habr\u00edan sido extra\u00eddos desde la regi\u00f3n de Ays\u00e9n, desde una zona no autorizada.<\/p>\n<p style=\"text-align: justify;\">\u201cLo que es m\u00e1s dram\u00e1tico es que esta circunstancia es fruto de un acto absolutamente ilegal. M\u00e1s all\u00e1 de todo lo que significa el lamentable fallecimiento de un menor de edad, estamos hablando de la irresponsabilidad que tienen muchos de manejar la pesca ilegal como una parte tradicional de la actividad\u201d, se\u00f1al\u00f3<\/p>\n<p style=\"text-align: justify;\">Sandoval record\u00f3 que permanentemente se ha estado denunciando los efectos de esta pr\u00e1ctica, tanto por la p\u00e9rdida de recursos para la regi\u00f3n, como por los efectos que provoca en la actividad de los pescadores artesanales. \u201cQu\u00e9 pasa con toda la cadena de comercializaci\u00f3n, c\u00f3mo llegan estos productos a un determinado puerto final. Y por lo tanto, aqu\u00ed conminamos a las autoridades mar\u00edtimas, a Sernapesca y a todas las autoridades vinculadas a este tema, a extremar las medidas para evitar esta situaci\u00f3n irregular, que no solo tiene efectos econ\u00f3micos, sino tambi\u00e9n desenlaces fatales como los conocidos en los \u00faltimos d\u00edas\u201d, subray\u00f3.<\/p>\n<p style=\"text-align: justify;\">Por lo mismo, enfatiz\u00f3 que \u201caqu\u00ed hay toda una cadena, donde participa mucha gente, que tiene que llamar la atenci\u00f3n\u201d.<\/p>\n<p style=\"text-align: justify;\">Con todo, el legislador dijo que se tienen que llevar a cabo todas las acciones pertinentes para enfrentar este tema de una manera integral y efectiva. \u201cSabemos que lo que se descubre es la punta del iceberg, pero detr\u00e1s de eso hay una cadena de otras tantas acciones ilegales que lamentablemente no se pesquisan, pero donde sin embargo quedan registros de desembarque, de comercializaci\u00f3n y de venta\u201d, concluy\u00f3.<\/p>\n<\/div><\/section><\/div><div  style='height:50px' class='hr hr-invisible   avia-builder-el-6  el_after_av_one_full  el_before_av_social_share '><span class='hr-inner ' ><span class='hr-inner-style'><\/span><\/span><\/div><\/p>\n<div  class='av-social-sharing-box  avia-builder-el-7  el_after_av_hr  el_before_av_hr  '><div class='av-share-box'><h5 class='av-share-link-description av-no-toc '>Compartir esta noticia<\/h5><ul class='av-share-box-list noLightbox'><li class='av-share-link av-social-link-facebook' ><a target=\"_blank\" aria-label=\"Compartir en Facebook\" href='https:\/\/www.facebook.com\/sharer.php?u=https:\/\/radiorevelacionfm.cl\/?p=15519&#038;t=Sandoval%20y%20pesca%20ilegal%3A%20%E2%80%9CLas%20autoridades%20deben%20extremar%20las%20medidas%20para%20evitar%20esta%20situaci%C3%B3n%20irregular%E2%80%9D' aria-hidden='false' data-av_icon='\ue8f3' data-av_iconfont='entypo-fontello' title='' data-avia-related-tooltip='Compartir en Facebook' rel=\"noopener\"><span class='avia_hidden_link_text'>Compartir en Facebook<\/span><\/a><\/li><li class='av-share-link av-social-link-twitter' ><a target=\"_blank\" aria-label=\"Compartir en Twitter\" href='https:\/\/twitter.com\/share?text=Sandoval%20y%20pesca%20ilegal%3A%20%E2%80%9CLas%20autoridades%20deben%20extremar%20las%20medidas%20para%20evitar%20esta%20situaci%C3%B3n%20irregular%E2%80%9D&#038;url=https:\/\/radiorevelacionfm.cl\/?p=15519' aria-hidden='false' data-av_icon='\ue8f1' data-av_iconfont='entypo-fontello' title='' data-avia-related-tooltip='Compartir en Twitter' rel=\"noopener\"><span class='avia_hidden_link_text'>Compartir en Twitter<\/span><\/a><\/li><li class='av-share-link av-social-link-whatsapp' ><a target=\"_blank\" aria-label=\"Compartir en Whatsapp\" href='https:\/\/api.whatsapp.com\/send?text=https:\/\/radiorevelacionfm.cl\/?p=15519' aria-hidden='false' data-av_icon='\uf232' data-av_iconfont='entypo-fontello' title='' data-avia-related-tooltip='Compartir en Whatsapp' rel=\"noopener\"><span class='avia_hidden_link_text'>Compartir en Whatsapp<\/span><\/a><\/li><li class='av-share-link av-social-link-linkedin' ><a target=\"_blank\" aria-label=\"Compartir en LinkedIn\" href='https:\/\/linkedin.com\/shareArticle?mini=true&#038;title=Sandoval%20y%20pesca%20ilegal%3A%20%E2%80%9CLas%20autoridades%20deben%20extremar%20las%20medidas%20para%20evitar%20esta%20situaci%C3%B3n%20irregular%E2%80%9D&#038;url=https:\/\/radiorevelacionfm.cl\/?p=15519' aria-hidden='false' data-av_icon='\ue8fc' data-av_iconfont='entypo-fontello' title='' data-avia-related-tooltip='Compartir en LinkedIn' rel=\"noopener\"><span class='avia_hidden_link_text'>Compartir en LinkedIn<\/span><\/a><\/li><li class='av-share-link av-social-link-mail' ><a  aria-label=\"Compartir por correo\" href='mailto:?subject=Sandoval%20y%20pesca%20ilegal%3A%20%E2%80%9CLas%20autoridades%20deben%20extremar%20las%20medidas%20para%20evitar%20esta%20situaci%C3%B3n%20irregular%E2%80%9D&#038;body=https:\/\/radiorevelacionfm.cl\/?p=15519' aria-hidden='false' data-av_icon='\ue805' data-av_iconfont='entypo-fontello' title='' data-avia-related-tooltip='Compartir por correo'><span class='avia_hidden_link_text'>Compartir por correo<\/span><\/a><\/li><\/ul><\/div><\/div>\n<div  style='height:50px' class='hr hr-invisible   avia-builder-el-8  el_after_av_social_share  el_before_av_comments_list '><span class='hr-inner ' ><span class='hr-inner-style'><\/span><\/span><\/div>\n<div  class='av-buildercomment  av-blog-meta-html-info-disabled av-blog-meta-tag-disabled  '><\/div>\n","protected":false},"excerpt":{"rendered":"","protected":false},"author":1,"featured_media":5969,"comment_status":"open","ping_status":"open","sticky":false,"template":"","format":"standard","meta":{"footnotes":""},"categories":[35],"tags":[],"class_list":["post-15519","post","type-post","status-publish","format-standard","has-post-thumbnail","hentry","category-politica"],"jetpack_featured_media_url":"https:\/\/radiorevelacionfm.cl\/wp-content\/uploads\/2021\/07\/Senador-David-Sandoval-1-1.jpg","_links":{"self":[{"href":"https:\/\/radiorevelacionfm.cl\/index.php?rest_route=\/wp\/v2\/posts\/15519","targetHints":{"allow":["GET"]}}],"collection":[{"href":"https:\/\/radiorevelacionfm.cl\/index.php?rest_route=\/wp\/v2\/posts"}],"about":[{"href":"https:\/\/radiorevelacionfm.cl\/index.php?rest_route=\/wp\/v2\/types\/post"}],"author":[{"embeddable":true,"href":"https:\/\/radiorevelacionfm.cl\/index.php?rest_route=\/wp\/v2\/users\/1"}],"replies":[{"embeddable":true,"href":"https:\/\/radiorevelacionfm.cl\/index.php?rest_route=%2Fwp%2Fv2%2Fcomments&post=15519"}],"version-history":[{"count":1,"href":"https:\/\/radiorevelacionfm.cl\/index.php?rest_route=\/wp\/v2\/posts\/15519\/revisions"}],"predecessor-version":[{"id":15520,"href":"https:\/\/radiorevelacionfm.cl\/index.php?rest_route=\/wp\/v2\/posts\/15519\/revisions\/15520"}],"wp:featuredmedia":[{"embeddable":true,"href":"https:\/\/radiorevelacionfm.cl\/index.php?rest_route=\/wp\/v2\/media\/5969"}],"wp:attachment":[{"href":"https:\/\/radiorevelacionfm.cl\/index.php?rest_route=%2Fwp%2Fv2%2Fmedia&parent=15519"}],"wp:term":[{"taxonomy":"category","embeddable":true,"href":"https:\/\/radiorevelacionfm.cl\/index.php?rest_route=%2Fwp%2Fv2%2Fcategories&post=15519"},{"taxonomy":"post_tag","embeddable":true,"href":"https:\/\/radiorevelacionfm.cl\/index.php?rest_route=%2Fwp%2Fv2%2Ftags&post=15519"}],"curies":[{"name":"wp","href":"https:\/\/api.w.org\/{rel}","templated":true}]}}