{"id":15513,"date":"2022-04-06T14:27:36","date_gmt":"2022-04-06T17:27:36","guid":{"rendered":"https:\/\/radiorevelacionfm.cl\/?p=15513"},"modified":"2022-04-06T14:32:32","modified_gmt":"2022-04-06T17:32:32","slug":"accidente-de-transito-termina-con-vehiculo-volcado-en-sector-puente-dona-dora","status":"publish","type":"post","link":"https:\/\/radiorevelacionfm.cl\/?p=15513","title":{"rendered":"Accidente de tr\u00e1nsito termina con veh\u00edculo volcado en puente Do\u00f1a Dora cerca de Ma\u00f1ihuales"},"content":{"rendered":"<div class=\"flex_column av_one_full  flex_column_div av-zero-column-padding first  avia-builder-el-0  el_before_av_one_full  avia-builder-el-first  \" style='border-radius:0px; '><div  class='avia-image-container  av-styling-    avia-builder-el-1  avia-builder-el-no-sibling  avia-align-center '  itemprop=\"image\" itemscope=\"itemscope\" itemtype=\"https:\/\/schema.org\/ImageObject\"  ><div class='avia-image-container-inner'><div class='avia-image-overlay-wrap'><img decoding=\"async\" class='wp-image-15514 avia-img-lazy-loading-not-15514 avia_image' src=\"https:\/\/radiorevelacionfm.cl\/wp-content\/uploads\/2022\/04\/Accidente-Puente-Dona-Dora-1-1.jpg\" alt='' title='Accidente Puente Do\u00f1a Dora (1) (1)' height=\"600\" width=\"970\"  itemprop=\"thumbnailUrl\" srcset=\"https:\/\/radiorevelacionfm.cl\/wp-content\/uploads\/2022\/04\/Accidente-Puente-Dona-Dora-1-1.jpg 970w, https:\/\/radiorevelacionfm.cl\/wp-content\/uploads\/2022\/04\/Accidente-Puente-Dona-Dora-1-1-300x186.jpg 300w, https:\/\/radiorevelacionfm.cl\/wp-content\/uploads\/2022\/04\/Accidente-Puente-Dona-Dora-1-1-768x475.jpg 768w, https:\/\/radiorevelacionfm.cl\/wp-content\/uploads\/2022\/04\/Accidente-Puente-Dona-Dora-1-1-705x436.jpg 705w, https:\/\/radiorevelacionfm.cl\/wp-content\/uploads\/2022\/04\/Accidente-Puente-Dona-Dora-1-1-600x371.jpg 600w\" sizes=\"(max-width: 970px) 100vw, 970px\" \/><\/div><\/div><\/div><\/div>\n<div class=\"flex_column av_one_full  flex_column_div av-zero-column-padding first  avia-builder-el-2  el_after_av_one_full  el_before_av_one_full  column-top-margin\" style='border-radius:0px; '><section class=\"av_textblock_section \"  itemscope=\"itemscope\" itemtype=\"https:\/\/schema.org\/BlogPosting\" itemprop=\"blogPost\" ><div class='avia_textblock  '   itemprop=\"text\" ><p style=\"text-align: center;\"><strong><span style=\"font-size: 18pt;\">Accidente de tr\u00e1nsito termina con veh\u00edculo volcado en puente Do\u00f1a Dora cerca de Ma\u00f1ihuales<\/span><\/strong><\/p>\n<div id=\"gtx-trans\" style=\"position: absolute; left: -50px; top: 4.31534px;\">\n<div class=\"gtx-trans-icon\"><\/div>\n<\/div>\n<\/div><\/section><\/div><div class=\"flex_column av_one_full  flex_column_div av-zero-column-padding first  avia-builder-el-4  el_after_av_one_full  el_before_av_hr  column-top-margin\" style='border-radius:0px; '><section class=\"av_textblock_section \"  itemscope=\"itemscope\" itemtype=\"https:\/\/schema.org\/BlogPosting\" itemprop=\"blogPost\" ><div class='avia_textblock  '   itemprop=\"text\" ><p style=\"text-align: justify;\">Esta ma\u00f1ana Carabineros de Villa Ma\u00f1ihuales es alertado de un accidente de tr\u00e1nsito espec\u00edficamente en la Ruta 7 a la altura del kil\u00f3metro 97 sector de puente Do\u00f1a Dora.<\/p>\n<p style=\"text-align: justify;\">El Capit\u00e1n Jaime Esparza, Subcomisario de los Servicios de la 2da. Com. Puerto Ays\u00e9n, se\u00f1al\u00f3 que en el lugar un veh\u00edculo menor pierde el control cayendo a un costado del puente, las circunstancias son parte de las indagatorias, personal de Carabineros al llegar al lugar verific\u00f3 que en el m\u00f3vil accidentado no se encontraban ocupantes, por lo que no habr\u00edan personas lesionadas, tema que tambi\u00e9n es parte de la investigaci\u00f3n.<\/p>\n<p style=\"text-align: justify;\">Respecto a la situaci\u00f3n seg\u00fan las primeras indagatorias el veh\u00edculo corresponder\u00eda a una carroza f\u00fanebre, el cual se manten\u00eda sin ocupantes, reiter\u00f3 el Capit\u00e1n Esparza. Junto con ello hizo un llamado a quienes transitan por las rutas de la regi\u00f3n a hacerlo con el m\u00e1ximo de precauci\u00f3n y por supuesto planificar los desplazamientos en atenci\u00f3n a las condiciones clim\u00e1ticas, para evitar este tipo de accidentes.<\/p>\n<\/div><\/section><\/div><div  style='height:50px' class='hr hr-invisible   avia-builder-el-6  el_after_av_one_full  el_before_av_social_share '><span class='hr-inner ' ><span class='hr-inner-style'><\/span><\/span><\/div><\/p>\n<div  class='av-social-sharing-box  avia-builder-el-7  el_after_av_hr  el_before_av_hr  '><div class='av-share-box'><h5 class='av-share-link-description av-no-toc '>Compartir esta noticia<\/h5><ul class='av-share-box-list noLightbox'><li class='av-share-link av-social-link-facebook' ><a target=\"_blank\" aria-label=\"Compartir en Facebook\" href='https:\/\/www.facebook.com\/sharer.php?u=https:\/\/radiorevelacionfm.cl\/?p=15513&#038;t=Accidente%20de%20tr%C3%A1nsito%20termina%20con%20veh%C3%ADculo%20volcado%20en%20puente%20Do%C3%B1a%20Dora%20cerca%20de%20Ma%C3%B1ihuales' aria-hidden='false' data-av_icon='\ue8f3' data-av_iconfont='entypo-fontello' title='' data-avia-related-tooltip='Compartir en Facebook' rel=\"noopener\"><span class='avia_hidden_link_text'>Compartir en Facebook<\/span><\/a><\/li><li class='av-share-link av-social-link-twitter' ><a target=\"_blank\" aria-label=\"Compartir en Twitter\" href='https:\/\/twitter.com\/share?text=Accidente%20de%20tr%C3%A1nsito%20termina%20con%20veh%C3%ADculo%20volcado%20en%20puente%20Do%C3%B1a%20Dora%20cerca%20de%20Ma%C3%B1ihuales&#038;url=https:\/\/radiorevelacionfm.cl\/?p=15513' aria-hidden='false' data-av_icon='\ue8f1' data-av_iconfont='entypo-fontello' title='' data-avia-related-tooltip='Compartir en Twitter' rel=\"noopener\"><span class='avia_hidden_link_text'>Compartir en Twitter<\/span><\/a><\/li><li class='av-share-link av-social-link-whatsapp' ><a target=\"_blank\" aria-label=\"Compartir en Whatsapp\" href='https:\/\/api.whatsapp.com\/send?text=https:\/\/radiorevelacionfm.cl\/?p=15513' aria-hidden='false' data-av_icon='\uf232' data-av_iconfont='entypo-fontello' title='' data-avia-related-tooltip='Compartir en Whatsapp' rel=\"noopener\"><span class='avia_hidden_link_text'>Compartir en Whatsapp<\/span><\/a><\/li><li class='av-share-link av-social-link-linkedin' ><a target=\"_blank\" aria-label=\"Compartir en LinkedIn\" href='https:\/\/linkedin.com\/shareArticle?mini=true&#038;title=Accidente%20de%20tr%C3%A1nsito%20termina%20con%20veh%C3%ADculo%20volcado%20en%20puente%20Do%C3%B1a%20Dora%20cerca%20de%20Ma%C3%B1ihuales&#038;url=https:\/\/radiorevelacionfm.cl\/?p=15513' aria-hidden='false' data-av_icon='\ue8fc' data-av_iconfont='entypo-fontello' title='' data-avia-related-tooltip='Compartir en LinkedIn' rel=\"noopener\"><span class='avia_hidden_link_text'>Compartir en LinkedIn<\/span><\/a><\/li><li class='av-share-link av-social-link-mail' ><a  aria-label=\"Compartir por correo\" href='mailto:?subject=Accidente%20de%20tr%C3%A1nsito%20termina%20con%20veh%C3%ADculo%20volcado%20en%20puente%20Do%C3%B1a%20Dora%20cerca%20de%20Ma%C3%B1ihuales&#038;body=https:\/\/radiorevelacionfm.cl\/?p=15513' aria-hidden='false' data-av_icon='\ue805' data-av_iconfont='entypo-fontello' title='' data-avia-related-tooltip='Compartir por correo'><span class='avia_hidden_link_text'>Compartir por correo<\/span><\/a><\/li><\/ul><\/div><\/div>\n<div  style='height:50px' class='hr hr-invisible   avia-builder-el-8  el_after_av_social_share  el_before_av_comments_list '><span class='hr-inner ' ><span class='hr-inner-style'><\/span><\/span><\/div>\n<div  class='av-buildercomment  av-blog-meta-html-info-disabled av-blog-meta-tag-disabled  '><\/div>\n","protected":false},"excerpt":{"rendered":"","protected":false},"author":1,"featured_media":15514,"comment_status":"open","ping_status":"open","sticky":false,"template":"","format":"standard","meta":{"footnotes":""},"categories":[36],"tags":[],"class_list":["post-15513","post","type-post","status-publish","format-standard","has-post-thumbnail","hentry","category-policial"],"jetpack_featured_media_url":"https:\/\/radiorevelacionfm.cl\/wp-content\/uploads\/2022\/04\/Accidente-Puente-Dona-Dora-1-1.jpg","_links":{"self":[{"href":"https:\/\/radiorevelacionfm.cl\/index.php?rest_route=\/wp\/v2\/posts\/15513","targetHints":{"allow":["GET"]}}],"collection":[{"href":"https:\/\/radiorevelacionfm.cl\/index.php?rest_route=\/wp\/v2\/posts"}],"about":[{"href":"https:\/\/radiorevelacionfm.cl\/index.php?rest_route=\/wp\/v2\/types\/post"}],"author":[{"embeddable":true,"href":"https:\/\/radiorevelacionfm.cl\/index.php?rest_route=\/wp\/v2\/users\/1"}],"replies":[{"embeddable":true,"href":"https:\/\/radiorevelacionfm.cl\/index.php?rest_route=%2Fwp%2Fv2%2Fcomments&post=15513"}],"version-history":[{"count":3,"href":"https:\/\/radiorevelacionfm.cl\/index.php?rest_route=\/wp\/v2\/posts\/15513\/revisions"}],"predecessor-version":[{"id":15516,"href":"https:\/\/radiorevelacionfm.cl\/index.php?rest_route=\/wp\/v2\/posts\/15513\/revisions\/15516"}],"wp:featuredmedia":[{"embeddable":true,"href":"https:\/\/radiorevelacionfm.cl\/index.php?rest_route=\/wp\/v2\/media\/15514"}],"wp:attachment":[{"href":"https:\/\/radiorevelacionfm.cl\/index.php?rest_route=%2Fwp%2Fv2%2Fmedia&parent=15513"}],"wp:term":[{"taxonomy":"category","embeddable":true,"href":"https:\/\/radiorevelacionfm.cl\/index.php?rest_route=%2Fwp%2Fv2%2Fcategories&post=15513"},{"taxonomy":"post_tag","embeddable":true,"href":"https:\/\/radiorevelacionfm.cl\/index.php?rest_route=%2Fwp%2Fv2%2Ftags&post=15513"}],"curies":[{"name":"wp","href":"https:\/\/api.w.org\/{rel}","templated":true}]}}