{"id":15510,"date":"2022-04-06T16:10:22","date_gmt":"2022-04-06T19:10:22","guid":{"rendered":"https:\/\/radiorevelacionfm.cl\/?p=15510"},"modified":"2022-04-06T16:10:22","modified_gmt":"2022-04-06T19:10:22","slug":"gobernadora-acompanada-del-alcalde-de-chile-chico-se-reunen-con-ministro-de-transportes-y-telecomunicaciones","status":"publish","type":"post","link":"https:\/\/radiorevelacionfm.cl\/?p=15510","title":{"rendered":"Gobernadora acompa\u00f1ada del alcalde de Chile Chico se re\u00fanen con Ministro de Transportes y Telecomunicaciones"},"content":{"rendered":"<div class=\"flex_column av_one_full  flex_column_div av-zero-column-padding first  avia-builder-el-0  el_before_av_one_full  avia-builder-el-first  \" style='border-radius:0px; '><div  class='avia-image-container  av-styling-    avia-builder-el-1  avia-builder-el-no-sibling  avia-align-center '  itemprop=\"image\" itemscope=\"itemscope\" itemtype=\"https:\/\/schema.org\/ImageObject\"  ><div class='avia-image-container-inner'><div class='avia-image-overlay-wrap'><img decoding=\"async\" class='wp-image-15511 avia-img-lazy-loading-not-15511 avia_image' src=\"https:\/\/radiorevelacionfm.cl\/wp-content\/uploads\/2022\/04\/3-25a-1-1.jpg\" alt='' title='3 (25)a (1) (1)' height=\"600\" width=\"1080\"  itemprop=\"thumbnailUrl\" srcset=\"https:\/\/radiorevelacionfm.cl\/wp-content\/uploads\/2022\/04\/3-25a-1-1.jpg 1080w, https:\/\/radiorevelacionfm.cl\/wp-content\/uploads\/2022\/04\/3-25a-1-1-300x167.jpg 300w, https:\/\/radiorevelacionfm.cl\/wp-content\/uploads\/2022\/04\/3-25a-1-1-1030x572.jpg 1030w, https:\/\/radiorevelacionfm.cl\/wp-content\/uploads\/2022\/04\/3-25a-1-1-768x427.jpg 768w, https:\/\/radiorevelacionfm.cl\/wp-content\/uploads\/2022\/04\/3-25a-1-1-705x392.jpg 705w, https:\/\/radiorevelacionfm.cl\/wp-content\/uploads\/2022\/04\/3-25a-1-1-600x333.jpg 600w\" sizes=\"(max-width: 1080px) 100vw, 1080px\" \/><\/div><\/div><\/div><\/div><div class=\"flex_column av_one_full  flex_column_div av-zero-column-padding first  avia-builder-el-2  el_after_av_one_full  el_before_av_one_full  column-top-margin\" style='border-radius:0px; '><section class=\"av_textblock_section \"  itemscope=\"itemscope\" itemtype=\"https:\/\/schema.org\/BlogPosting\" itemprop=\"blogPost\" ><div class='avia_textblock  '   itemprop=\"text\" ><p style=\"text-align: center;\"><strong><span style=\"font-size: 18pt;\">Gobernadora acompa\u00f1ada del alcalde de Chile Chico se re\u00fanen con Ministro de Transportes y Telecomunicaciones<\/span><\/strong><\/p>\n<div id=\"gtx-trans\" style=\"position: absolute; left: -50px; top: 4.31534px;\">\n<div class=\"gtx-trans-icon\"><\/div>\n<\/div>\n<\/div><\/section><\/div><div class=\"flex_column av_one_full  flex_column_div av-zero-column-padding first  avia-builder-el-4  el_after_av_one_full  el_before_av_hr  column-top-margin\" style='border-radius:0px; '><section class=\"av_textblock_section \"  itemscope=\"itemscope\" itemtype=\"https:\/\/schema.org\/BlogPosting\" itemprop=\"blogPost\" ><div class='avia_textblock  '   itemprop=\"text\" ><p style=\"text-align: justify;\">En una extensa reuni\u00f3n donde se abordaron los graves problemas de conectividad que vive la regi\u00f3n de Ays\u00e9n, sostuvo la m\u00e1xima autoridad de la regi\u00f3n acompa\u00f1ada por el alcalde Luperciano Mu\u00f1oz, de Chile Chico y el Ministro de Transportes y Telecomunicaciones, Juan Carlos Mu\u00f1oz.<\/p>\n<div style=\"text-align: justify;\">\n<p>\u00abHoy hemos abordado la situaci\u00f3n de conectividad de la regi\u00f3n en sus distintas \u00e1reas, como la terrestre, mar\u00edtima, lacustre y a\u00e9rea, dado que existe una demanda desde el territorio que a nuestro juicio no est\u00e1 siendo abordada de manera integral, pero que adem\u00e1s requiere de una revisi\u00f3n considerando sobre todo la extensi\u00f3n de nuestro territorio. Nos acompa\u00f1\u00f3, adem\u00e1s, el alcalde Luperciano Mu\u00f1oz porque, tal como lo hemos dicho siempre, los municipios son nuestros socios estrat\u00e9gicos. Las principales dificultades se viven al interior de los territorios, por lo que abordamos tambi\u00e9n la situaci\u00f3n de conectividad del Lago General Carrera y se han comprometido acciones de poder avanzar en soluciones que sean robustas, que sean permanentes y poder trabajar de manera coordinada con los distintos Ministerios que tienen injerencia en estas materias\u00bb, coment\u00f3 la Gobernadora Mac\u00edas.<\/p>\n<p style=\"text-align: justify;\">La delegaci\u00f3n de la regi\u00f3n de Ays\u00e9n, tambi\u00e9n estuvo compuesta por la Consejera Regional Paulina Hern\u00e1ndez quien reafirm\u00f3 las urgencias de conectividad al Ministro, hablando especialmente de la Provincia de General Carrera.<\/p>\n<p style=\"text-align: justify;\">Respecto a los temas planteados, el Ministro Mu\u00f1oz reafirm\u00f3 el compromiso del Gobierno del Presidente Gabriel Boric con las demandas de las regiones extremas.<\/p>\n<p style=\"text-align: justify;\">\u00abLa Gobernadora Regional ha sido muy enf\u00e1tica respecto de los problemas de conectividad y accesibilidad en materia no solamente de movilidad y transporte, sino que tambi\u00e9n de acceso en las telecomunicaciones que es un problema especialmente desafiante en una regi\u00f3n tan extensa como esta. Estoy muy agradecido de que se acerquen aqu\u00ed, al Ministerio, para poder traer los dolores y problemas para que nosotros podamos hacer tambi\u00e9n mejor nuestra labor\u00bb, afirm\u00f3 el jefe de la cartera.<\/p>\n<p style=\"text-align: justify;\">Las coordinaciones comprometidas incluyen la creaci\u00f3n de una mesa de trabajo con autoridades regionales, locales y representantes de la sociedad civil para trabajar, de una vez por todas, las dificultades que enfrenta la regi\u00f3n para su desarrollo.<\/p>\n<div style=\"text-align: justify;\"><\/div>\n<\/div>\n<\/div><\/section><\/div><div  style='height:50px' class='hr hr-invisible   avia-builder-el-6  el_after_av_one_full  el_before_av_social_share '><span class='hr-inner ' ><span class='hr-inner-style'><\/span><\/span><\/div><\/p>\n<div  class='av-social-sharing-box  avia-builder-el-7  el_after_av_hr  el_before_av_hr  '><div class='av-share-box'><h5 class='av-share-link-description av-no-toc '>Compartir esta noticia<\/h5><ul class='av-share-box-list noLightbox'><li class='av-share-link av-social-link-facebook' ><a target=\"_blank\" aria-label=\"Compartir en Facebook\" href='https:\/\/www.facebook.com\/sharer.php?u=https:\/\/radiorevelacionfm.cl\/?p=15510&#038;t=Gobernadora%20acompa%C3%B1ada%20del%20alcalde%20de%20Chile%20Chico%20se%20re%C3%BAnen%20con%20Ministro%20de%20Transportes%20y%20Telecomunicaciones' aria-hidden='false' data-av_icon='\ue8f3' data-av_iconfont='entypo-fontello' title='' data-avia-related-tooltip='Compartir en Facebook' rel=\"noopener\"><span class='avia_hidden_link_text'>Compartir en Facebook<\/span><\/a><\/li><li class='av-share-link av-social-link-twitter' ><a target=\"_blank\" aria-label=\"Compartir en Twitter\" href='https:\/\/twitter.com\/share?text=Gobernadora%20acompa%C3%B1ada%20del%20alcalde%20de%20Chile%20Chico%20se%20re%C3%BAnen%20con%20Ministro%20de%20Transportes%20y%20Telecomunicaciones&#038;url=https:\/\/radiorevelacionfm.cl\/?p=15510' aria-hidden='false' data-av_icon='\ue8f1' data-av_iconfont='entypo-fontello' title='' data-avia-related-tooltip='Compartir en Twitter' rel=\"noopener\"><span class='avia_hidden_link_text'>Compartir en Twitter<\/span><\/a><\/li><li class='av-share-link av-social-link-whatsapp' ><a target=\"_blank\" aria-label=\"Compartir en Whatsapp\" href='https:\/\/api.whatsapp.com\/send?text=https:\/\/radiorevelacionfm.cl\/?p=15510' aria-hidden='false' data-av_icon='\uf232' data-av_iconfont='entypo-fontello' title='' data-avia-related-tooltip='Compartir en Whatsapp' rel=\"noopener\"><span class='avia_hidden_link_text'>Compartir en Whatsapp<\/span><\/a><\/li><li class='av-share-link av-social-link-linkedin' ><a target=\"_blank\" aria-label=\"Compartir en LinkedIn\" href='https:\/\/linkedin.com\/shareArticle?mini=true&#038;title=Gobernadora%20acompa%C3%B1ada%20del%20alcalde%20de%20Chile%20Chico%20se%20re%C3%BAnen%20con%20Ministro%20de%20Transportes%20y%20Telecomunicaciones&#038;url=https:\/\/radiorevelacionfm.cl\/?p=15510' aria-hidden='false' data-av_icon='\ue8fc' data-av_iconfont='entypo-fontello' title='' data-avia-related-tooltip='Compartir en LinkedIn' rel=\"noopener\"><span class='avia_hidden_link_text'>Compartir en LinkedIn<\/span><\/a><\/li><li class='av-share-link av-social-link-mail' ><a  aria-label=\"Compartir por correo\" href='mailto:?subject=Gobernadora%20acompa%C3%B1ada%20del%20alcalde%20de%20Chile%20Chico%20se%20re%C3%BAnen%20con%20Ministro%20de%20Transportes%20y%20Telecomunicaciones&#038;body=https:\/\/radiorevelacionfm.cl\/?p=15510' aria-hidden='false' data-av_icon='\ue805' data-av_iconfont='entypo-fontello' title='' data-avia-related-tooltip='Compartir por correo'><span class='avia_hidden_link_text'>Compartir por correo<\/span><\/a><\/li><\/ul><\/div><\/div>\n<div  style='height:50px' class='hr hr-invisible   avia-builder-el-8  el_after_av_social_share  el_before_av_comments_list '><span class='hr-inner ' ><span class='hr-inner-style'><\/span><\/span><\/div>\n<div  class='av-buildercomment  av-blog-meta-html-info-disabled av-blog-meta-tag-disabled  '><\/div>\n","protected":false},"excerpt":{"rendered":"","protected":false},"author":1,"featured_media":15511,"comment_status":"open","ping_status":"open","sticky":false,"template":"","format":"standard","meta":{"footnotes":""},"categories":[38],"tags":[],"class_list":["post-15510","post","type-post","status-publish","format-standard","has-post-thumbnail","hentry","category-regional"],"jetpack_featured_media_url":"https:\/\/radiorevelacionfm.cl\/wp-content\/uploads\/2022\/04\/3-25a-1-1.jpg","_links":{"self":[{"href":"https:\/\/radiorevelacionfm.cl\/index.php?rest_route=\/wp\/v2\/posts\/15510","targetHints":{"allow":["GET"]}}],"collection":[{"href":"https:\/\/radiorevelacionfm.cl\/index.php?rest_route=\/wp\/v2\/posts"}],"about":[{"href":"https:\/\/radiorevelacionfm.cl\/index.php?rest_route=\/wp\/v2\/types\/post"}],"author":[{"embeddable":true,"href":"https:\/\/radiorevelacionfm.cl\/index.php?rest_route=\/wp\/v2\/users\/1"}],"replies":[{"embeddable":true,"href":"https:\/\/radiorevelacionfm.cl\/index.php?rest_route=%2Fwp%2Fv2%2Fcomments&post=15510"}],"version-history":[{"count":2,"href":"https:\/\/radiorevelacionfm.cl\/index.php?rest_route=\/wp\/v2\/posts\/15510\/revisions"}],"predecessor-version":[{"id":15518,"href":"https:\/\/radiorevelacionfm.cl\/index.php?rest_route=\/wp\/v2\/posts\/15510\/revisions\/15518"}],"wp:featuredmedia":[{"embeddable":true,"href":"https:\/\/radiorevelacionfm.cl\/index.php?rest_route=\/wp\/v2\/media\/15511"}],"wp:attachment":[{"href":"https:\/\/radiorevelacionfm.cl\/index.php?rest_route=%2Fwp%2Fv2%2Fmedia&parent=15510"}],"wp:term":[{"taxonomy":"category","embeddable":true,"href":"https:\/\/radiorevelacionfm.cl\/index.php?rest_route=%2Fwp%2Fv2%2Fcategories&post=15510"},{"taxonomy":"post_tag","embeddable":true,"href":"https:\/\/radiorevelacionfm.cl\/index.php?rest_route=%2Fwp%2Fv2%2Ftags&post=15510"}],"curies":[{"name":"wp","href":"https:\/\/api.w.org\/{rel}","templated":true}]}}