{"id":15502,"date":"2022-04-06T11:17:02","date_gmt":"2022-04-06T14:17:02","guid":{"rendered":"https:\/\/radiorevelacionfm.cl\/?p=15502"},"modified":"2022-04-06T11:17:02","modified_gmt":"2022-04-06T14:17:02","slug":"sernatur-resalta-exitosa-convocatoria-para-empresarios-y-gremios-a-digitalizar-oferta-turistica-en-el-destino-aysen-patagonia","status":"publish","type":"post","link":"https:\/\/radiorevelacionfm.cl\/?p=15502","title":{"rendered":"Sernatur resalta exitosa convocatoria para empresarios y gremios a digitalizar oferta tur\u00edstica en el Destino Ays\u00e9n Patagonia"},"content":{"rendered":"<div class=\"flex_column av_one_full  flex_column_div av-zero-column-padding first  avia-builder-el-0  el_before_av_one_full  avia-builder-el-first  \" style='border-radius:0px; '><div  class='avia-image-container  av-styling-    avia-builder-el-1  avia-builder-el-no-sibling  avia-align-center '  itemprop=\"image\" itemscope=\"itemscope\" itemtype=\"https:\/\/schema.org\/ImageObject\"  ><div class='avia-image-container-inner'><div class='avia-image-overlay-wrap'><img decoding=\"async\" class='wp-image-15503 avia-img-lazy-loading-not-15503 avia_image' src=\"https:\/\/radiorevelacionfm.cl\/wp-content\/uploads\/2022\/04\/perfil-02-1_optimized.jpg\" alt='' title='perfil-02-(1)_optimized' height=\"600\" width=\"910\"  itemprop=\"thumbnailUrl\" srcset=\"https:\/\/radiorevelacionfm.cl\/wp-content\/uploads\/2022\/04\/perfil-02-1_optimized.jpg 910w, https:\/\/radiorevelacionfm.cl\/wp-content\/uploads\/2022\/04\/perfil-02-1_optimized-300x198.jpg 300w, https:\/\/radiorevelacionfm.cl\/wp-content\/uploads\/2022\/04\/perfil-02-1_optimized-768x506.jpg 768w, https:\/\/radiorevelacionfm.cl\/wp-content\/uploads\/2022\/04\/perfil-02-1_optimized-705x465.jpg 705w, https:\/\/radiorevelacionfm.cl\/wp-content\/uploads\/2022\/04\/perfil-02-1_optimized-600x396.jpg 600w\" sizes=\"(max-width: 910px) 100vw, 910px\" \/><\/div><\/div><\/div><\/div><div class=\"flex_column av_one_full  flex_column_div av-zero-column-padding first  avia-builder-el-2  el_after_av_one_full  el_before_av_one_full  column-top-margin\" style='border-radius:0px; '><section class=\"av_textblock_section \"  itemscope=\"itemscope\" itemtype=\"https:\/\/schema.org\/BlogPosting\" itemprop=\"blogPost\" ><div class='avia_textblock  '   itemprop=\"text\" ><p style=\"text-align: center;\"><strong><span style=\"font-size: 18pt;\">Sernatur resalta exitosa convocatoria para empresarios y gremios a digitalizar oferta tur\u00edstica en el Destino Ays\u00e9n Patagonia <\/span><\/strong><\/p>\n<div id=\"gtx-trans\" style=\"position: absolute; left: -50px; top: 4.31534px;\">\n<div class=\"gtx-trans-icon\"><\/div>\n<\/div>\n<\/div><\/section><\/div><div class=\"flex_column av_one_full  flex_column_div av-zero-column-padding first  avia-builder-el-4  el_after_av_one_full  el_before_av_hr  column-top-margin\" style='border-radius:0px; '><section class=\"av_textblock_section \"  itemscope=\"itemscope\" itemtype=\"https:\/\/schema.org\/BlogPosting\" itemprop=\"blogPost\" ><div class='avia_textblock  '   itemprop=\"text\" ><div class=\"v1OutlineElement v1Ltr v1SCXW244845804 v1BCX0\">\n<p class=\"v1Paragraph v1SCXW244845804 v1BCX0\" lang=\"ES-ES\" style=\"text-align: justify;\"><span class=\"v1TextRun v1SCXW244845804 v1BCX0\" lang=\"ES-ES\"><span class=\"v1NormalTextRun v1SCXW244845804 v1BCX0\">Como resultado de las encuestas realizadas hace dos a\u00f1os desde\u00a0<\/span><span class=\"v1NormalTextRun v1SpellingErrorV2 v1SCXW244845804 v1BCX0\">Sernatur<\/span><span class=\"v1NormalTextRun v1SCXW244845804 v1BCX0\">\u00a0con prestadores de servicios tur\u00edsticos de la regi\u00f3n, a trav\u00e9s de la plataforma \u00abPerfil Digital\u00bb, se demostr\u00f3 la brecha existente en materia digital en los emprendimientos que se desarrollan en nuestra regi\u00f3n\u00a0<\/span><span class=\"v1NormalTextRun v1SCXW244845804 v1BCX0\">y su<\/span><span class=\"v1NormalTextRun v1SCXW244845804 v1BCX0\">\u00a0repercusi\u00f3n en la oferta de promoci\u00f3n del destino Ays\u00e9n Patagonia.\u00a0<\/span><\/span><span class=\"v1EOP v1SCXW244845804 v1BCX0\">\u00a0<\/span><\/p>\n<\/div>\n<div class=\"v1OutlineElement v1Ltr v1SCXW244845804 v1BCX0\" style=\"text-align: justify;\">\n<p class=\"v1Paragraph v1SCXW244845804 v1BCX0\" lang=\"ES-ES\"><span class=\"v1TextRun v1SCXW244845804 v1BCX0\" lang=\"ES-ES\"><span class=\"v1NormalTextRun v1SCXW244845804 v1BCX0\">El levantamiento fue realizado en el marco del programa \u00abGesti\u00f3n de Destino Tur\u00edstico Ays\u00e9n Patagonia\u00bb, con recursos del Fondo Nacional de Desarrollo Regional (FNDR), del Gobierno Regional de Ays\u00e9n, lo que permiti\u00f3 generar un plan de digitalizaci\u00f3n para apoyar al emprendimiento tur\u00edstico regional.<\/span><\/span><span class=\"v1EOP v1SCXW244845804 v1BCX0\">\u00a0<\/span><\/p>\n<\/div>\n<div class=\"v1OutlineElement v1Ltr v1SCXW244845804 v1BCX0\" style=\"text-align: justify;\">\n<p class=\"v1Paragraph v1SCXW244845804 v1BCX0\" lang=\"ES-ES\"><span class=\"v1TextRun v1SCXW244845804 v1BCX0\" lang=\"ES-ES\"><span class=\"v1NormalTextRun v1SCXW244845804 v1BCX0\">Es as\u00ed que este 30 de marzo se cerr\u00f3 el concurso \u00abPlan Digitalizaci\u00f3n Turismo\u00bb, el cual permitir\u00e1 crear o mejorar p\u00e1ginas web a 100 empresarios\/as de toda la regi\u00f3n de manera gratuita, m\u00e1s 20 cupos para organizaciones gremiales de todo el territorio, en un proceso de selecci\u00f3n donde se priorizar\u00e1n quienes participaron del levantamiento realizado el a\u00f1o 2020.<\/span><\/span><span class=\"v1EOP v1SCXW244845804 v1BCX0\">\u00a0<\/span><\/p>\n<\/div>\n<div class=\"v1OutlineElement v1Ltr v1SCXW244845804 v1BCX0\" style=\"text-align: justify;\">\n<p class=\"v1Paragraph v1SCXW244845804 v1BCX0\" lang=\"ES-ES\"><span class=\"v1TextRun v1SCXW244845804 v1BCX0\" lang=\"ES-ES\"><span class=\"v1NormalTextRun v1SCXW244845804 v1BCX0\">\u00abSi algo hemos aprendido con esta situaci\u00f3n de crisis que vivi\u00f3 el sector turismo a ra\u00edz de la pandemia, es que los temas digitales son cruciales a la hora de poder ofrecer y mostrar la oferta que tenemos como regi\u00f3n. En este sentido, a trav\u00e9s de un levantamiento que fue definido como el perfil digital, logramos visibilizar que aproximadamente un 50% de nuestra oferta tur\u00edstica tiene p\u00e1gina web y en el tema de la venta a trav\u00e9s de los mismos sitios web, la verdad que esa brecha ya pr\u00e1cticamente abismante. Y en ese sentido, creemos que un primer paso es ir fortaleciendo la oferta digital de nuestro destino\u00bb, se\u00f1al\u00f3 el\u00a0<\/span><span class=\"v1NormalTextRun v1SCXW244845804 v1BCX0\">director<\/span><span class=\"v1NormalTextRun v1SCXW244845804 v1BCX0\">\u00a0de\u00a0<\/span><span class=\"v1NormalTextRun v1SpellingErrorV2 v1SCXW244845804 v1BCX0\">Sernatur<\/span><span class=\"v1NormalTextRun v1SCXW244845804 v1BCX0\">, Patricio Bast\u00edas, quien recalc\u00f3 que el objetivo de esta iniciativa es enfocar los esfuerzos del sector p\u00fablico y privado en torno a generar un sistema integrado de ofertas y prestadores tur\u00edsticos de manera\u00a0<\/span><span class=\"v1NormalTextRun v1SCXW244845804 v1BCX0\">de contar<\/span><span class=\"v1NormalTextRun v1SCXW244845804 v1BCX0\">\u00a0con una oferta digital m\u00e1s amplia para el destino Ays\u00e9n Patagonia<\/span><\/span><span class=\"v1EOP v1SCXW244845804 v1BCX0\">\u00a0<\/span><\/p>\n<\/div>\n<div class=\"v1OutlineElement v1Ltr v1SCXW244845804 v1BCX0\" style=\"text-align: justify;\">\n<p class=\"v1Paragraph v1SCXW244845804 v1BCX0\" lang=\"ES-ES\"><span class=\"v1TextRun v1MacChromeBold v1SCXW244845804 v1BCX0\" lang=\"ES-ES\"><span class=\"v1NormalTextRun v1SCXW244845804 v1BCX0\">Seleccionados<\/span><\/span><span class=\"v1EOP v1SCXW244845804 v1BCX0\">\u00a0<\/span><\/p>\n<\/div>\n<div class=\"v1OutlineElement v1Ltr v1SCXW244845804 v1BCX0\" style=\"text-align: justify;\">\n<p class=\"v1Paragraph v1SCXW244845804 v1BCX0\" lang=\"ES-ES\"><span class=\"v1TextRun v1SCXW244845804 v1BCX0\" lang=\"ES-ES\"><span class=\"v1NormalTextRun v1SCXW244845804 v1BCX0\">Tras la postulaci\u00f3n fueron cerca de 120 las empresas que participaron de esta convocatoria, de las 10 comunas de la regi\u00f3n, quedando seleccionados 100 emprendimientos quienes ahora se sumaran a las capacitaciones a cargo de la empresa\u00a0<\/span><span class=\"v1NormalTextRun v1SpellingErrorV2 v1SCXW244845804 v1BCX0\">TChile<\/span><span class=\"v1NormalTextRun v1SCXW244845804 v1BCX0\">\u00a0a trav\u00e9s de un aula virtual, donde se incluyen m\u00f3dulos, sobre creaci\u00f3n y administraci\u00f3n de contenido; uso de redes sociales para aumentar visualizaci\u00f3n entre otras materias.<\/span><\/span><span class=\"v1EOP v1SCXW244845804 v1BCX0\">\u00a0<\/span><\/p>\n<\/div>\n<div class=\"v1OutlineElement v1Ltr v1SCXW244845804 v1BCX0\" style=\"text-align: justify;\">\n<p class=\"v1Paragraph v1SCXW244845804 v1BCX0\" lang=\"ES-ES\"><span class=\"v1TextRun v1SCXW244845804 v1BCX0\" lang=\"ES-ES\"><span class=\"v1NormalTextRun v1SCXW244845804 v1BCX0\">Asimismo 20 gremios tur\u00edsticos fueron los seleccionados a formar parte de esta iniciativa, con agrupaciones que van desde Lago Verde hasta Villa O&#8217;Higgins y que en total suman a 340 socios\/as. organizaciones que se sumaran a este plan cuyo objetivo general es generar\u00a0<\/span><span class=\"v1NormalTextRun v1SCXW244845804 v1BCX0\">p\u00e1ginas<\/span><span class=\"v1NormalTextRun v1SCXW244845804 v1BCX0\">\u00a0web que contengan la esencia y atributos declarados por las entidades, pero que permita generar plataformas virtuales que se conecten con Ays\u00e9n Patagonia.<\/span><\/span><span class=\"v1EOP v1SCXW244845804 v1BCX0\">\u00a0<\/span><\/p>\n<\/div>\n<div class=\"v1OutlineElement v1Ltr v1SCXW244845804 v1BCX0\" style=\"text-align: justify;\">\n<p class=\"v1Paragraph v1SCXW244845804 v1BCX0\" lang=\"ES-ES\"><span class=\"v1TextRun v1SCXW244845804 v1BCX0\" lang=\"ES-ES\"><span class=\"v1NormalTextRun v1SCXW244845804 v1BCX0\">\u00abLa comuna de Lago Verde es muy hermosa, aun cuando tenemos una se\u00f1al bastante deficiente en comparaci\u00f3n al resto, es empezar con algo.\u00a0 Vamos a poder mostrar nuestros servicios y tambi\u00e9n estar a la altura de las dem\u00e1s localidades, que muestran lo que tienen, las bellezas naturales y lo que pueden ofrecerle al mundo entero\u00bb, se\u00f1al\u00f3 la dirigente Gladys Soto Sol\u00eds, secretaria de la Asociaci\u00f3n Gremial de Comercio y turismo, \u00abHuellas de los Troperos\u00bb de Lago Verde una de las organizaciones que se sumar\u00e1n a estas iniciativas.<\/span><\/span><span class=\"v1EOP v1SCXW244845804 v1BCX0\">\u00a0<\/span><\/p>\n<\/div>\n<div class=\"v1OutlineElement v1Ltr v1SCXW244845804 v1BCX0\" style=\"text-align: justify;\">\n<p class=\"v1Paragraph v1SCXW244845804 v1BCX0\" lang=\"ES-ES\"><span class=\"v1TextRun v1SCXW244845804 v1BCX0\" lang=\"ES-ES\"><span class=\"v1NormalTextRun v1SCXW244845804 v1BCX0\">De forma tal forma el Plan Digital Turismo, impulsado por\u00a0<\/span><span class=\"v1NormalTextRun v1SpellingErrorV2 v1SCXW244845804 v1BCX0\">Sernatur<\/span><span class=\"v1NormalTextRun v1SCXW244845804 v1BCX0\">\u00a0Ays\u00e9n con apoyo del Gobierno Regional, busca abordar las brechas en materia de difusi\u00f3n de prestadores y organizaciones concentrando su mirada en solidificar el destino Ays\u00e9n Patagonia a trav\u00e9s de la presentaci\u00f3n de la oferta de manera coordinada y cohesionada.<\/span><\/span><span class=\"v1EOP v1SCXW244845804 v1BCX0\">\u00a0<\/span><\/p>\n<\/div>\n<div class=\"v1OutlineElement v1Ltr v1SCXW244845804 v1BCX0\">\n<p class=\"v1Paragraph v1SCXW244845804 v1BCX0\" lang=\"ES-ES\" style=\"text-align: justify;\"><span class=\"v1EOP v1SCXW244845804 v1BCX0\">\u00a0<\/span><\/p>\n<\/div>\n<\/div><\/section><\/div><div  style='height:50px' class='hr hr-invisible   avia-builder-el-6  el_after_av_one_full  el_before_av_social_share '><span class='hr-inner ' ><span class='hr-inner-style'><\/span><\/span><\/div><\/p>\n<div  class='av-social-sharing-box  avia-builder-el-7  el_after_av_hr  el_before_av_hr  '><div class='av-share-box'><h5 class='av-share-link-description av-no-toc '>Compartir esta noticia<\/h5><ul class='av-share-box-list noLightbox'><li class='av-share-link av-social-link-facebook' ><a target=\"_blank\" aria-label=\"Compartir en Facebook\" href='https:\/\/www.facebook.com\/sharer.php?u=https:\/\/radiorevelacionfm.cl\/?p=15502&#038;t=Sernatur%20resalta%20exitosa%20convocatoria%20para%20empresarios%20y%20gremios%20a%20digitalizar%20oferta%20tur%C3%ADstica%20en%20el%20Destino%20Ays%C3%A9n%20Patagonia' aria-hidden='false' data-av_icon='\ue8f3' data-av_iconfont='entypo-fontello' title='' data-avia-related-tooltip='Compartir en Facebook' rel=\"noopener\"><span class='avia_hidden_link_text'>Compartir en Facebook<\/span><\/a><\/li><li class='av-share-link av-social-link-twitter' ><a target=\"_blank\" aria-label=\"Compartir en Twitter\" href='https:\/\/twitter.com\/share?text=Sernatur%20resalta%20exitosa%20convocatoria%20para%20empresarios%20y%20gremios%20a%20digitalizar%20oferta%20tur%C3%ADstica%20en%20el%20Destino%20Ays%C3%A9n%20Patagonia&#038;url=https:\/\/radiorevelacionfm.cl\/?p=15502' aria-hidden='false' data-av_icon='\ue8f1' data-av_iconfont='entypo-fontello' title='' data-avia-related-tooltip='Compartir en Twitter' rel=\"noopener\"><span class='avia_hidden_link_text'>Compartir en Twitter<\/span><\/a><\/li><li class='av-share-link av-social-link-whatsapp' ><a target=\"_blank\" aria-label=\"Compartir en Whatsapp\" href='https:\/\/api.whatsapp.com\/send?text=https:\/\/radiorevelacionfm.cl\/?p=15502' aria-hidden='false' data-av_icon='\uf232' data-av_iconfont='entypo-fontello' title='' data-avia-related-tooltip='Compartir en Whatsapp' rel=\"noopener\"><span class='avia_hidden_link_text'>Compartir en Whatsapp<\/span><\/a><\/li><li class='av-share-link av-social-link-linkedin' ><a target=\"_blank\" aria-label=\"Compartir en LinkedIn\" href='https:\/\/linkedin.com\/shareArticle?mini=true&#038;title=Sernatur%20resalta%20exitosa%20convocatoria%20para%20empresarios%20y%20gremios%20a%20digitalizar%20oferta%20tur%C3%ADstica%20en%20el%20Destino%20Ays%C3%A9n%20Patagonia&#038;url=https:\/\/radiorevelacionfm.cl\/?p=15502' aria-hidden='false' data-av_icon='\ue8fc' data-av_iconfont='entypo-fontello' title='' data-avia-related-tooltip='Compartir en LinkedIn' rel=\"noopener\"><span class='avia_hidden_link_text'>Compartir en LinkedIn<\/span><\/a><\/li><li class='av-share-link av-social-link-mail' ><a  aria-label=\"Compartir por correo\" href='mailto:?subject=Sernatur%20resalta%20exitosa%20convocatoria%20para%20empresarios%20y%20gremios%20a%20digitalizar%20oferta%20tur%C3%ADstica%20en%20el%20Destino%20Ays%C3%A9n%20Patagonia&#038;body=https:\/\/radiorevelacionfm.cl\/?p=15502' aria-hidden='false' data-av_icon='\ue805' data-av_iconfont='entypo-fontello' title='' data-avia-related-tooltip='Compartir por correo'><span class='avia_hidden_link_text'>Compartir por correo<\/span><\/a><\/li><\/ul><\/div><\/div>\n<div  style='height:50px' class='hr hr-invisible   avia-builder-el-8  el_after_av_social_share  el_before_av_comments_list '><span class='hr-inner ' ><span class='hr-inner-style'><\/span><\/span><\/div>\n<div  class='av-buildercomment  av-blog-meta-html-info-disabled av-blog-meta-tag-disabled  '><\/div>\n","protected":false},"excerpt":{"rendered":"","protected":false},"author":1,"featured_media":15503,"comment_status":"open","ping_status":"open","sticky":false,"template":"","format":"standard","meta":{"footnotes":""},"categories":[54],"tags":[],"class_list":["post-15502","post","type-post","status-publish","format-standard","has-post-thumbnail","hentry","category-turismo"],"jetpack_featured_media_url":"https:\/\/radiorevelacionfm.cl\/wp-content\/uploads\/2022\/04\/perfil-02-1_optimized.jpg","_links":{"self":[{"href":"https:\/\/radiorevelacionfm.cl\/index.php?rest_route=\/wp\/v2\/posts\/15502","targetHints":{"allow":["GET"]}}],"collection":[{"href":"https:\/\/radiorevelacionfm.cl\/index.php?rest_route=\/wp\/v2\/posts"}],"about":[{"href":"https:\/\/radiorevelacionfm.cl\/index.php?rest_route=\/wp\/v2\/types\/post"}],"author":[{"embeddable":true,"href":"https:\/\/radiorevelacionfm.cl\/index.php?rest_route=\/wp\/v2\/users\/1"}],"replies":[{"embeddable":true,"href":"https:\/\/radiorevelacionfm.cl\/index.php?rest_route=%2Fwp%2Fv2%2Fcomments&post=15502"}],"version-history":[{"count":2,"href":"https:\/\/radiorevelacionfm.cl\/index.php?rest_route=\/wp\/v2\/posts\/15502\/revisions"}],"predecessor-version":[{"id":15505,"href":"https:\/\/radiorevelacionfm.cl\/index.php?rest_route=\/wp\/v2\/posts\/15502\/revisions\/15505"}],"wp:featuredmedia":[{"embeddable":true,"href":"https:\/\/radiorevelacionfm.cl\/index.php?rest_route=\/wp\/v2\/media\/15503"}],"wp:attachment":[{"href":"https:\/\/radiorevelacionfm.cl\/index.php?rest_route=%2Fwp%2Fv2%2Fmedia&parent=15502"}],"wp:term":[{"taxonomy":"category","embeddable":true,"href":"https:\/\/radiorevelacionfm.cl\/index.php?rest_route=%2Fwp%2Fv2%2Fcategories&post=15502"},{"taxonomy":"post_tag","embeddable":true,"href":"https:\/\/radiorevelacionfm.cl\/index.php?rest_route=%2Fwp%2Fv2%2Ftags&post=15502"}],"curies":[{"name":"wp","href":"https:\/\/api.w.org\/{rel}","templated":true}]}}