{"id":15496,"date":"2022-04-05T20:41:09","date_gmt":"2022-04-05T23:41:09","guid":{"rendered":"https:\/\/radiorevelacionfm.cl\/?p=15496"},"modified":"2022-04-05T20:41:09","modified_gmt":"2022-04-05T23:41:09","slug":"desarticulan-banda-delictual-que-operaba-en-el-centro-de-coyhaique","status":"publish","type":"post","link":"https:\/\/radiorevelacionfm.cl\/?p=15496","title":{"rendered":"Desarticulan banda delictual que operaba en el centro de Coyhaique"},"content":{"rendered":"<div class=\"flex_column av_one_full  flex_column_div av-zero-column-padding first  avia-builder-el-0  el_before_av_one_full  avia-builder-el-first  \" style='border-radius:0px; '><div  class='avia-image-container  av-styling-    avia-builder-el-1  avia-builder-el-no-sibling  avia-align-center '  itemprop=\"image\" itemscope=\"itemscope\" itemtype=\"https:\/\/schema.org\/ImageObject\"  ><div class='avia-image-container-inner'><div class='avia-image-overlay-wrap'><img decoding=\"async\" class='wp-image-15497 avia-img-lazy-loading-not-15497 avia_image' src=\"https:\/\/radiorevelacionfm.cl\/wp-content\/uploads\/2022\/04\/Punto-de-prensa-PDI-y-Fiscalia-biro-desarticulacion-banda-criminal-001-1.jpeg\" alt='' title='Punto de prensa PDI y Fiscal\u00eda - biro desarticulaci\u00f3n banda criminal 001 (1)' height=\"600\" width=\"900\"  itemprop=\"thumbnailUrl\" srcset=\"https:\/\/radiorevelacionfm.cl\/wp-content\/uploads\/2022\/04\/Punto-de-prensa-PDI-y-Fiscalia-biro-desarticulacion-banda-criminal-001-1.jpeg 900w, https:\/\/radiorevelacionfm.cl\/wp-content\/uploads\/2022\/04\/Punto-de-prensa-PDI-y-Fiscalia-biro-desarticulacion-banda-criminal-001-1-300x200.jpeg 300w, https:\/\/radiorevelacionfm.cl\/wp-content\/uploads\/2022\/04\/Punto-de-prensa-PDI-y-Fiscalia-biro-desarticulacion-banda-criminal-001-1-768x512.jpeg 768w, https:\/\/radiorevelacionfm.cl\/wp-content\/uploads\/2022\/04\/Punto-de-prensa-PDI-y-Fiscalia-biro-desarticulacion-banda-criminal-001-1-705x470.jpeg 705w, https:\/\/radiorevelacionfm.cl\/wp-content\/uploads\/2022\/04\/Punto-de-prensa-PDI-y-Fiscalia-biro-desarticulacion-banda-criminal-001-1-600x400.jpeg 600w\" sizes=\"(max-width: 900px) 100vw, 900px\" \/><\/div><\/div><\/div><\/div><div class=\"flex_column av_one_full  flex_column_div av-zero-column-padding first  avia-builder-el-2  el_after_av_one_full  el_before_av_one_full  column-top-margin\" style='border-radius:0px; '><section class=\"av_textblock_section \"  itemscope=\"itemscope\" itemtype=\"https:\/\/schema.org\/BlogPosting\" itemprop=\"blogPost\" ><div class='avia_textblock  '   itemprop=\"text\" ><p style=\"text-align: center;\"><span style=\"font-size: 18pt;\"><strong>Desarticulan banda delictual que operaba en el centro de Coyhaique<\/strong><\/span><\/p>\n<div id=\"gtx-trans\" style=\"position: absolute; left: -50px; top: 4.31534px;\">\n<div class=\"gtx-trans-icon\"><\/div>\n<\/div>\n<\/div><\/section><\/div><div class=\"flex_column av_one_full  flex_column_div av-zero-column-padding first  avia-builder-el-4  el_after_av_one_full  el_before_av_hr  column-top-margin\" style='border-radius:0px; '><section class=\"av_textblock_section \"  itemscope=\"itemscope\" itemtype=\"https:\/\/schema.org\/BlogPosting\" itemprop=\"blogPost\" ><div class='avia_textblock  '   itemprop=\"text\" ><p style=\"text-align: justify;\">En un trabajo investigativo entre el Ministerio P\u00fablico y la Polic\u00eda de Investigaciones de Chile, detectives de la Brigada Investigadora de Robos (BIRO) Coyhaique detuvieron a tres adolescentes imputados por delitos de robo en lugar no habitado y robo con violencia, hechos ocurridos en el centro de la ciudad de Coyhaique entre octubre de 2021 y febrero del presente a\u00f1o, desarticulando una joven banda delictual que operaba en la comuna.<\/p>\n<p style=\"text-align: justify;\">Al respecto, el fiscal jefe de la Fiscal\u00eda Local de Coyhaique, Jos\u00e9 Moris, se\u00f1al\u00f3 que \u201cjunto a la PDI se han investigado una seguidilla de robos que han afectado a la ciudad desde fines del a\u00f1o pasado. El primero de ellos corresponde a un robo con violencia que afect\u00f3 a un local comercial en Calle Freire que tuvo en principio la participaci\u00f3n de Carabineros que logr\u00f3 la detenci\u00f3n de dos imputados en flagrancia, pero luego de ello, ya que hab\u00eda seis participantes se envi\u00f3 una orden de investigar a la Polic\u00eda de Investigaciones, espec\u00edficamente a la Brigada Investigadora de Robos, para lograr la identificaci\u00f3n de los restantes sujetos\u201d.<\/p>\n<p style=\"text-align: justify;\">Sobre el resultado de las diligencias, el fiscal Jos\u00e9 Moris indic\u00f3 que \u201cefectivamente las labores investigativas de la PDI lograron la identificaci\u00f3n de otras tres personas, menores de edad, que est\u00e1n formalizados y en internaci\u00f3n provisoria en Coyhaique\u201d.<\/p>\n<p style=\"text-align: justify;\"><strong>Investigaci\u00f3n y an\u00e1lisis criminal<\/strong><\/p>\n<p style=\"text-align: justify;\">Sobre el trabajo de la PDI, el subprefecto V\u00edctor Toledo, jefe de la Brigada Investigadora de Robos Coyhaique, puntualiz\u00f3 que \u201cla Polic\u00eda de Investigaciones a trav\u00e9s de la Brigada Investigadora de Robos Coyhaique tom\u00f3 conocimiento de diversos delitos que estaban aconteciendo durante la noche en el sector c\u00e9ntrico de Coyhaique, logrando identificar y posicionar a una banda delictual compuesta por j\u00f3venes\u201d, acotando que \u201ccon los antecedentes proporcionados al Ministerio P\u00fablico se gestionaron las respectivas \u00f3rdenes de detenci\u00f3n las que se llevaron a cabo durante el \u00faltimo tiempo y, con un trabajo de an\u00e1lisis criminal, es que logramos aclarar al menos cinco delitos\u201d.<\/p>\n<p style=\"text-align: justify;\">Fue una investigaci\u00f3n donde \u201cse explotaron diferentes t\u00e9cnicas investigativas, como diversos empadronamientos, revisi\u00f3n de im\u00e1genes de c\u00e1maras de seguridad, comparaci\u00f3n de vestimentas y otras t\u00e9cnicas de investigaci\u00f3n para el posicionamiento de los integrantes de esta banda criminal, antecedentes que fueron puestos a disposici\u00f3n del Ministerio P\u00fablico, quienes solicitaron las respectivas \u00f3rdenes de detenci\u00f3n\u201d, indic\u00f3 el jefe de la BIRO Coyhaique.<\/p>\n<p style=\"text-align: justify;\"><strong>Focos criminales<\/strong><\/p>\n<p style=\"text-align: justify;\">El fiscal Jos\u00e9 Moris precis\u00f3 que \u201cadem\u00e1s de los hechos ya mencionados, actualmente estamos trabajando con la Brigada Investigadora de Robos, con distintos niveles de avances estando a la espera de las \u00faltimas pericias e informes, a efecto de poder solicitar las formalizaciones en diversos otros casos que han afectado a la ciudad. Estamos analizando la participaci\u00f3n de bandas delictuales, como la que logramos desarticular\u201d.<\/p>\n<p style=\"text-align: justify;\">Por su parte, el subprefecto V\u00edctor Toledo recalc\u00f3 que \u201ccomo Brigada Investigadora de Robos continuamos desarrollando distintas diligencias a partir de diferentes delitos que ocurrieron en la comuna de Coyhaique\u201d, con el fin de lograr esclarecerlos.<\/p>\n<p style=\"text-align: justify;\">La PDI est\u00e1 trabajando con el Sistema de An\u00e1lisis Criminal y Focos Investigativos (SACFI) de la Fiscal\u00eda Regional de Ays\u00e9n, reuniendo causas, buscando patrones y din\u00e1micas delictuales comunes para que en el respectivo an\u00e1lisis se pueda identificar a quienes cometen este tipo de hechos en la ciudad, \u201ctenemos varias investigaciones en curso con diligencias en desarrollo a la espera de resultados, contribuyendo a la seguridad de la comunidad\u201d, finaliz\u00f3 el jefe de la BIRO Coyhaique.<\/p>\n<\/div><\/section><\/div><div  style='height:50px' class='hr hr-invisible   avia-builder-el-6  el_after_av_one_full  el_before_av_social_share '><span class='hr-inner ' ><span class='hr-inner-style'><\/span><\/span><\/div><\/p>\n<div  class='av-social-sharing-box  avia-builder-el-7  el_after_av_hr  el_before_av_hr  '><div class='av-share-box'><h5 class='av-share-link-description av-no-toc '>Compartir esta noticia<\/h5><ul class='av-share-box-list noLightbox'><li class='av-share-link av-social-link-facebook' ><a target=\"_blank\" aria-label=\"Compartir en Facebook\" href='https:\/\/www.facebook.com\/sharer.php?u=https:\/\/radiorevelacionfm.cl\/?p=15496&#038;t=Desarticulan%20banda%20delictual%20que%20operaba%20en%20el%20centro%20de%20Coyhaique' aria-hidden='false' data-av_icon='\ue8f3' data-av_iconfont='entypo-fontello' title='' data-avia-related-tooltip='Compartir en Facebook' rel=\"noopener\"><span class='avia_hidden_link_text'>Compartir en Facebook<\/span><\/a><\/li><li class='av-share-link av-social-link-twitter' ><a target=\"_blank\" aria-label=\"Compartir en Twitter\" href='https:\/\/twitter.com\/share?text=Desarticulan%20banda%20delictual%20que%20operaba%20en%20el%20centro%20de%20Coyhaique&#038;url=https:\/\/radiorevelacionfm.cl\/?p=15496' aria-hidden='false' data-av_icon='\ue8f1' data-av_iconfont='entypo-fontello' title='' data-avia-related-tooltip='Compartir en Twitter' rel=\"noopener\"><span class='avia_hidden_link_text'>Compartir en Twitter<\/span><\/a><\/li><li class='av-share-link av-social-link-whatsapp' ><a target=\"_blank\" aria-label=\"Compartir en Whatsapp\" href='https:\/\/api.whatsapp.com\/send?text=https:\/\/radiorevelacionfm.cl\/?p=15496' aria-hidden='false' data-av_icon='\uf232' data-av_iconfont='entypo-fontello' title='' data-avia-related-tooltip='Compartir en Whatsapp' rel=\"noopener\"><span class='avia_hidden_link_text'>Compartir en Whatsapp<\/span><\/a><\/li><li class='av-share-link av-social-link-linkedin' ><a target=\"_blank\" aria-label=\"Compartir en LinkedIn\" href='https:\/\/linkedin.com\/shareArticle?mini=true&#038;title=Desarticulan%20banda%20delictual%20que%20operaba%20en%20el%20centro%20de%20Coyhaique&#038;url=https:\/\/radiorevelacionfm.cl\/?p=15496' aria-hidden='false' data-av_icon='\ue8fc' data-av_iconfont='entypo-fontello' title='' data-avia-related-tooltip='Compartir en LinkedIn' rel=\"noopener\"><span class='avia_hidden_link_text'>Compartir en LinkedIn<\/span><\/a><\/li><li class='av-share-link av-social-link-mail' ><a  aria-label=\"Compartir por correo\" href='mailto:?subject=Desarticulan%20banda%20delictual%20que%20operaba%20en%20el%20centro%20de%20Coyhaique&#038;body=https:\/\/radiorevelacionfm.cl\/?p=15496' aria-hidden='false' data-av_icon='\ue805' data-av_iconfont='entypo-fontello' title='' data-avia-related-tooltip='Compartir por correo'><span class='avia_hidden_link_text'>Compartir por correo<\/span><\/a><\/li><\/ul><\/div><\/div>\n<div  style='height:50px' class='hr hr-invisible   avia-builder-el-8  el_after_av_social_share  el_before_av_comments_list '><span class='hr-inner ' ><span class='hr-inner-style'><\/span><\/span><\/div>\n<div  class='av-buildercomment  av-blog-meta-html-info-disabled av-blog-meta-tag-disabled  '><\/div>\n","protected":false},"excerpt":{"rendered":"","protected":false},"author":1,"featured_media":15497,"comment_status":"open","ping_status":"open","sticky":false,"template":"","format":"standard","meta":{"footnotes":""},"categories":[36],"tags":[],"class_list":["post-15496","post","type-post","status-publish","format-standard","has-post-thumbnail","hentry","category-policial"],"jetpack_featured_media_url":"https:\/\/radiorevelacionfm.cl\/wp-content\/uploads\/2022\/04\/Punto-de-prensa-PDI-y-Fiscalia-biro-desarticulacion-banda-criminal-001-1.jpeg","_links":{"self":[{"href":"https:\/\/radiorevelacionfm.cl\/index.php?rest_route=\/wp\/v2\/posts\/15496","targetHints":{"allow":["GET"]}}],"collection":[{"href":"https:\/\/radiorevelacionfm.cl\/index.php?rest_route=\/wp\/v2\/posts"}],"about":[{"href":"https:\/\/radiorevelacionfm.cl\/index.php?rest_route=\/wp\/v2\/types\/post"}],"author":[{"embeddable":true,"href":"https:\/\/radiorevelacionfm.cl\/index.php?rest_route=\/wp\/v2\/users\/1"}],"replies":[{"embeddable":true,"href":"https:\/\/radiorevelacionfm.cl\/index.php?rest_route=%2Fwp%2Fv2%2Fcomments&post=15496"}],"version-history":[{"count":2,"href":"https:\/\/radiorevelacionfm.cl\/index.php?rest_route=\/wp\/v2\/posts\/15496\/revisions"}],"predecessor-version":[{"id":15499,"href":"https:\/\/radiorevelacionfm.cl\/index.php?rest_route=\/wp\/v2\/posts\/15496\/revisions\/15499"}],"wp:featuredmedia":[{"embeddable":true,"href":"https:\/\/radiorevelacionfm.cl\/index.php?rest_route=\/wp\/v2\/media\/15497"}],"wp:attachment":[{"href":"https:\/\/radiorevelacionfm.cl\/index.php?rest_route=%2Fwp%2Fv2%2Fmedia&parent=15496"}],"wp:term":[{"taxonomy":"category","embeddable":true,"href":"https:\/\/radiorevelacionfm.cl\/index.php?rest_route=%2Fwp%2Fv2%2Fcategories&post=15496"},{"taxonomy":"post_tag","embeddable":true,"href":"https:\/\/radiorevelacionfm.cl\/index.php?rest_route=%2Fwp%2Fv2%2Ftags&post=15496"}],"curies":[{"name":"wp","href":"https:\/\/api.w.org\/{rel}","templated":true}]}}