{"id":15491,"date":"2022-04-06T10:06:10","date_gmt":"2022-04-06T13:06:10","guid":{"rendered":"https:\/\/radiorevelacionfm.cl\/?p=15491"},"modified":"2022-04-06T10:06:10","modified_gmt":"2022-04-06T13:06:10","slug":"mesa-intersectorial-de-prevencion-en-violencia-contra-las-mujeres-convoca-a-actores-del-mundo-publico-y-privado","status":"publish","type":"post","link":"https:\/\/radiorevelacionfm.cl\/?p=15491","title":{"rendered":"Mesa Intersectorial de Prevenci\u00f3n en Violencia Contra las Mujeres convoca a actores del mundo p\u00fablico y privado"},"content":{"rendered":"<div class=\"flex_column av_one_full  flex_column_div av-zero-column-padding first  avia-builder-el-0  el_before_av_one_full  avia-builder-el-first  \" style='border-radius:0px; '><div  class='avia-image-container  av-styling-    avia-builder-el-1  avia-builder-el-no-sibling  avia-align-center '  itemprop=\"image\" itemscope=\"itemscope\" itemtype=\"https:\/\/schema.org\/ImageObject\"  ><div class='avia-image-container-inner'><div class='avia-image-overlay-wrap'><img decoding=\"async\" class='wp-image-15492 avia-img-lazy-loading-not-15492 avia_image' src=\"https:\/\/radiorevelacionfm.cl\/wp-content\/uploads\/2022\/04\/foto-2-13-3_optimized.jpg\" alt='' title='foto-2-(13)-(3)_optimized' height=\"600\" width=\"900\"  itemprop=\"thumbnailUrl\" srcset=\"https:\/\/radiorevelacionfm.cl\/wp-content\/uploads\/2022\/04\/foto-2-13-3_optimized.jpg 900w, https:\/\/radiorevelacionfm.cl\/wp-content\/uploads\/2022\/04\/foto-2-13-3_optimized-300x200.jpg 300w, https:\/\/radiorevelacionfm.cl\/wp-content\/uploads\/2022\/04\/foto-2-13-3_optimized-768x512.jpg 768w, https:\/\/radiorevelacionfm.cl\/wp-content\/uploads\/2022\/04\/foto-2-13-3_optimized-705x470.jpg 705w, https:\/\/radiorevelacionfm.cl\/wp-content\/uploads\/2022\/04\/foto-2-13-3_optimized-600x400.jpg 600w\" sizes=\"(max-width: 900px) 100vw, 900px\" \/><\/div><\/div><\/div><\/div><div class=\"flex_column av_one_full  flex_column_div av-zero-column-padding first  avia-builder-el-2  el_after_av_one_full  el_before_av_one_full  column-top-margin\" style='border-radius:0px; '><section class=\"av_textblock_section \"  itemscope=\"itemscope\" itemtype=\"https:\/\/schema.org\/BlogPosting\" itemprop=\"blogPost\" ><div class='avia_textblock  '   itemprop=\"text\" ><p style=\"text-align: center;\"><span style=\"font-size: 18pt;\"><strong>Mesa Intersectorial de Prevenci\u00f3n en Violencia Contra las Mujeres convoca a actores del mundo p\u00fablico y privado<\/strong><\/span><\/p>\n<div id=\"gtx-trans\" style=\"position: absolute; left: -50px; top: 4.31534px;\">\n<div class=\"gtx-trans-icon\"><\/div>\n<\/div>\n<\/div><\/section><\/div><div class=\"flex_column av_one_full  flex_column_div av-zero-column-padding first  avia-builder-el-4  el_after_av_one_full  el_before_av_hr  column-top-margin\" style='border-radius:0px; '><section class=\"av_textblock_section \"  itemscope=\"itemscope\" itemtype=\"https:\/\/schema.org\/BlogPosting\" itemprop=\"blogPost\" ><div class='avia_textblock  '   itemprop=\"text\" ><p style=\"text-align: justify;\">El jueves 31 de marzo, entidades p\u00fablicas y privadas de la comuna encabezadas por el Centro de la Mujer Naa Alver\u00e9, dieron inicio en el auditorio de la Municipalidad de Ays\u00e9n a la Mesa Intersectorial de Prevenci\u00f3n en Violencia Contra las Mujeres (VCM). El compromiso colaborativo sellado por las y los asistentes tiene por foco a los j\u00f3venes y la erradicaci\u00f3n del problema sociocultural en los c\u00f3digos de comportamientos.<\/p>\n<p style=\"text-align: justify;\">Esta red implementada a partir de 2017, y que a futuro pretende incorporar a colectivos del grupo objetivo, \u201cviene a cambiar la mirada con respecto a c\u00f3mo las juventudes est\u00e1n insertas en nuestro territorio. Se le da una prioridad desde una mirada y enfoque juvenil, y tambi\u00e9n en la b\u00fasqueda de eliminar el adultocentrismo dentro de estos espacios\u201d, manifest\u00f3 Lesli Bruna, encargada Territorial de Prevenci\u00f3n del Centro de la Mujer Naa Alver\u00e9.<\/p>\n<p style=\"text-align: justify;\">Lo anterior incluye la intervenci\u00f3n en establecimientos educacionales, en donde ni\u00f1as y ni\u00f1os a\u00fan est\u00e1n en proceso de crecimiento, por lo que la profesional de apoyo del programa SENDA, Edith Villaroel, se\u00f1al\u00f3 que instancias como las ocurridas posibilitan mecanismos de acci\u00f3n asertivos. \u201cSi bien nuestro foco est\u00e1 principalmente al interior de los establecimientos educacionales, \u00e9ste se encuentra muy ligado al trabajo con las juventudes, que es lo que principalmente busca la mesa, por tanto, consideramos que trabajar de manera mancomunada y abordar esta tem\u00e1tica desde distintos aspectos va a ser m\u00e1s provechoso\u201d.<\/p>\n<p style=\"text-align: justify;\">Respecto a la seguridad p\u00fablica que involucra otra arista del problema, el jefe de la Brigada de Investigaci\u00f3n Criminal (BICRIM), Eduardo Charpentier sostuvo que, si bien la funci\u00f3n de la PDI es investigativa, est\u00e1n en constante comunicaci\u00f3n con otras instituciones apoyando la labor. \u201cEs sumamente importante esta forma de reuni\u00f3n en la cual a trav\u00e9s de nuestra experiencia e instancia investigativa podemos colaborar\u201d. Cabe mencionar que el \u00f3rgano policial lleva varios a\u00f1os trabajando con la Mesa Intersectorial de Prevenci\u00f3n en Violencia Contra las Mujeres y esta vez nuevamente se suma.<\/p>\n<p style=\"text-align: justify;\">En tanto, del sector privado, la empresa Mowi reiter\u00f3 su compromiso. \u201cComo coment\u00e1bamos hace un rato, nosotros mantenemos vigente un convenio de colaboraci\u00f3n con el Centro de la Mujer Naa Alver\u00e9 que nos ha permitido justamente realizar talleres, capacitaciones y charlas orientadas a tratar temas de prevenci\u00f3n de la violencia hacia la mujer\u201d, ahond\u00f3 Pamela Navarrete, encargada del \u00e1rea de Comunidades y Comunicaciones, quien adem\u00e1s de agradecer la invitaci\u00f3n asegur\u00f3 que todav\u00eda queda un largo camino por recorrer para la erradicaci\u00f3n completa de la violencia.<\/p>\n<p style=\"text-align: justify;\">Antes del cierre de la jornada, los representantes de las instituciones <strong>instaron a estar alerta a las situaciones de violencia que muchas veces son desconocidas en cuanto a sus formas e incluso naturalizadas<\/strong>, de ah\u00ed el hincapi\u00e9 en la educaci\u00f3n y difusi\u00f3n para cambiar las construcciones sociales en relaci\u00f3n al tema.<\/p>\n<\/div><\/section><\/div><div  style='height:50px' class='hr hr-invisible   avia-builder-el-6  el_after_av_one_full  el_before_av_social_share '><span class='hr-inner ' ><span class='hr-inner-style'><\/span><\/span><\/div><\/p>\n<div  class='av-social-sharing-box  avia-builder-el-7  el_after_av_hr  el_before_av_hr  '><div class='av-share-box'><h5 class='av-share-link-description av-no-toc '>Compartir esta noticia<\/h5><ul class='av-share-box-list noLightbox'><li class='av-share-link av-social-link-facebook' ><a target=\"_blank\" aria-label=\"Compartir en Facebook\" href='https:\/\/www.facebook.com\/sharer.php?u=https:\/\/radiorevelacionfm.cl\/?p=15491&#038;t=Mesa%20Intersectorial%20de%20Prevenci%C3%B3n%20en%20Violencia%20Contra%20las%20Mujeres%20convoca%20a%20actores%20del%20mundo%20p%C3%BAblico%20y%20privado' aria-hidden='false' data-av_icon='\ue8f3' data-av_iconfont='entypo-fontello' title='' data-avia-related-tooltip='Compartir en Facebook' rel=\"noopener\"><span class='avia_hidden_link_text'>Compartir en Facebook<\/span><\/a><\/li><li class='av-share-link av-social-link-twitter' ><a target=\"_blank\" aria-label=\"Compartir en Twitter\" href='https:\/\/twitter.com\/share?text=Mesa%20Intersectorial%20de%20Prevenci%C3%B3n%20en%20Violencia%20Contra%20las%20Mujeres%20convoca%20a%20actores%20del%20mundo%20p%C3%BAblico%20y%20privado&#038;url=https:\/\/radiorevelacionfm.cl\/?p=15491' aria-hidden='false' data-av_icon='\ue8f1' data-av_iconfont='entypo-fontello' title='' data-avia-related-tooltip='Compartir en Twitter' rel=\"noopener\"><span class='avia_hidden_link_text'>Compartir en Twitter<\/span><\/a><\/li><li class='av-share-link av-social-link-whatsapp' ><a target=\"_blank\" aria-label=\"Compartir en Whatsapp\" href='https:\/\/api.whatsapp.com\/send?text=https:\/\/radiorevelacionfm.cl\/?p=15491' aria-hidden='false' data-av_icon='\uf232' data-av_iconfont='entypo-fontello' title='' data-avia-related-tooltip='Compartir en Whatsapp' rel=\"noopener\"><span class='avia_hidden_link_text'>Compartir en Whatsapp<\/span><\/a><\/li><li class='av-share-link av-social-link-linkedin' ><a target=\"_blank\" aria-label=\"Compartir en LinkedIn\" href='https:\/\/linkedin.com\/shareArticle?mini=true&#038;title=Mesa%20Intersectorial%20de%20Prevenci%C3%B3n%20en%20Violencia%20Contra%20las%20Mujeres%20convoca%20a%20actores%20del%20mundo%20p%C3%BAblico%20y%20privado&#038;url=https:\/\/radiorevelacionfm.cl\/?p=15491' aria-hidden='false' data-av_icon='\ue8fc' data-av_iconfont='entypo-fontello' title='' data-avia-related-tooltip='Compartir en LinkedIn' rel=\"noopener\"><span class='avia_hidden_link_text'>Compartir en LinkedIn<\/span><\/a><\/li><li class='av-share-link av-social-link-mail' ><a  aria-label=\"Compartir por correo\" href='mailto:?subject=Mesa%20Intersectorial%20de%20Prevenci%C3%B3n%20en%20Violencia%20Contra%20las%20Mujeres%20convoca%20a%20actores%20del%20mundo%20p%C3%BAblico%20y%20privado&#038;body=https:\/\/radiorevelacionfm.cl\/?p=15491' aria-hidden='false' data-av_icon='\ue805' data-av_iconfont='entypo-fontello' title='' data-avia-related-tooltip='Compartir por correo'><span class='avia_hidden_link_text'>Compartir por correo<\/span><\/a><\/li><\/ul><\/div><\/div>\n<div  style='height:50px' class='hr hr-invisible   avia-builder-el-8  el_after_av_social_share  el_before_av_comments_list '><span class='hr-inner ' ><span class='hr-inner-style'><\/span><\/span><\/div>\n<div  class='av-buildercomment  av-blog-meta-html-info-disabled av-blog-meta-tag-disabled  '><\/div>\n","protected":false},"excerpt":{"rendered":"","protected":false},"author":1,"featured_media":15492,"comment_status":"open","ping_status":"open","sticky":false,"template":"","format":"standard","meta":{"footnotes":""},"categories":[38],"tags":[],"class_list":["post-15491","post","type-post","status-publish","format-standard","has-post-thumbnail","hentry","category-regional"],"jetpack_featured_media_url":"https:\/\/radiorevelacionfm.cl\/wp-content\/uploads\/2022\/04\/foto-2-13-3_optimized.jpg","_links":{"self":[{"href":"https:\/\/radiorevelacionfm.cl\/index.php?rest_route=\/wp\/v2\/posts\/15491","targetHints":{"allow":["GET"]}}],"collection":[{"href":"https:\/\/radiorevelacionfm.cl\/index.php?rest_route=\/wp\/v2\/posts"}],"about":[{"href":"https:\/\/radiorevelacionfm.cl\/index.php?rest_route=\/wp\/v2\/types\/post"}],"author":[{"embeddable":true,"href":"https:\/\/radiorevelacionfm.cl\/index.php?rest_route=\/wp\/v2\/users\/1"}],"replies":[{"embeddable":true,"href":"https:\/\/radiorevelacionfm.cl\/index.php?rest_route=%2Fwp%2Fv2%2Fcomments&post=15491"}],"version-history":[{"count":2,"href":"https:\/\/radiorevelacionfm.cl\/index.php?rest_route=\/wp\/v2\/posts\/15491\/revisions"}],"predecessor-version":[{"id":15500,"href":"https:\/\/radiorevelacionfm.cl\/index.php?rest_route=\/wp\/v2\/posts\/15491\/revisions\/15500"}],"wp:featuredmedia":[{"embeddable":true,"href":"https:\/\/radiorevelacionfm.cl\/index.php?rest_route=\/wp\/v2\/media\/15492"}],"wp:attachment":[{"href":"https:\/\/radiorevelacionfm.cl\/index.php?rest_route=%2Fwp%2Fv2%2Fmedia&parent=15491"}],"wp:term":[{"taxonomy":"category","embeddable":true,"href":"https:\/\/radiorevelacionfm.cl\/index.php?rest_route=%2Fwp%2Fv2%2Fcategories&post=15491"},{"taxonomy":"post_tag","embeddable":true,"href":"https:\/\/radiorevelacionfm.cl\/index.php?rest_route=%2Fwp%2Fv2%2Ftags&post=15491"}],"curies":[{"name":"wp","href":"https:\/\/api.w.org\/{rel}","templated":true}]}}