{"id":15484,"date":"2022-04-05T18:08:53","date_gmt":"2022-04-05T21:08:53","guid":{"rendered":"https:\/\/radiorevelacionfm.cl\/?p=15484"},"modified":"2022-04-05T18:08:53","modified_gmt":"2022-04-05T21:08:53","slug":"diputados-calisto-y-alinco-piden-un-mayor-monto-para-las-zonas-extremas-ante-posible-reajuste-a-la-beca-baes","status":"publish","type":"post","link":"https:\/\/radiorevelacionfm.cl\/?p=15484","title":{"rendered":"Diputados Calisto y Alinco piden un mayor monto para las Zonas Extremas ante posible reajuste a la beca BAES"},"content":{"rendered":"<div class=\"flex_column av_one_full  flex_column_div av-zero-column-padding first  avia-builder-el-0  el_before_av_one_full  avia-builder-el-first  \" style='border-radius:0px; '><div  class='avia-image-container  av-styling-    avia-builder-el-1  avia-builder-el-no-sibling  avia-align-center '  itemprop=\"image\" itemscope=\"itemscope\" itemtype=\"https:\/\/schema.org\/ImageObject\"  ><div class='avia-image-container-inner'><div class='avia-image-overlay-wrap'><img decoding=\"async\" class='wp-image-15485 avia-img-lazy-loading-not-15485 avia_image' src=\"https:\/\/radiorevelacionfm.cl\/wp-content\/uploads\/2022\/04\/CALISTO-Y-ALINCO-1-1.jpeg\" alt='' title='CALISTO Y ALINCO (1) (1)' height=\"600\" width=\"800\"  itemprop=\"thumbnailUrl\" srcset=\"https:\/\/radiorevelacionfm.cl\/wp-content\/uploads\/2022\/04\/CALISTO-Y-ALINCO-1-1.jpeg 800w, https:\/\/radiorevelacionfm.cl\/wp-content\/uploads\/2022\/04\/CALISTO-Y-ALINCO-1-1-300x225.jpeg 300w, https:\/\/radiorevelacionfm.cl\/wp-content\/uploads\/2022\/04\/CALISTO-Y-ALINCO-1-1-768x576.jpeg 768w, https:\/\/radiorevelacionfm.cl\/wp-content\/uploads\/2022\/04\/CALISTO-Y-ALINCO-1-1-705x529.jpeg 705w, https:\/\/radiorevelacionfm.cl\/wp-content\/uploads\/2022\/04\/CALISTO-Y-ALINCO-1-1-600x450.jpeg 600w\" sizes=\"(max-width: 800px) 100vw, 800px\" \/><\/div><\/div><\/div><\/div><div class=\"flex_column av_one_full  flex_column_div av-zero-column-padding first  avia-builder-el-2  el_after_av_one_full  el_before_av_one_full  column-top-margin\" style='border-radius:0px; '><section class=\"av_textblock_section \"  itemscope=\"itemscope\" itemtype=\"https:\/\/schema.org\/BlogPosting\" itemprop=\"blogPost\" ><div class='avia_textblock  '   itemprop=\"text\" ><p style=\"text-align: center;\"><span style=\"font-size: 18pt;\"><b><span lang=\"ES\">Diputados Calisto y Alinco piden un mayor monto para las Zonas Extremas ante posible reajuste a la beca BAES<\/span><\/b><\/span><\/p>\n<div id=\"gtx-trans\" style=\"position: absolute; left: -50px; top: 4.31534px;\">\n<div class=\"gtx-trans-icon\"><\/div>\n<\/div>\n<\/div><\/section><\/div><div class=\"flex_column av_one_full  flex_column_div av-zero-column-padding first  avia-builder-el-4  el_after_av_one_full  el_before_av_hr  column-top-margin\" style='border-radius:0px; '><section class=\"av_textblock_section \"  itemscope=\"itemscope\" itemtype=\"https:\/\/schema.org\/BlogPosting\" itemprop=\"blogPost\" ><div class='avia_textblock  '   itemprop=\"text\" ><p style=\"font-weight: 400; text-align: justify;\">Ante la posibilidad que se reajuste la beca BAES, los diputados Miguel \u00c1ngel Calisto y Ren\u00e9 Alinco hicieron un llamado al ejecutivo para que consideren que este aumento sea mayor para los j\u00f3venes que estudian en las zonas extremas, argumentando los altos costos que tienen los productos en estas partes del pa\u00eds.<\/p>\n<p style=\"font-weight: 400; text-align: justify;\">Seg\u00fan el diputado Calisto, \u201cla beca BAES, que ha estado en boga por el requerimiento de los propios estudiantes quienes se han manifestado para exigir un aumento del monto, requiere ser reajustada de forma considerable, tomando en cuenta el alto costo de la vida. Creemos que tienen que ser consideradas todas las regiones del pa\u00eds en esta alza\u201d.<\/p>\n<p style=\"font-weight: 400; text-align: justify;\">\u201cSin embargo, en el caso de las zonas extremas, tiene que haber una diferencia positiva, especialmente por el alto costo de la vida. Todos sabemos que la canasta b\u00e1sica en nuestra regi\u00f3n supera con creces en su valor a lo que se paga en Santiago, Valpara\u00edso o Concepci\u00f3n, por lo tanto, es fundamental que el alza sea mayor en las zonas extremas\u201d, se\u00f1al\u00f3.<\/p>\n<p style=\"font-weight: 400; text-align: justify;\">\u201cProducto del costo de los fletes aumenta el costo de las cosas. Se requiere con urgencia un reajuste de la beca BAES, y ese ajuste debe ser mayor en las Zonas Extremas. Nuestros estudiantes de Ays\u00e9n, de Magallanes, del Extremo Norte necesitan un aumento. Esperamos que el Gobierno al menos aumente esta beca de 32 mil a 60 mil, considerando un valor mayor para las zonas extremas del pa\u00eds\u201d, indic\u00f3.<\/p>\n<p style=\"font-weight: 400; text-align: justify;\">Finalmente, el diputado Ren\u00e9 Alinco indic\u00f3 que \u201cle queremos entregar un mensaje al Presidente y al Ministro de Educaci\u00f3n respecto a la Beca BAES. Santiago no es Chile, por lo que creemos justo y necesario que haya un diferencial en cuanto al valor de la beca. Ays\u00e9n es una regi\u00f3n extrema y aislada, donde los valores para los requerimientos b\u00e1sicos son diferentes\u201d.<\/p>\n<\/div><\/section><\/div><div  style='height:50px' class='hr hr-invisible   avia-builder-el-6  el_after_av_one_full  el_before_av_social_share '><span class='hr-inner ' ><span class='hr-inner-style'><\/span><\/span><\/div><\/p>\n<div  class='av-social-sharing-box  avia-builder-el-7  el_after_av_hr  el_before_av_hr  '><div class='av-share-box'><h5 class='av-share-link-description av-no-toc '>Compartir esta noticia<\/h5><ul class='av-share-box-list noLightbox'><li class='av-share-link av-social-link-facebook' ><a target=\"_blank\" aria-label=\"Compartir en Facebook\" href='https:\/\/www.facebook.com\/sharer.php?u=https:\/\/radiorevelacionfm.cl\/?p=15484&#038;t=Diputados%20Calisto%20y%20Alinco%20piden%20un%20mayor%20monto%20para%20las%20Zonas%20Extremas%20ante%20posible%20reajuste%20a%20la%20beca%20BAES' aria-hidden='false' data-av_icon='\ue8f3' data-av_iconfont='entypo-fontello' title='' data-avia-related-tooltip='Compartir en Facebook' rel=\"noopener\"><span class='avia_hidden_link_text'>Compartir en Facebook<\/span><\/a><\/li><li class='av-share-link av-social-link-twitter' ><a target=\"_blank\" aria-label=\"Compartir en Twitter\" href='https:\/\/twitter.com\/share?text=Diputados%20Calisto%20y%20Alinco%20piden%20un%20mayor%20monto%20para%20las%20Zonas%20Extremas%20ante%20posible%20reajuste%20a%20la%20beca%20BAES&#038;url=https:\/\/radiorevelacionfm.cl\/?p=15484' aria-hidden='false' data-av_icon='\ue8f1' data-av_iconfont='entypo-fontello' title='' data-avia-related-tooltip='Compartir en Twitter' rel=\"noopener\"><span class='avia_hidden_link_text'>Compartir en Twitter<\/span><\/a><\/li><li class='av-share-link av-social-link-whatsapp' ><a target=\"_blank\" aria-label=\"Compartir en Whatsapp\" href='https:\/\/api.whatsapp.com\/send?text=https:\/\/radiorevelacionfm.cl\/?p=15484' aria-hidden='false' data-av_icon='\uf232' data-av_iconfont='entypo-fontello' title='' data-avia-related-tooltip='Compartir en Whatsapp' rel=\"noopener\"><span class='avia_hidden_link_text'>Compartir en Whatsapp<\/span><\/a><\/li><li class='av-share-link av-social-link-linkedin' ><a target=\"_blank\" aria-label=\"Compartir en LinkedIn\" href='https:\/\/linkedin.com\/shareArticle?mini=true&#038;title=Diputados%20Calisto%20y%20Alinco%20piden%20un%20mayor%20monto%20para%20las%20Zonas%20Extremas%20ante%20posible%20reajuste%20a%20la%20beca%20BAES&#038;url=https:\/\/radiorevelacionfm.cl\/?p=15484' aria-hidden='false' data-av_icon='\ue8fc' data-av_iconfont='entypo-fontello' title='' data-avia-related-tooltip='Compartir en LinkedIn' rel=\"noopener\"><span class='avia_hidden_link_text'>Compartir en LinkedIn<\/span><\/a><\/li><li class='av-share-link av-social-link-mail' ><a  aria-label=\"Compartir por correo\" href='mailto:?subject=Diputados%20Calisto%20y%20Alinco%20piden%20un%20mayor%20monto%20para%20las%20Zonas%20Extremas%20ante%20posible%20reajuste%20a%20la%20beca%20BAES&#038;body=https:\/\/radiorevelacionfm.cl\/?p=15484' aria-hidden='false' data-av_icon='\ue805' data-av_iconfont='entypo-fontello' title='' data-avia-related-tooltip='Compartir por correo'><span class='avia_hidden_link_text'>Compartir por correo<\/span><\/a><\/li><\/ul><\/div><\/div>\n<div  style='height:50px' class='hr hr-invisible   avia-builder-el-8  el_after_av_social_share  el_before_av_comments_list '><span class='hr-inner ' ><span class='hr-inner-style'><\/span><\/span><\/div>\n<div  class='av-buildercomment  av-blog-meta-html-info-disabled av-blog-meta-tag-disabled  '><\/div>\n","protected":false},"excerpt":{"rendered":"","protected":false},"author":1,"featured_media":15485,"comment_status":"open","ping_status":"open","sticky":false,"template":"","format":"standard","meta":{"footnotes":""},"categories":[35],"tags":[],"class_list":["post-15484","post","type-post","status-publish","format-standard","has-post-thumbnail","hentry","category-politica"],"jetpack_featured_media_url":"https:\/\/radiorevelacionfm.cl\/wp-content\/uploads\/2022\/04\/CALISTO-Y-ALINCO-1-1.jpeg","_links":{"self":[{"href":"https:\/\/radiorevelacionfm.cl\/index.php?rest_route=\/wp\/v2\/posts\/15484","targetHints":{"allow":["GET"]}}],"collection":[{"href":"https:\/\/radiorevelacionfm.cl\/index.php?rest_route=\/wp\/v2\/posts"}],"about":[{"href":"https:\/\/radiorevelacionfm.cl\/index.php?rest_route=\/wp\/v2\/types\/post"}],"author":[{"embeddable":true,"href":"https:\/\/radiorevelacionfm.cl\/index.php?rest_route=\/wp\/v2\/users\/1"}],"replies":[{"embeddable":true,"href":"https:\/\/radiorevelacionfm.cl\/index.php?rest_route=%2Fwp%2Fv2%2Fcomments&post=15484"}],"version-history":[{"count":2,"href":"https:\/\/radiorevelacionfm.cl\/index.php?rest_route=\/wp\/v2\/posts\/15484\/revisions"}],"predecessor-version":[{"id":15487,"href":"https:\/\/radiorevelacionfm.cl\/index.php?rest_route=\/wp\/v2\/posts\/15484\/revisions\/15487"}],"wp:featuredmedia":[{"embeddable":true,"href":"https:\/\/radiorevelacionfm.cl\/index.php?rest_route=\/wp\/v2\/media\/15485"}],"wp:attachment":[{"href":"https:\/\/radiorevelacionfm.cl\/index.php?rest_route=%2Fwp%2Fv2%2Fmedia&parent=15484"}],"wp:term":[{"taxonomy":"category","embeddable":true,"href":"https:\/\/radiorevelacionfm.cl\/index.php?rest_route=%2Fwp%2Fv2%2Fcategories&post=15484"},{"taxonomy":"post_tag","embeddable":true,"href":"https:\/\/radiorevelacionfm.cl\/index.php?rest_route=%2Fwp%2Fv2%2Ftags&post=15484"}],"curies":[{"name":"wp","href":"https:\/\/api.w.org\/{rel}","templated":true}]}}