{"id":15475,"date":"2022-04-05T18:45:29","date_gmt":"2022-04-05T21:45:29","guid":{"rendered":"https:\/\/radiorevelacionfm.cl\/?p=15475"},"modified":"2022-04-05T18:45:29","modified_gmt":"2022-04-05T21:45:29","slug":"gobierno-liberara-uso-de-mascarilla-en-espacios-abiertos-en-todo-el-pais","status":"publish","type":"post","link":"https:\/\/radiorevelacionfm.cl\/?p=15475","title":{"rendered":"Gobierno liberar\u00e1 uso de mascarilla en espacios abiertos en todo el pa\u00eds"},"content":{"rendered":"<div class=\"flex_column av_one_full  flex_column_div av-zero-column-padding first  avia-builder-el-0  el_before_av_one_full  avia-builder-el-first  \" style='border-radius:0px; '><div  class='avia-image-container  av-styling-    avia-builder-el-1  avia-builder-el-no-sibling  avia-align-center '  itemprop=\"image\" itemscope=\"itemscope\" itemtype=\"https:\/\/schema.org\/ImageObject\"  ><div class='avia-image-container-inner'><div class='avia-image-overlay-wrap'><img decoding=\"async\" class='wp-image-15477 avia-img-lazy-loading-not-15477 avia_image' src=\"https:\/\/radiorevelacionfm.cl\/wp-content\/uploads\/2022\/04\/Mascarillas3-1-1.jpg\" alt='' title='Mascarillas3 (1) (1)' height=\"600\" width=\"1067\"  itemprop=\"thumbnailUrl\" srcset=\"https:\/\/radiorevelacionfm.cl\/wp-content\/uploads\/2022\/04\/Mascarillas3-1-1.jpg 1067w, https:\/\/radiorevelacionfm.cl\/wp-content\/uploads\/2022\/04\/Mascarillas3-1-1-300x169.jpg 300w, https:\/\/radiorevelacionfm.cl\/wp-content\/uploads\/2022\/04\/Mascarillas3-1-1-1030x579.jpg 1030w, https:\/\/radiorevelacionfm.cl\/wp-content\/uploads\/2022\/04\/Mascarillas3-1-1-768x432.jpg 768w, https:\/\/radiorevelacionfm.cl\/wp-content\/uploads\/2022\/04\/Mascarillas3-1-1-705x396.jpg 705w, https:\/\/radiorevelacionfm.cl\/wp-content\/uploads\/2022\/04\/Mascarillas3-1-1-600x337.jpg 600w\" sizes=\"(max-width: 1067px) 100vw, 1067px\" \/><\/div><\/div><\/div><\/div><div class=\"flex_column av_one_full  flex_column_div av-zero-column-padding first  avia-builder-el-2  el_after_av_one_full  el_before_av_one_full  column-top-margin\" style='border-radius:0px; '><section class=\"av_textblock_section \"  itemscope=\"itemscope\" itemtype=\"https:\/\/schema.org\/BlogPosting\" itemprop=\"blogPost\" ><div class='avia_textblock  '   itemprop=\"text\" ><p style=\"text-align: center;\"><strong><span style=\"font-size: 18pt;\">Gobierno liberar\u00e1 uso de mascarilla en espacios abiertos en todo el pa\u00eds<\/span><\/strong><\/p>\n<div id=\"gtx-trans\" style=\"position: absolute; left: -50px; top: 4.31534px;\">\n<div class=\"gtx-trans-icon\"><\/div>\n<\/div>\n<\/div><\/section><\/div><div class=\"flex_column av_one_full  flex_column_div av-zero-column-padding first  avia-builder-el-4  el_after_av_one_full  el_before_av_hr  column-top-margin\" style='border-radius:0px; '><section class=\"av_textblock_section \"  itemscope=\"itemscope\" itemtype=\"https:\/\/schema.org\/BlogPosting\" itemprop=\"blogPost\" ><div class='avia_textblock  '   itemprop=\"text\" ><p style=\"text-align: justify;\">Este martes, el Gobierno anunci\u00f3 que liberar\u00e1 el uso de mascarilla en algunos espacios abiertos en dos de las tres fases del nuevo Plan Paso a Paso, que busca enfrentar y manejar de mejor manera la pandemia.<\/p>\n<p style=\"text-align: justify;\">Ante este nuevo anuncio El Ministerio de Salud no anunci\u00f3 su decisi\u00f3n como una eliminaci\u00f3n del elemento de protecci\u00f3n, sino que como una mejora en su uso. \u00abSe ha decidido mejorar el uso de la mascarilla, esto acorde a la nueva evidencia cient\u00edfica\u00bb, indicaron desde el Minsal.<\/p>\n<p style=\"text-align: justify;\">\u00abLo que esperamos de la ciudadan\u00eda es que lleven siempre la mascarilla y que conozcan en qu\u00e9 comuna est\u00e1n, un espacio cerrado de uno abierto, que en los abiertos hay aglomeraciones y tienen mayor riesgo\u00bb, dijo la ministra de Salud, Mar\u00eda Bego\u00f1a Yarza.<\/p>\n<p style=\"text-align: justify;\">En concreto, el levantamiento del uso de la mascarilla aplicar\u00e1 para aquellos lugares abiertos que brinden al menos 1 metro de distancia f\u00edsica entre personas tanto en las fases de bajo como de medio impacto sanitario.<\/p>\n<p style=\"text-align: justify;\">La nueva medida sobre el no uso de mascarillas en espacios p\u00fablicos comenzar\u00e1 a regir a partir del jueves 14 de abril y hasta esa fecha portarlas seguir\u00e1 siendo obligatorio a lo largo de todo el pa\u00eds.<\/p>\n<p style=\"text-align: justify;\">Esta determinaci\u00f3n no afecta en ning\u00fan caso el uso de mascarilla en recintos cerrados, donde no son ni ser\u00e1n opcionales, es decir, sigue siendo obligatorio y en donde se continuar\u00e1 pidiendo el Pase de Movilidad.<\/p>\n<p style=\"text-align: justify;\">De hecho, con el nuevo plan, las mascarillas vuelven a ser obligatorias en todo lugar y periodo en caso de pasar a la fase de alto impacto sanitario, que instala aforos de hasta 200 personas en eventos masivos.<\/p>\n<div class=\"cxmmr5t8 oygrvhab hcukyx3x c1et5uql o9v6fnle ii04i59q\" style=\"text-align: justify;\">\n<div dir=\"auto\">Detalles por Fase:<\/div>\n<div dir=\"auto\"><\/div>\n<div dir=\"auto\"><\/div>\n<\/div>\n<div class=\"cxmmr5t8 oygrvhab hcukyx3x c1et5uql o9v6fnle ii04i59q\" style=\"text-align: justify;\">\n<div dir=\"auto\">\n<p><strong>Fase Bajo Impacto Sanitario<\/strong><\/p>\n<ul>\n<li>El uso de mascarilla ser\u00e1 obligatorio en todo espacio abierto donde no se pueda mantener una distancia f\u00edsica mayor a 1 metro, y siempre obligatorio en todo espacio cerrado.<\/li>\n<li>Se exigir\u00e1 el pase de movilidad.<\/li>\n<li>Se podr\u00e1n realizar reuniones en espacios sin restricciones de aforo ni distancia f\u00edsica. Todas las personas deber\u00e1n mostrar su pase de movilidad.<\/li>\n<li>Se permitir\u00e1 realizar eventos masivos sin restricciones de aforo, aunque siempre con mascarilla y pase de movilidad.<\/li>\n<\/ul>\n<p><strong>Fase Medio Impacto Sanitario<\/strong><\/p>\n<ul>\n<li>El uso de mascarilla siempre ser\u00e1 obligatorio en espacios cerrados, y en todo espacio abierto donde no se pueda mantener una distancia f\u00edsica de m\u00e1s de 1 metro.<\/li>\n<li>Se exigir\u00e1 el pase de movilidad.<\/li>\n<li>En espacios cerrados las personas deber\u00e1n mantener distancia f\u00edsica de al menos 1 metro, y el pase de movilidad ser\u00e1 obligatorio.<\/li>\n<li>Los eventos masivos tendr\u00e1n un aforo m\u00e1ximo de hasta 10 mil personas, con mascarilla y pase de movilidad, siempre que el espacio del recinto permite la distancia f\u00edsica.<\/li>\n<\/ul>\n<p><strong>Fase Alto Impacto Sanitario<\/strong><\/p>\n<ul>\n<li>El uso de mascarilla siempre ser\u00e1 obligatorio en espacios abiertos y cerrados, incluyendo el transporte colectivo p\u00fablico y privado.<\/li>\n<li>Se exigir\u00e1 pase de movilidad en todos los lugares.<\/li>\n<li>En espacios cerrados las personas deber\u00e1n mantener distancia f\u00edsica de 1.5mts y el pase de movilidad ser\u00e1 obligatorio.<\/li>\n<li>Se permitir\u00e1 realizar eventos masivos con un aforo m\u00e1ximo de hasta 200 personas, supeditado al uso de mascarilla y a la exigencia de pase de movilidad. Los aforos espec\u00edficos por tanto quedan sujetos al metraje del lugar.<\/li>\n<\/ul>\n<\/div>\n<\/div>\n<\/div><\/section><\/div><div  style='height:50px' class='hr hr-invisible   avia-builder-el-6  el_after_av_one_full  el_before_av_social_share '><span class='hr-inner ' ><span class='hr-inner-style'><\/span><\/span><\/div><\/p>\n<div  class='av-social-sharing-box  avia-builder-el-7  el_after_av_hr  el_before_av_hr  '><div class='av-share-box'><h5 class='av-share-link-description av-no-toc '>Compartir esta noticia<\/h5><ul class='av-share-box-list noLightbox'><li class='av-share-link av-social-link-facebook' ><a target=\"_blank\" aria-label=\"Compartir en Facebook\" href='https:\/\/www.facebook.com\/sharer.php?u=https:\/\/radiorevelacionfm.cl\/?p=15475&#038;t=Gobierno%20liberar%C3%A1%20uso%20de%20mascarilla%20en%20espacios%20abiertos%20en%20todo%20el%20pa%C3%ADs' aria-hidden='false' data-av_icon='\ue8f3' data-av_iconfont='entypo-fontello' title='' data-avia-related-tooltip='Compartir en Facebook' rel=\"noopener\"><span class='avia_hidden_link_text'>Compartir en Facebook<\/span><\/a><\/li><li class='av-share-link av-social-link-twitter' ><a target=\"_blank\" aria-label=\"Compartir en Twitter\" href='https:\/\/twitter.com\/share?text=Gobierno%20liberar%C3%A1%20uso%20de%20mascarilla%20en%20espacios%20abiertos%20en%20todo%20el%20pa%C3%ADs&#038;url=https:\/\/radiorevelacionfm.cl\/?p=15475' aria-hidden='false' data-av_icon='\ue8f1' data-av_iconfont='entypo-fontello' title='' data-avia-related-tooltip='Compartir en Twitter' rel=\"noopener\"><span class='avia_hidden_link_text'>Compartir en Twitter<\/span><\/a><\/li><li class='av-share-link av-social-link-whatsapp' ><a target=\"_blank\" aria-label=\"Compartir en Whatsapp\" href='https:\/\/api.whatsapp.com\/send?text=https:\/\/radiorevelacionfm.cl\/?p=15475' aria-hidden='false' data-av_icon='\uf232' data-av_iconfont='entypo-fontello' title='' data-avia-related-tooltip='Compartir en Whatsapp' rel=\"noopener\"><span class='avia_hidden_link_text'>Compartir en Whatsapp<\/span><\/a><\/li><li class='av-share-link av-social-link-linkedin' ><a target=\"_blank\" aria-label=\"Compartir en LinkedIn\" href='https:\/\/linkedin.com\/shareArticle?mini=true&#038;title=Gobierno%20liberar%C3%A1%20uso%20de%20mascarilla%20en%20espacios%20abiertos%20en%20todo%20el%20pa%C3%ADs&#038;url=https:\/\/radiorevelacionfm.cl\/?p=15475' aria-hidden='false' data-av_icon='\ue8fc' data-av_iconfont='entypo-fontello' title='' data-avia-related-tooltip='Compartir en LinkedIn' rel=\"noopener\"><span class='avia_hidden_link_text'>Compartir en LinkedIn<\/span><\/a><\/li><li class='av-share-link av-social-link-mail' ><a  aria-label=\"Compartir por correo\" href='mailto:?subject=Gobierno%20liberar%C3%A1%20uso%20de%20mascarilla%20en%20espacios%20abiertos%20en%20todo%20el%20pa%C3%ADs&#038;body=https:\/\/radiorevelacionfm.cl\/?p=15475' aria-hidden='false' data-av_icon='\ue805' data-av_iconfont='entypo-fontello' title='' data-avia-related-tooltip='Compartir por correo'><span class='avia_hidden_link_text'>Compartir por correo<\/span><\/a><\/li><\/ul><\/div><\/div>\n<div  style='height:50px' class='hr hr-invisible   avia-builder-el-8  el_after_av_social_share  el_before_av_comments_list '><span class='hr-inner ' ><span class='hr-inner-style'><\/span><\/span><\/div>\n<div  class='av-buildercomment  av-blog-meta-html-info-disabled av-blog-meta-tag-disabled  '><\/div>\n","protected":false},"excerpt":{"rendered":"","protected":false},"author":1,"featured_media":15477,"comment_status":"open","ping_status":"open","sticky":false,"template":"","format":"standard","meta":{"footnotes":""},"categories":[46],"tags":[],"class_list":["post-15475","post","type-post","status-publish","format-standard","has-post-thumbnail","hentry","category-salud"],"jetpack_featured_media_url":"https:\/\/radiorevelacionfm.cl\/wp-content\/uploads\/2022\/04\/Mascarillas3-1-1.jpg","_links":{"self":[{"href":"https:\/\/radiorevelacionfm.cl\/index.php?rest_route=\/wp\/v2\/posts\/15475","targetHints":{"allow":["GET"]}}],"collection":[{"href":"https:\/\/radiorevelacionfm.cl\/index.php?rest_route=\/wp\/v2\/posts"}],"about":[{"href":"https:\/\/radiorevelacionfm.cl\/index.php?rest_route=\/wp\/v2\/types\/post"}],"author":[{"embeddable":true,"href":"https:\/\/radiorevelacionfm.cl\/index.php?rest_route=\/wp\/v2\/users\/1"}],"replies":[{"embeddable":true,"href":"https:\/\/radiorevelacionfm.cl\/index.php?rest_route=%2Fwp%2Fv2%2Fcomments&post=15475"}],"version-history":[{"count":2,"href":"https:\/\/radiorevelacionfm.cl\/index.php?rest_route=\/wp\/v2\/posts\/15475\/revisions"}],"predecessor-version":[{"id":15494,"href":"https:\/\/radiorevelacionfm.cl\/index.php?rest_route=\/wp\/v2\/posts\/15475\/revisions\/15494"}],"wp:featuredmedia":[{"embeddable":true,"href":"https:\/\/radiorevelacionfm.cl\/index.php?rest_route=\/wp\/v2\/media\/15477"}],"wp:attachment":[{"href":"https:\/\/radiorevelacionfm.cl\/index.php?rest_route=%2Fwp%2Fv2%2Fmedia&parent=15475"}],"wp:term":[{"taxonomy":"category","embeddable":true,"href":"https:\/\/radiorevelacionfm.cl\/index.php?rest_route=%2Fwp%2Fv2%2Fcategories&post=15475"},{"taxonomy":"post_tag","embeddable":true,"href":"https:\/\/radiorevelacionfm.cl\/index.php?rest_route=%2Fwp%2Fv2%2Ftags&post=15475"}],"curies":[{"name":"wp","href":"https:\/\/api.w.org\/{rel}","templated":true}]}}