{"id":15464,"date":"2022-04-04T22:37:23","date_gmt":"2022-04-05T01:37:23","guid":{"rendered":"https:\/\/radiorevelacionfm.cl\/?p=15464"},"modified":"2022-04-04T22:37:23","modified_gmt":"2022-04-05T01:37:23","slug":"incautan-ocho-toneladas-de-recurso-almeja-en-embarcacion-nuevamente-proveniente-de-calbuco","status":"publish","type":"post","link":"https:\/\/radiorevelacionfm.cl\/?p=15464","title":{"rendered":"Incautan ocho toneladas de recurso almeja en embarcaci\u00f3n nuevamente proveniente de Calbuco"},"content":{"rendered":"<div class=\"flex_column av_one_full  flex_column_div av-zero-column-padding first  avia-builder-el-0  el_before_av_one_full  avia-builder-el-first  \" style='border-radius:0px; '><div  class='avia-image-container  av-styling-    avia-builder-el-1  avia-builder-el-no-sibling  avia-align-center '  itemprop=\"image\" itemscope=\"itemscope\" itemtype=\"https:\/\/schema.org\/ImageObject\"  ><div class='avia-image-container-inner'><div class='avia-image-overlay-wrap'><img decoding=\"async\" class='wp-image-15465 avia-img-lazy-loading-not-15465 avia_image' src=\"https:\/\/radiorevelacionfm.cl\/wp-content\/uploads\/2022\/04\/incautacion-02_optimized.04.22-1.jpeg\" alt='' title='incautacion-02_optimized.04.22-(1)' height=\"600\" width=\"800\"  itemprop=\"thumbnailUrl\" srcset=\"https:\/\/radiorevelacionfm.cl\/wp-content\/uploads\/2022\/04\/incautacion-02_optimized.04.22-1.jpeg 800w, https:\/\/radiorevelacionfm.cl\/wp-content\/uploads\/2022\/04\/incautacion-02_optimized.04.22-1-300x225.jpeg 300w, https:\/\/radiorevelacionfm.cl\/wp-content\/uploads\/2022\/04\/incautacion-02_optimized.04.22-1-768x576.jpeg 768w, https:\/\/radiorevelacionfm.cl\/wp-content\/uploads\/2022\/04\/incautacion-02_optimized.04.22-1-705x529.jpeg 705w, https:\/\/radiorevelacionfm.cl\/wp-content\/uploads\/2022\/04\/incautacion-02_optimized.04.22-1-600x450.jpeg 600w\" sizes=\"(max-width: 800px) 100vw, 800px\" \/><\/div><\/div><\/div><\/div><div class=\"flex_column av_one_full  flex_column_div av-zero-column-padding first  avia-builder-el-2  el_after_av_one_full  el_before_av_one_full  column-top-margin\" style='border-radius:0px; '><section class=\"av_textblock_section \"  itemscope=\"itemscope\" itemtype=\"https:\/\/schema.org\/BlogPosting\" itemprop=\"blogPost\" ><div class='avia_textblock  '   itemprop=\"text\" ><p style=\"text-align: center;\"><strong><span style=\"font-size: 18pt;\">Incautan ocho toneladas de recurso almeja en embarcaci\u00f3n nuevamente proveniente de Calbuco<\/span><\/strong><\/p>\n<div id=\"gtx-trans\" style=\"position: absolute; left: -50px; top: 4.31534px;\">\n<div class=\"gtx-trans-icon\"><\/div>\n<\/div>\n<\/div><\/section><\/div><div class=\"flex_column av_one_full  flex_column_div av-zero-column-padding first  avia-builder-el-4  el_after_av_one_full  el_before_av_hr  column-top-margin\" style='border-radius:0px; '><section class=\"av_textblock_section \"  itemscope=\"itemscope\" itemtype=\"https:\/\/schema.org\/BlogPosting\" itemprop=\"blogPost\" ><div class='avia_textblock  '   itemprop=\"text\" ><p style=\"text-align: justify;\">Un nuevo procedimiento por infracci\u00f3n a la Ley de Pesca y Acuicultura llev\u00f3 a cabo el s\u00e1bado 2 de abril la Autoridad Mar\u00edtima en el \u00e1rea de Ays\u00e9n, y en donde nuevamente se vio involucrada una embarcaci\u00f3n de Calbuco, Regi\u00f3n de Los Lagos.<\/p>\n<p style=\"text-align: justify;\">El Oficial de Operaciones de la Gobernaci\u00f3n Mar\u00edtima Ays\u00e9n, Teniente 1\u00b0 Litoral Gonzalo Jim\u00e9nez entreg\u00f3 detalles de lo ocurrido \u201cdurante patrullaje de fiscalizaci\u00f3n pesquera, efectuado por la\u00a0 dotaci\u00f3n de la Lancha de Servicio General LSG \u201cAys\u00e9n\u201d en conjunto con personal de Servicio Nacional de Pesca y Acuicultura (Sernapesca), se\u00a0 fiscaliz\u00f3 a la lancha a motor \u201cKatherine\u201d, Matr\u00edcula \u00a0de Calbuco, con 5 tripulantes a bordo,\u00a0 quienes se encontraban en navegaci\u00f3n por Canal P\u00e9rez Norte, destino Calbuco con un total de \u00a08 Toneladas de recurso Almeja a bordo\u201d.<\/p>\n<p style=\"text-align: justify;\">En tanto,\u00a0 el Comandante de la LSG \u201cAys\u00e9n\u201d Teniente 1\u00b0 Litoral Francisco Jelvez coment\u00f3 que \u00a0\u201cpor infracci\u00f3n a la ley de pesca, al no demostrar origen del recurso y transgredir el convenio de zonas contiguas, se curs\u00f3 citaci\u00f3n al Juzgado de Letras y Garant\u00eda de Puerto Ays\u00e9n al Armador\/Patr\u00f3n y adem\u00e1s se incaut\u00f3 el recurso quedando en poder del infractor en calidad de depositario provisional\u201d .<\/p>\n<p style=\"text-align: justify;\">Paralelamente se curs\u00f3 una citaci\u00f3n al Patr\u00f3n a Fiscal\u00eda mar\u00edtima, por efectuar navegaci\u00f3n sin Autorizaci\u00f3n de zarpe y 3 tripulantes sin matr\u00edcula. Junto con lo anterior, personal de polic\u00eda mar\u00edtima instruy\u00f3 al patr\u00f3n que embarcaci\u00f3n se desplace a puerto base, Puerto de Calbuco en la Regi\u00f3n de Los Lagos.<\/p>\n<p style=\"text-align: justify;\">Finalmente el Teniente Jim\u00e9nez recalc\u00f3 que este tipo de fiscalizaciones y patrullajes se llevan a cabo con el objetivo de mantener la sustentabilidad de los recursos, para que estos sean explotados responsablemente siempre bajo el cumplimiento de la normativa vigente. Acciones que se enmarcan en el \u00c1rea de Misi\u00f3n de \u201cSeguridad e Intereses Territoriales\u201d de la Armada de Chile.<\/p>\n<\/div><\/section><\/div><div  style='height:50px' class='hr hr-invisible   avia-builder-el-6  el_after_av_one_full  el_before_av_social_share '><span class='hr-inner ' ><span class='hr-inner-style'><\/span><\/span><\/div><\/p>\n<div  class='av-social-sharing-box  avia-builder-el-7  el_after_av_hr  el_before_av_hr  '><div class='av-share-box'><h5 class='av-share-link-description av-no-toc '>Compartir esta noticia<\/h5><ul class='av-share-box-list noLightbox'><li class='av-share-link av-social-link-facebook' ><a target=\"_blank\" aria-label=\"Compartir en Facebook\" href='https:\/\/www.facebook.com\/sharer.php?u=https:\/\/radiorevelacionfm.cl\/?p=15464&#038;t=Incautan%20ocho%20toneladas%20de%20recurso%20almeja%20en%20embarcaci%C3%B3n%20nuevamente%20proveniente%20de%20Calbuco' aria-hidden='false' data-av_icon='\ue8f3' data-av_iconfont='entypo-fontello' title='' data-avia-related-tooltip='Compartir en Facebook' rel=\"noopener\"><span class='avia_hidden_link_text'>Compartir en Facebook<\/span><\/a><\/li><li class='av-share-link av-social-link-twitter' ><a target=\"_blank\" aria-label=\"Compartir en Twitter\" href='https:\/\/twitter.com\/share?text=Incautan%20ocho%20toneladas%20de%20recurso%20almeja%20en%20embarcaci%C3%B3n%20nuevamente%20proveniente%20de%20Calbuco&#038;url=https:\/\/radiorevelacionfm.cl\/?p=15464' aria-hidden='false' data-av_icon='\ue8f1' data-av_iconfont='entypo-fontello' title='' data-avia-related-tooltip='Compartir en Twitter' rel=\"noopener\"><span class='avia_hidden_link_text'>Compartir en Twitter<\/span><\/a><\/li><li class='av-share-link av-social-link-whatsapp' ><a target=\"_blank\" aria-label=\"Compartir en Whatsapp\" href='https:\/\/api.whatsapp.com\/send?text=https:\/\/radiorevelacionfm.cl\/?p=15464' aria-hidden='false' data-av_icon='\uf232' data-av_iconfont='entypo-fontello' title='' data-avia-related-tooltip='Compartir en Whatsapp' rel=\"noopener\"><span class='avia_hidden_link_text'>Compartir en Whatsapp<\/span><\/a><\/li><li class='av-share-link av-social-link-linkedin' ><a target=\"_blank\" aria-label=\"Compartir en LinkedIn\" href='https:\/\/linkedin.com\/shareArticle?mini=true&#038;title=Incautan%20ocho%20toneladas%20de%20recurso%20almeja%20en%20embarcaci%C3%B3n%20nuevamente%20proveniente%20de%20Calbuco&#038;url=https:\/\/radiorevelacionfm.cl\/?p=15464' aria-hidden='false' data-av_icon='\ue8fc' data-av_iconfont='entypo-fontello' title='' data-avia-related-tooltip='Compartir en LinkedIn' rel=\"noopener\"><span class='avia_hidden_link_text'>Compartir en LinkedIn<\/span><\/a><\/li><li class='av-share-link av-social-link-mail' ><a  aria-label=\"Compartir por correo\" href='mailto:?subject=Incautan%20ocho%20toneladas%20de%20recurso%20almeja%20en%20embarcaci%C3%B3n%20nuevamente%20proveniente%20de%20Calbuco&#038;body=https:\/\/radiorevelacionfm.cl\/?p=15464' aria-hidden='false' data-av_icon='\ue805' data-av_iconfont='entypo-fontello' title='' data-avia-related-tooltip='Compartir por correo'><span class='avia_hidden_link_text'>Compartir por correo<\/span><\/a><\/li><\/ul><\/div><\/div>\n<div  style='height:50px' class='hr hr-invisible   avia-builder-el-8  el_after_av_social_share  el_before_av_comments_list '><span class='hr-inner ' ><span class='hr-inner-style'><\/span><\/span><\/div>\n<div  class='av-buildercomment  av-blog-meta-html-info-disabled av-blog-meta-tag-disabled  '><\/div>\n","protected":false},"excerpt":{"rendered":"","protected":false},"author":1,"featured_media":15465,"comment_status":"open","ping_status":"open","sticky":false,"template":"","format":"standard","meta":{"footnotes":""},"categories":[60],"tags":[],"class_list":["post-15464","post","type-post","status-publish","format-standard","has-post-thumbnail","hentry","category-pesca"],"jetpack_featured_media_url":"https:\/\/radiorevelacionfm.cl\/wp-content\/uploads\/2022\/04\/incautacion-02_optimized.04.22-1.jpeg","_links":{"self":[{"href":"https:\/\/radiorevelacionfm.cl\/index.php?rest_route=\/wp\/v2\/posts\/15464","targetHints":{"allow":["GET"]}}],"collection":[{"href":"https:\/\/radiorevelacionfm.cl\/index.php?rest_route=\/wp\/v2\/posts"}],"about":[{"href":"https:\/\/radiorevelacionfm.cl\/index.php?rest_route=\/wp\/v2\/types\/post"}],"author":[{"embeddable":true,"href":"https:\/\/radiorevelacionfm.cl\/index.php?rest_route=\/wp\/v2\/users\/1"}],"replies":[{"embeddable":true,"href":"https:\/\/radiorevelacionfm.cl\/index.php?rest_route=%2Fwp%2Fv2%2Fcomments&post=15464"}],"version-history":[{"count":2,"href":"https:\/\/radiorevelacionfm.cl\/index.php?rest_route=\/wp\/v2\/posts\/15464\/revisions"}],"predecessor-version":[{"id":15467,"href":"https:\/\/radiorevelacionfm.cl\/index.php?rest_route=\/wp\/v2\/posts\/15464\/revisions\/15467"}],"wp:featuredmedia":[{"embeddable":true,"href":"https:\/\/radiorevelacionfm.cl\/index.php?rest_route=\/wp\/v2\/media\/15465"}],"wp:attachment":[{"href":"https:\/\/radiorevelacionfm.cl\/index.php?rest_route=%2Fwp%2Fv2%2Fmedia&parent=15464"}],"wp:term":[{"taxonomy":"category","embeddable":true,"href":"https:\/\/radiorevelacionfm.cl\/index.php?rest_route=%2Fwp%2Fv2%2Fcategories&post=15464"},{"taxonomy":"post_tag","embeddable":true,"href":"https:\/\/radiorevelacionfm.cl\/index.php?rest_route=%2Fwp%2Fv2%2Ftags&post=15464"}],"curies":[{"name":"wp","href":"https:\/\/api.w.org\/{rel}","templated":true}]}}