{"id":15461,"date":"2022-04-05T10:24:25","date_gmt":"2022-04-05T13:24:25","guid":{"rendered":"https:\/\/radiorevelacionfm.cl\/?p=15461"},"modified":"2022-04-05T10:24:25","modified_gmt":"2022-04-05T13:24:25","slug":"delegado-regional-encabeza-mesa-tecnica-de-onemi-por-variable-hidrometeorologica-en-aysen","status":"publish","type":"post","link":"https:\/\/radiorevelacionfm.cl\/?p=15461","title":{"rendered":"Delegado Regional encabeza Mesa T\u00e9cnica de Onemi por variable hidrometeorol\u00f3gica en Ays\u00e9n"},"content":{"rendered":"<div class=\"flex_column av_one_full  flex_column_div av-zero-column-padding first  avia-builder-el-0  el_before_av_one_full  avia-builder-el-first  \" style='border-radius:0px; '><div  class='avia-image-container  av-styling-    avia-builder-el-1  avia-builder-el-no-sibling  avia-align-center '  itemprop=\"image\" itemscope=\"itemscope\" itemtype=\"https:\/\/schema.org\/ImageObject\"  ><div class='avia-image-container-inner'><div class='avia-image-overlay-wrap'><img decoding=\"async\" class='wp-image-15462 avia-img-lazy-loading-not-15462 avia_image' src=\"https:\/\/radiorevelacionfm.cl\/wp-content\/uploads\/2022\/04\/mesa-onemi-1_optimized.jpg\" alt='' title='mesa-onemi-(1)_optimized' height=\"600\" width=\"1187\"  itemprop=\"thumbnailUrl\" srcset=\"https:\/\/radiorevelacionfm.cl\/wp-content\/uploads\/2022\/04\/mesa-onemi-1_optimized.jpg 1187w, https:\/\/radiorevelacionfm.cl\/wp-content\/uploads\/2022\/04\/mesa-onemi-1_optimized-300x152.jpg 300w, https:\/\/radiorevelacionfm.cl\/wp-content\/uploads\/2022\/04\/mesa-onemi-1_optimized-1030x521.jpg 1030w, https:\/\/radiorevelacionfm.cl\/wp-content\/uploads\/2022\/04\/mesa-onemi-1_optimized-768x388.jpg 768w, https:\/\/radiorevelacionfm.cl\/wp-content\/uploads\/2022\/04\/mesa-onemi-1_optimized-705x356.jpg 705w, https:\/\/radiorevelacionfm.cl\/wp-content\/uploads\/2022\/04\/mesa-onemi-1_optimized-600x303.jpg 600w\" sizes=\"(max-width: 1187px) 100vw, 1187px\" \/><\/div><\/div><\/div><\/div><div class=\"flex_column av_one_full  flex_column_div av-zero-column-padding first  avia-builder-el-2  el_after_av_one_full  el_before_av_one_full  column-top-margin\" style='border-radius:0px; '><section class=\"av_textblock_section \"  itemscope=\"itemscope\" itemtype=\"https:\/\/schema.org\/BlogPosting\" itemprop=\"blogPost\" ><div class='avia_textblock  '   itemprop=\"text\" ><p style=\"font-weight: 400; text-align: center;\"><span style=\"font-size: 18pt;\"><strong>\u00a0Delegado Regional encabeza Mesa T\u00e9cnica<\/strong><strong>\u00a0de Onemi por variable hidrometeorol\u00f3gica en Ays\u00e9n<\/strong><\/span><\/p>\n<div id=\"gtx-trans\" style=\"position: absolute; left: -50px; top: 4.31534px;\">\n<div class=\"gtx-trans-icon\"><\/div>\n<\/div>\n<\/div><\/section><\/div><div class=\"flex_column av_one_full  flex_column_div av-zero-column-padding first  avia-builder-el-4  el_after_av_one_full  el_before_av_hr  column-top-margin\" style='border-radius:0px; '><section class=\"av_textblock_section \"  itemscope=\"itemscope\" itemtype=\"https:\/\/schema.org\/BlogPosting\" itemprop=\"blogPost\" ><div class='avia_textblock  '   itemprop=\"text\" ><p style=\"font-weight: 400; text-align: justify;\">Con el objetivo de monitorear y coordinar preventivamente a todas las instituciones pertinentes, la tarde de este lunes se desarroll\u00f3 una Mesa T\u00e9cnica por variable hidrometeorol\u00f3gica en la Regi\u00f3n de Ays\u00e9n, encabezada por el Delegado Presidencial Regional y el director nacional y regional de la Oficina de Emergencias, Onemi, Ricardo Toro, y Sidi Bravo, respectivamente.<\/p>\n<p style=\"font-weight: 400; text-align: justify;\">En la instancia participaron directivos y funcionarios del Ministerio de Obras P\u00fablicas, Sernageom\u00edn, Superintendencia de Servicios Sanitarios, Direcci\u00f3n de Obras Hidr\u00e1ulicas, Superintendencia de Combustibles, Bomberos, Carabineros y Samu, entre otros, para enfrentar de mejor manera el aviso de la Direcci\u00f3n Meteorol\u00f3gica de Chile para este martes y mi\u00e9rcoles, con 80 a 100 mil\u00edmetros de precipitaciones, principalmente en la comuna de Cisnes y \u00e1rea norte de la regi\u00f3n.<\/p>\n<p style=\"font-weight: 400; text-align: justify;\">\u201cEn relaci\u00f3n a la Alerta Temprana en la Regi\u00f3n de Los Lagos y Regi\u00f3n de Ays\u00e9n por la lluvia que va a caer en los pr\u00f3ximos dos d\u00edas. Conocimos c\u00f3mo se organizan todos los servicios p\u00fablicos que tienen que ver con esta alerta y est\u00e1n todos preparados, est\u00e1n todas las medidas preventivas en curso, est\u00e1n todas las instituciones ante cualquier eventualidad que pueda ocurrir por este fen\u00f3meno, que tiene que ver con la funci\u00f3n de seguridad en nuestro territorio\u201d, indic\u00f3 Rodrigo Araya.<\/p>\n<p style=\"font-weight: 400; text-align: justify;\">Sidi Bravo inform\u00f3 que el protocolo preventivo establece esta coordinaci\u00f3n y monitoreo cada cuatro horas de la situaci\u00f3n.<\/p>\n<p style=\"font-weight: 400; text-align: justify;\">\u201cSe acord\u00f3 en la Mesa T\u00e9cnica, de acuerdo al protocolo, ver distintos cursos de acci\u00f3n, tanto en el \u00e1rea de prevenci\u00f3n por parte del Ministerio de Obras P\u00fablicas y Vialidad, como tambi\u00e9n de monitoreo por parte de Carabineros de Chile, principalmente, en las rutas, como tambi\u00e9n con la direcci\u00f3n General de Aguas en los cauces de los r\u00edos, y monitoreo del Agua Potable Rural, a trav\u00e9s de la DOH, para ver posibles turbiedades que tengan las captaciones de Agua Potable Rural. Con el Delegado Presidencial Regional se tomaron los acuerdos de los cursos de acci\u00f3n y se va a estar monitoreando cada cuatro horas las condiciones meteorol\u00f3gicas que van a estar afectando a nuestra regi\u00f3n\u201d, detall\u00f3.<\/p>\n<p style=\"font-weight: 400; text-align: justify;\">Onemi realiza acciones de informaci\u00f3n p\u00fablica y recomendaciones a la comunidad, considerando evitar transitar por caminos anegados, conducci\u00f3n con precauci\u00f3n por pavimento resbaladizo, suspensi\u00f3n del suministro el\u00e9ctrico en caso de filtraciones, entre otras indicaciones preventivas.<\/p>\n<\/div><\/section><\/div><div  style='height:50px' class='hr hr-invisible   avia-builder-el-6  el_after_av_one_full  el_before_av_social_share '><span class='hr-inner ' ><span class='hr-inner-style'><\/span><\/span><\/div><\/p>\n<div  class='av-social-sharing-box  avia-builder-el-7  el_after_av_hr  el_before_av_hr  '><div class='av-share-box'><h5 class='av-share-link-description av-no-toc '>Compartir esta noticia<\/h5><ul class='av-share-box-list noLightbox'><li class='av-share-link av-social-link-facebook' ><a target=\"_blank\" aria-label=\"Compartir en Facebook\" href='https:\/\/www.facebook.com\/sharer.php?u=https:\/\/radiorevelacionfm.cl\/?p=15461&#038;t=Delegado%20Regional%20encabeza%20Mesa%20T%C3%A9cnica%20de%20Onemi%20por%20variable%20hidrometeorol%C3%B3gica%20en%20Ays%C3%A9n' aria-hidden='false' data-av_icon='\ue8f3' data-av_iconfont='entypo-fontello' title='' data-avia-related-tooltip='Compartir en Facebook' rel=\"noopener\"><span class='avia_hidden_link_text'>Compartir en Facebook<\/span><\/a><\/li><li class='av-share-link av-social-link-twitter' ><a target=\"_blank\" aria-label=\"Compartir en Twitter\" href='https:\/\/twitter.com\/share?text=Delegado%20Regional%20encabeza%20Mesa%20T%C3%A9cnica%20de%20Onemi%20por%20variable%20hidrometeorol%C3%B3gica%20en%20Ays%C3%A9n&#038;url=https:\/\/radiorevelacionfm.cl\/?p=15461' aria-hidden='false' data-av_icon='\ue8f1' data-av_iconfont='entypo-fontello' title='' data-avia-related-tooltip='Compartir en Twitter' rel=\"noopener\"><span class='avia_hidden_link_text'>Compartir en Twitter<\/span><\/a><\/li><li class='av-share-link av-social-link-whatsapp' ><a target=\"_blank\" aria-label=\"Compartir en Whatsapp\" href='https:\/\/api.whatsapp.com\/send?text=https:\/\/radiorevelacionfm.cl\/?p=15461' aria-hidden='false' data-av_icon='\uf232' data-av_iconfont='entypo-fontello' title='' data-avia-related-tooltip='Compartir en Whatsapp' rel=\"noopener\"><span class='avia_hidden_link_text'>Compartir en Whatsapp<\/span><\/a><\/li><li class='av-share-link av-social-link-linkedin' ><a target=\"_blank\" aria-label=\"Compartir en LinkedIn\" href='https:\/\/linkedin.com\/shareArticle?mini=true&#038;title=Delegado%20Regional%20encabeza%20Mesa%20T%C3%A9cnica%20de%20Onemi%20por%20variable%20hidrometeorol%C3%B3gica%20en%20Ays%C3%A9n&#038;url=https:\/\/radiorevelacionfm.cl\/?p=15461' aria-hidden='false' data-av_icon='\ue8fc' data-av_iconfont='entypo-fontello' title='' data-avia-related-tooltip='Compartir en LinkedIn' rel=\"noopener\"><span class='avia_hidden_link_text'>Compartir en LinkedIn<\/span><\/a><\/li><li class='av-share-link av-social-link-mail' ><a  aria-label=\"Compartir por correo\" href='mailto:?subject=Delegado%20Regional%20encabeza%20Mesa%20T%C3%A9cnica%20de%20Onemi%20por%20variable%20hidrometeorol%C3%B3gica%20en%20Ays%C3%A9n&#038;body=https:\/\/radiorevelacionfm.cl\/?p=15461' aria-hidden='false' data-av_icon='\ue805' data-av_iconfont='entypo-fontello' title='' data-avia-related-tooltip='Compartir por correo'><span class='avia_hidden_link_text'>Compartir por correo<\/span><\/a><\/li><\/ul><\/div><\/div>\n<div  style='height:50px' class='hr hr-invisible   avia-builder-el-8  el_after_av_social_share  el_before_av_comments_list '><span class='hr-inner ' ><span class='hr-inner-style'><\/span><\/span><\/div>\n<div  class='av-buildercomment  av-blog-meta-html-info-disabled av-blog-meta-tag-disabled  '><\/div>\n","protected":false},"excerpt":{"rendered":"","protected":false},"author":1,"featured_media":15462,"comment_status":"open","ping_status":"open","sticky":false,"template":"","format":"standard","meta":{"footnotes":""},"categories":[38],"tags":[],"class_list":["post-15461","post","type-post","status-publish","format-standard","has-post-thumbnail","hentry","category-regional"],"jetpack_featured_media_url":"https:\/\/radiorevelacionfm.cl\/wp-content\/uploads\/2022\/04\/mesa-onemi-1_optimized.jpg","_links":{"self":[{"href":"https:\/\/radiorevelacionfm.cl\/index.php?rest_route=\/wp\/v2\/posts\/15461","targetHints":{"allow":["GET"]}}],"collection":[{"href":"https:\/\/radiorevelacionfm.cl\/index.php?rest_route=\/wp\/v2\/posts"}],"about":[{"href":"https:\/\/radiorevelacionfm.cl\/index.php?rest_route=\/wp\/v2\/types\/post"}],"author":[{"embeddable":true,"href":"https:\/\/radiorevelacionfm.cl\/index.php?rest_route=\/wp\/v2\/users\/1"}],"replies":[{"embeddable":true,"href":"https:\/\/radiorevelacionfm.cl\/index.php?rest_route=%2Fwp%2Fv2%2Fcomments&post=15461"}],"version-history":[{"count":2,"href":"https:\/\/radiorevelacionfm.cl\/index.php?rest_route=\/wp\/v2\/posts\/15461\/revisions"}],"predecessor-version":[{"id":15468,"href":"https:\/\/radiorevelacionfm.cl\/index.php?rest_route=\/wp\/v2\/posts\/15461\/revisions\/15468"}],"wp:featuredmedia":[{"embeddable":true,"href":"https:\/\/radiorevelacionfm.cl\/index.php?rest_route=\/wp\/v2\/media\/15462"}],"wp:attachment":[{"href":"https:\/\/radiorevelacionfm.cl\/index.php?rest_route=%2Fwp%2Fv2%2Fmedia&parent=15461"}],"wp:term":[{"taxonomy":"category","embeddable":true,"href":"https:\/\/radiorevelacionfm.cl\/index.php?rest_route=%2Fwp%2Fv2%2Fcategories&post=15461"},{"taxonomy":"post_tag","embeddable":true,"href":"https:\/\/radiorevelacionfm.cl\/index.php?rest_route=%2Fwp%2Fv2%2Ftags&post=15461"}],"curies":[{"name":"wp","href":"https:\/\/api.w.org\/{rel}","templated":true}]}}