{"id":15457,"date":"2022-04-05T10:39:33","date_gmt":"2022-04-05T13:39:33","guid":{"rendered":"https:\/\/radiorevelacionfm.cl\/?p=15457"},"modified":"2022-04-05T10:39:33","modified_gmt":"2022-04-05T13:39:33","slug":"senador-sandoval-debemos-tener-una-mirada-nueva-en-lo-que-significa-el-desarrollo-de-la-region-de-aysen","status":"publish","type":"post","link":"https:\/\/radiorevelacionfm.cl\/?p=15457","title":{"rendered":"Senador Sandoval: \u201cDebemos tener una mirada nueva en lo que significa el desarrollo de la regi\u00f3n de Ays\u00e9n\u201d"},"content":{"rendered":"<div class=\"flex_column av_one_full  flex_column_div av-zero-column-padding first  avia-builder-el-0  el_before_av_one_full  avia-builder-el-first  \" style='border-radius:0px; '><div  class='avia-image-container  av-styling-    avia-builder-el-1  avia-builder-el-no-sibling  avia-align-center '  itemprop=\"image\" itemscope=\"itemscope\" itemtype=\"https:\/\/schema.org\/ImageObject\"  ><div class='avia-image-container-inner'><div class='avia-image-overlay-wrap'><img decoding=\"async\" class='wp-image-15458 avia-img-lazy-loading-not-15458 avia_image' src=\"https:\/\/radiorevelacionfm.cl\/wp-content\/uploads\/2022\/04\/reunion-senador-con-cores-1_optimized.jpg\" alt='' title='reuni\u00f3n-senador-con-cores-(1)_optimized' height=\"600\" width=\"800\"  itemprop=\"thumbnailUrl\" srcset=\"https:\/\/radiorevelacionfm.cl\/wp-content\/uploads\/2022\/04\/reunion-senador-con-cores-1_optimized.jpg 800w, https:\/\/radiorevelacionfm.cl\/wp-content\/uploads\/2022\/04\/reunion-senador-con-cores-1_optimized-300x225.jpg 300w, https:\/\/radiorevelacionfm.cl\/wp-content\/uploads\/2022\/04\/reunion-senador-con-cores-1_optimized-768x576.jpg 768w, https:\/\/radiorevelacionfm.cl\/wp-content\/uploads\/2022\/04\/reunion-senador-con-cores-1_optimized-705x529.jpg 705w, https:\/\/radiorevelacionfm.cl\/wp-content\/uploads\/2022\/04\/reunion-senador-con-cores-1_optimized-600x450.jpg 600w\" sizes=\"(max-width: 800px) 100vw, 800px\" \/><\/div><\/div><\/div><\/div><div class=\"flex_column av_one_full  flex_column_div av-zero-column-padding first  avia-builder-el-2  el_after_av_one_full  el_before_av_one_full  column-top-margin\" style='border-radius:0px; '><section class=\"av_textblock_section \"  itemscope=\"itemscope\" itemtype=\"https:\/\/schema.org\/BlogPosting\" itemprop=\"blogPost\" ><div class='avia_textblock  '   itemprop=\"text\" ><p style=\"text-align: center;\"><span style=\"font-size: 18pt;\"><strong>Senador Sandoval: <\/strong><strong>\u201cDebemos tener una mirada nueva en lo que significa el desarrollo de la regi\u00f3n de Ays\u00e9n\u201d<\/strong><\/span><\/p>\n<div id=\"gtx-trans\" style=\"position: absolute; left: -50px; top: 4.31534px;\">\n<div class=\"gtx-trans-icon\"><\/div>\n<\/div>\n<\/div><\/section><\/div><div class=\"flex_column av_one_full  flex_column_div av-zero-column-padding first  avia-builder-el-4  el_after_av_one_full  el_before_av_hr  column-top-margin\" style='border-radius:0px; '><section class=\"av_textblock_section \"  itemscope=\"itemscope\" itemtype=\"https:\/\/schema.org\/BlogPosting\" itemprop=\"blogPost\" ><div class='avia_textblock  '   itemprop=\"text\" ><p style=\"text-align: justify;\"><strong>\u201c<\/strong>El gran esfuerzo que nosotros estamos planteando, es entender que tenemos que tener una mirada nueva de lo que significa el desarrollo de la regi\u00f3n de Ays\u00e9n\u201d. As\u00ed lo afirm\u00f3 el senador David Sandoval, luego de que en los \u00faltimos d\u00edas sostuviera una reuni\u00f3n de trabajo y coordinaci\u00f3n con los consejeros regionales de la UDI, adem\u00e1s del presidente regional del partido, Patricio Ulloa.<\/p>\n<p style=\"text-align: justify;\">En ese sentido, el parlamentario record\u00f3 que los consejeros resuelven sobre materias de inversi\u00f3n, teniendo en sus manos \u201clas decisiones de financiamiento de cerca de 60 mil millones de pesos anuales\u201d a nivel regional, lo cual a su juicio \u201cdebe tener un impacto\u201d.<\/p>\n<p style=\"text-align: justify;\">\u201cSe ven obras en distintos \u00e1mbitos, pero aqu\u00ed hay que hacer una mirada nueva\u201d, insisti\u00f3 el parlamentario, quien recalc\u00f3 la necesidad de llevar adelante un desarrollo arm\u00f3nico, considerando por ejemplo las potencialidades y vocaciones productivas de las diez comunas de la regi\u00f3n, destacando el rol que cumplir\u00e1n Omar Mu\u00f1oz, en la Provincia de Coyhaique; V\u00edctor Escobar en Capit\u00e1n Prat y Lilian Inostroza en General Carrera.<\/p>\n<p style=\"text-align: justify;\">Para Sandoval, aqu\u00ed hay una oportunidad y por lo tanto debe existir una clara pol\u00edtica en materia de inversi\u00f3n. \u201cDe todas las regiones de Chile, Ays\u00e9n es la \u00fanica que tiene un solo bolsillo: la inversi\u00f3n p\u00fablica. Por eso, tenemos que poner motores a las comunas\u201d, subray\u00f3.<\/p>\n<p style=\"text-align: justify;\">Por lo mismo, el legislador insisti\u00f3 en la idea de un desarrollo a escala humana, con lo que se pueda atender distintos temas. \u201cY si a eso le agregamos trabajo, empleos de calidad, actividad econ\u00f3mica, es una cadena donde gana toda la regi\u00f3n de Ays\u00e9n\u201d, resalt\u00f3.<\/p>\n<p style=\"text-align: justify;\">Tras el encuentro, el CORE por la Provincia de Coyhaique, Omar Mu\u00f1oz, quien adem\u00e1s es el presidente de la comisi\u00f3n de Fomento Productivo de la instancia, se\u00f1al\u00f3 que es relevante poder mantener estas reuniones de trabajo, de forma de poder articular acciones en beneficio de la comunidad. \u201cEstamos con una visi\u00f3n de desarrollo de la regi\u00f3n que nos permita implementar estrategias de apoyo concreto a las micro y peque\u00f1as empresas. Y la regi\u00f3n tiene ciertas \u00e1reas de desarrollo que son la vocaci\u00f3n y ah\u00ed se puede se\u00f1alar la pesca y acuicultura, la ganader\u00eda, forestal, el turismo. Si bien no se puede desconocer que se ha avanzado, hay mucho trabajo por delante todav\u00eda\u201d, indic\u00f3.<\/p>\n<p style=\"text-align: justify;\">En tanto, la consejera por la Provincia General Carrera, Lilian Inostroza, quien es presidenta de la comisi\u00f3n de Infraestructura y Transportes, agradeci\u00f3 la invitaci\u00f3n a reunirse, porque considera muy relevante tener una mirada transversal y regional sobre los temas que le inquietan a las comunidades. \u201cHoy tenemos un problema grave y urgente que resolver en materia de conectividad en la provincia, (pero) que afecta transversalmente a todas las provincias regi\u00f3n\u201d, se\u00f1al\u00f3.<\/p>\n<p style=\"text-align: justify;\">Finalmente, V\u00edctor Oyarz\u00fan, representante en el consejo de la Provincia Capit\u00e1n Prat y vicepresidente de la comisi\u00f3n Vivienda del CORE, dijo que se trat\u00f3 de una reuni\u00f3n muy fruct\u00edfera, esperando poder tener una mirada regional y provincial, para as\u00ed llegar a todas las familias y mejorar su calidad de vida. \u201cHay una necesidad imperiosa de mejorar los caminos; la ruta 7 es intransitable. Por otra parte, est\u00e1 el tema vivienda y salud, entre otros temas\u201d, se\u00f1al\u00f3 respecto de las necesidades que se ven actualmente.<\/p>\n<\/div><\/section><\/div><div  style='height:50px' class='hr hr-invisible   avia-builder-el-6  el_after_av_one_full  el_before_av_social_share '><span class='hr-inner ' ><span class='hr-inner-style'><\/span><\/span><\/div><\/p>\n<div  class='av-social-sharing-box  avia-builder-el-7  el_after_av_hr  el_before_av_hr  '><div class='av-share-box'><h5 class='av-share-link-description av-no-toc '>Compartir esta noticia<\/h5><ul class='av-share-box-list noLightbox'><li class='av-share-link av-social-link-facebook' ><a target=\"_blank\" aria-label=\"Compartir en Facebook\" href='https:\/\/www.facebook.com\/sharer.php?u=https:\/\/radiorevelacionfm.cl\/?p=15457&#038;t=Senador%20Sandoval%3A%20%E2%80%9CDebemos%20tener%20una%20mirada%20nueva%20en%20lo%20que%20significa%20el%20desarrollo%20de%20la%20regi%C3%B3n%20de%20Ays%C3%A9n%E2%80%9D' aria-hidden='false' data-av_icon='\ue8f3' data-av_iconfont='entypo-fontello' title='' data-avia-related-tooltip='Compartir en Facebook' rel=\"noopener\"><span class='avia_hidden_link_text'>Compartir en Facebook<\/span><\/a><\/li><li class='av-share-link av-social-link-twitter' ><a target=\"_blank\" aria-label=\"Compartir en Twitter\" href='https:\/\/twitter.com\/share?text=Senador%20Sandoval%3A%20%E2%80%9CDebemos%20tener%20una%20mirada%20nueva%20en%20lo%20que%20significa%20el%20desarrollo%20de%20la%20regi%C3%B3n%20de%20Ays%C3%A9n%E2%80%9D&#038;url=https:\/\/radiorevelacionfm.cl\/?p=15457' aria-hidden='false' data-av_icon='\ue8f1' data-av_iconfont='entypo-fontello' title='' data-avia-related-tooltip='Compartir en Twitter' rel=\"noopener\"><span class='avia_hidden_link_text'>Compartir en Twitter<\/span><\/a><\/li><li class='av-share-link av-social-link-whatsapp' ><a target=\"_blank\" aria-label=\"Compartir en Whatsapp\" href='https:\/\/api.whatsapp.com\/send?text=https:\/\/radiorevelacionfm.cl\/?p=15457' aria-hidden='false' data-av_icon='\uf232' data-av_iconfont='entypo-fontello' title='' data-avia-related-tooltip='Compartir en Whatsapp' rel=\"noopener\"><span class='avia_hidden_link_text'>Compartir en Whatsapp<\/span><\/a><\/li><li class='av-share-link av-social-link-linkedin' ><a target=\"_blank\" aria-label=\"Compartir en LinkedIn\" href='https:\/\/linkedin.com\/shareArticle?mini=true&#038;title=Senador%20Sandoval%3A%20%E2%80%9CDebemos%20tener%20una%20mirada%20nueva%20en%20lo%20que%20significa%20el%20desarrollo%20de%20la%20regi%C3%B3n%20de%20Ays%C3%A9n%E2%80%9D&#038;url=https:\/\/radiorevelacionfm.cl\/?p=15457' aria-hidden='false' data-av_icon='\ue8fc' data-av_iconfont='entypo-fontello' title='' data-avia-related-tooltip='Compartir en LinkedIn' rel=\"noopener\"><span class='avia_hidden_link_text'>Compartir en LinkedIn<\/span><\/a><\/li><li class='av-share-link av-social-link-mail' ><a  aria-label=\"Compartir por correo\" href='mailto:?subject=Senador%20Sandoval%3A%20%E2%80%9CDebemos%20tener%20una%20mirada%20nueva%20en%20lo%20que%20significa%20el%20desarrollo%20de%20la%20regi%C3%B3n%20de%20Ays%C3%A9n%E2%80%9D&#038;body=https:\/\/radiorevelacionfm.cl\/?p=15457' aria-hidden='false' data-av_icon='\ue805' data-av_iconfont='entypo-fontello' title='' data-avia-related-tooltip='Compartir por correo'><span class='avia_hidden_link_text'>Compartir por correo<\/span><\/a><\/li><\/ul><\/div><\/div>\n<div  style='height:50px' class='hr hr-invisible   avia-builder-el-8  el_after_av_social_share  el_before_av_comments_list '><span class='hr-inner ' ><span class='hr-inner-style'><\/span><\/span><\/div>\n<div  class='av-buildercomment  av-blog-meta-html-info-disabled av-blog-meta-tag-disabled  '><\/div>\n","protected":false},"excerpt":{"rendered":"","protected":false},"author":1,"featured_media":15458,"comment_status":"open","ping_status":"open","sticky":false,"template":"","format":"standard","meta":{"footnotes":""},"categories":[35],"tags":[],"class_list":["post-15457","post","type-post","status-publish","format-standard","has-post-thumbnail","hentry","category-politica"],"jetpack_featured_media_url":"https:\/\/radiorevelacionfm.cl\/wp-content\/uploads\/2022\/04\/reunion-senador-con-cores-1_optimized.jpg","_links":{"self":[{"href":"https:\/\/radiorevelacionfm.cl\/index.php?rest_route=\/wp\/v2\/posts\/15457","targetHints":{"allow":["GET"]}}],"collection":[{"href":"https:\/\/radiorevelacionfm.cl\/index.php?rest_route=\/wp\/v2\/posts"}],"about":[{"href":"https:\/\/radiorevelacionfm.cl\/index.php?rest_route=\/wp\/v2\/types\/post"}],"author":[{"embeddable":true,"href":"https:\/\/radiorevelacionfm.cl\/index.php?rest_route=\/wp\/v2\/users\/1"}],"replies":[{"embeddable":true,"href":"https:\/\/radiorevelacionfm.cl\/index.php?rest_route=%2Fwp%2Fv2%2Fcomments&post=15457"}],"version-history":[{"count":2,"href":"https:\/\/radiorevelacionfm.cl\/index.php?rest_route=\/wp\/v2\/posts\/15457\/revisions"}],"predecessor-version":[{"id":15470,"href":"https:\/\/radiorevelacionfm.cl\/index.php?rest_route=\/wp\/v2\/posts\/15457\/revisions\/15470"}],"wp:featuredmedia":[{"embeddable":true,"href":"https:\/\/radiorevelacionfm.cl\/index.php?rest_route=\/wp\/v2\/media\/15458"}],"wp:attachment":[{"href":"https:\/\/radiorevelacionfm.cl\/index.php?rest_route=%2Fwp%2Fv2%2Fmedia&parent=15457"}],"wp:term":[{"taxonomy":"category","embeddable":true,"href":"https:\/\/radiorevelacionfm.cl\/index.php?rest_route=%2Fwp%2Fv2%2Fcategories&post=15457"},{"taxonomy":"post_tag","embeddable":true,"href":"https:\/\/radiorevelacionfm.cl\/index.php?rest_route=%2Fwp%2Fv2%2Ftags&post=15457"}],"curies":[{"name":"wp","href":"https:\/\/api.w.org\/{rel}","templated":true}]}}