{"id":15454,"date":"2022-04-04T21:59:14","date_gmt":"2022-04-05T00:59:14","guid":{"rendered":"https:\/\/radiorevelacionfm.cl\/?p=15454"},"modified":"2022-04-04T21:59:14","modified_gmt":"2022-04-05T00:59:14","slug":"universidad-de-aysen-suma-nuevos-egresados-con-sello-comunitario","status":"publish","type":"post","link":"https:\/\/radiorevelacionfm.cl\/?p=15454","title":{"rendered":"Universidad de Ays\u00e9n suma nuevos egresados con sello comunitario"},"content":{"rendered":"<div class=\"flex_column av_one_full  flex_column_div av-zero-column-padding first  avia-builder-el-0  el_before_av_one_full  avia-builder-el-first  \" style='border-radius:0px; '><div  class='avia-image-container  av-styling-    avia-builder-el-1  avia-builder-el-no-sibling  avia-align-center '  itemprop=\"image\" itemscope=\"itemscope\" itemtype=\"https:\/\/schema.org\/ImageObject\"  ><div class='avia-image-container-inner'><div class='avia-image-overlay-wrap'><img decoding=\"async\" class='wp-image-15455 avia-img-lazy-loading-not-15455 avia_image' src=\"https:\/\/radiorevelacionfm.cl\/wp-content\/uploads\/2022\/04\/Agronomia-1-1.jpeg\" alt='' title='Agronomia (1) (1)' height=\"600\" width=\"800\"  itemprop=\"thumbnailUrl\" srcset=\"https:\/\/radiorevelacionfm.cl\/wp-content\/uploads\/2022\/04\/Agronomia-1-1.jpeg 800w, https:\/\/radiorevelacionfm.cl\/wp-content\/uploads\/2022\/04\/Agronomia-1-1-300x225.jpeg 300w, https:\/\/radiorevelacionfm.cl\/wp-content\/uploads\/2022\/04\/Agronomia-1-1-768x576.jpeg 768w, https:\/\/radiorevelacionfm.cl\/wp-content\/uploads\/2022\/04\/Agronomia-1-1-705x529.jpeg 705w, https:\/\/radiorevelacionfm.cl\/wp-content\/uploads\/2022\/04\/Agronomia-1-1-600x450.jpeg 600w\" sizes=\"(max-width: 800px) 100vw, 800px\" \/><\/div><\/div><\/div><\/div><div class=\"flex_column av_one_full  flex_column_div av-zero-column-padding first  avia-builder-el-2  el_after_av_one_full  el_before_av_one_full  column-top-margin\" style='border-radius:0px; '><section class=\"av_textblock_section \"  itemscope=\"itemscope\" itemtype=\"https:\/\/schema.org\/BlogPosting\" itemprop=\"blogPost\" ><div class='avia_textblock  '   itemprop=\"text\" ><p style=\"text-align: center;\"><span style=\"font-size: 18pt;\"><strong>Universidad de Ays\u00e9n suma nuevos egresados con sello comunitario<\/strong><\/span><\/p>\n<div id=\"gtx-trans\" style=\"position: absolute; left: -50px; top: 4.31534px;\">\n<div class=\"gtx-trans-icon\"><\/div>\n<\/div>\n<\/div><\/section><\/div><div class=\"flex_column av_one_full  flex_column_div av-zero-column-padding first  avia-builder-el-4  el_after_av_one_full  el_before_av_hr  column-top-margin\" style='border-radius:0px; '><section class=\"av_textblock_section \"  itemscope=\"itemscope\" itemtype=\"https:\/\/schema.org\/BlogPosting\" itemprop=\"blogPost\" ><div class='avia_textblock  '   itemprop=\"text\" ><p style=\"text-align: justify;\">Adem\u00e1s de recibir y darles la bienvenida en forma presencial a los y las nuevas estudiantes durante marzo tambi\u00e9n continu\u00f3 la rendici\u00f3n de\u00a0 varios ex\u00e1menes de titulaci\u00f3n en la Universidad de Ays\u00e9n.<\/p>\n<p style=\"text-align: justify;\">Mientras Francia Osses, Tahina Elass, y Tamara Vega se transformaron en las primeras en sortear el examen de titulaci\u00f3n en la carrera de Obstetricia, lo propio hizo Anita Ja\u00f1a en Ingenier\u00eda Civil Industrial y Camilo Le\u00f3n en Agronom\u00eda.<\/p>\n<p style=\"text-align: justify;\">Cada uno de estos y estas j\u00f3venes aprobaron sus respectivos ex\u00e1menes ante las diversas comisiones evaluadoras conformadas por los acad\u00e9micos y acad\u00e9micas del plantel.<\/p>\n<p style=\"text-align: justify;\">\u201cEste es un hito muy relevante porque seguimos en este proceso de titulaci\u00f3n que nos tienen muy contentos y orgullosos por entregar los primeros profesionales para la regi\u00f3n\u201d manifest\u00f3 la rectora, Natacha Pino, luego de asistir a una de estas instancias.<\/p>\n<p style=\"text-align: justify;\"><strong>Obstetricia<\/strong><\/p>\n<p style=\"text-align: justify;\">En el caso de\u00a0 Obstetricia, Francia Osses, comparti\u00f3 emocionantes momentos con sus familiares que la esperaban en los pasillos del Campus Lillo 2. La joven \u201cnacida y criada\u201d en Coyhaique, como ella resalt\u00f3, confes\u00f3 haber estado muy tranquila y preparada para enfrentar este importante desaf\u00edo. \u201cMe sent\u00ed confiada de mis conocimientos.\u00a0 Me toc\u00f3 una patolog\u00eda que manejaba, as\u00ed que me fue bien. Quer\u00eda terminar r\u00e1pido, as\u00ed que mejor que me toc\u00f3 primero\u201d dijo Francia.<\/p>\n<p style=\"text-align: justify;\">El jefe (s) de carrera, Daniel Conei, destac\u00f3 la proactividad de todas ellas y resalt\u00f3 su participaci\u00f3n\u00a0 en el\u00a0 manejo de la pandemia Covid 19 cuando el pa\u00eds lo requiri\u00f3 en calidad de Tens.<\/p>\n<p style=\"text-align: justify;\"><strong>Ingenier\u00eda Civil Industrial<\/strong><\/p>\n<p style=\"text-align: justify;\">Debido a un trabajo colaborativo quien tuvo una audiencia\u00a0 especial en su evaluaci\u00f3n fue Anita Ja\u00f1a. Su tesis integr\u00f3 a la Fundaci\u00f3n para la Superaci\u00f3n de la Pobreza y el Gobierno Regional de Ays\u00e9n para dar una soluci\u00f3n real y actual a algunos municipios de la regi\u00f3n.<\/p>\n<p style=\"text-align: justify;\">La egresada de la primera generaci\u00f3n de Ingenier\u00eda Civil Industrial, quien se vio muy segura durante la presentaci\u00f3n,\u00a0 agradeci\u00f3 a su familia, profesores y compa\u00f1eros por el apoyo recibido en este \u00faltimo a\u00f1o. \u201cMi investigaci\u00f3n estaba enfocada\u00a0 en los municipios y comunas rurales, en los procesos de apoyo a los micro y peque\u00f1os emprendedores, los cuales predominan en la regi\u00f3n, para que estos puedan surgir\u201d, coment\u00f3 Anita.<\/p>\n<p style=\"text-align: justify;\"><strong>Agronom\u00eda<\/strong><\/p>\n<p style=\"text-align: justify;\">Finalmente, Camilo Le\u00f3n defendi\u00f3 su tesis acerca del potencial de los terrenos y las particularidades\u00a0 agroclimatol\u00f3gicas de Ays\u00e9n para\u00a0 producir\u00a0 whisky . Este joven, quien hace 5 a\u00f1os atr\u00e1s se emocion\u00f3 durante la lectura de su discurso en la ceremonia de instalaci\u00f3n de la UAys\u00e9n y fue abrazado por la Presidenta Michelle Bachelet, rememor\u00f3 ese momento. \u201cHoy sent\u00ed la misma sensaci\u00f3n, expectaci\u00f3n y ganas de\u00a0 ese d\u00eda\u201d, concluy\u00f3.<\/p>\n<p style=\"text-align: justify;\">Con todos ellos el n\u00famero de egresados de la universidad regional asciende a siete\u00a0 luego que el a\u00f1o pasado, Catalina\u00a0 \u00c1lvarez e Ingrid P\u00e9rez, fueron la primeras estudiantes en recibir el certificado de t\u00edtulo de enfermeras.<\/p>\n<\/div><\/section><\/div><div  style='height:50px' class='hr hr-invisible   avia-builder-el-6  el_after_av_one_full  el_before_av_social_share '><span class='hr-inner ' ><span class='hr-inner-style'><\/span><\/span><\/div><\/p>\n<div  class='av-social-sharing-box  avia-builder-el-7  el_after_av_hr  el_before_av_hr  '><div class='av-share-box'><h5 class='av-share-link-description av-no-toc '>Compartir esta noticia<\/h5><ul class='av-share-box-list noLightbox'><li class='av-share-link av-social-link-facebook' ><a target=\"_blank\" aria-label=\"Compartir en Facebook\" href='https:\/\/www.facebook.com\/sharer.php?u=https:\/\/radiorevelacionfm.cl\/?p=15454&#038;t=Universidad%20de%20Ays%C3%A9n%20suma%20nuevos%20egresados%20con%20sello%20comunitario' aria-hidden='false' data-av_icon='\ue8f3' data-av_iconfont='entypo-fontello' title='' data-avia-related-tooltip='Compartir en Facebook' rel=\"noopener\"><span class='avia_hidden_link_text'>Compartir en Facebook<\/span><\/a><\/li><li class='av-share-link av-social-link-twitter' ><a target=\"_blank\" aria-label=\"Compartir en Twitter\" href='https:\/\/twitter.com\/share?text=Universidad%20de%20Ays%C3%A9n%20suma%20nuevos%20egresados%20con%20sello%20comunitario&#038;url=https:\/\/radiorevelacionfm.cl\/?p=15454' aria-hidden='false' data-av_icon='\ue8f1' data-av_iconfont='entypo-fontello' title='' data-avia-related-tooltip='Compartir en Twitter' rel=\"noopener\"><span class='avia_hidden_link_text'>Compartir en Twitter<\/span><\/a><\/li><li class='av-share-link av-social-link-whatsapp' ><a target=\"_blank\" aria-label=\"Compartir en Whatsapp\" href='https:\/\/api.whatsapp.com\/send?text=https:\/\/radiorevelacionfm.cl\/?p=15454' aria-hidden='false' data-av_icon='\uf232' data-av_iconfont='entypo-fontello' title='' data-avia-related-tooltip='Compartir en Whatsapp' rel=\"noopener\"><span class='avia_hidden_link_text'>Compartir en Whatsapp<\/span><\/a><\/li><li class='av-share-link av-social-link-linkedin' ><a target=\"_blank\" aria-label=\"Compartir en LinkedIn\" href='https:\/\/linkedin.com\/shareArticle?mini=true&#038;title=Universidad%20de%20Ays%C3%A9n%20suma%20nuevos%20egresados%20con%20sello%20comunitario&#038;url=https:\/\/radiorevelacionfm.cl\/?p=15454' aria-hidden='false' data-av_icon='\ue8fc' data-av_iconfont='entypo-fontello' title='' data-avia-related-tooltip='Compartir en LinkedIn' rel=\"noopener\"><span class='avia_hidden_link_text'>Compartir en LinkedIn<\/span><\/a><\/li><li class='av-share-link av-social-link-mail' ><a  aria-label=\"Compartir por correo\" href='mailto:?subject=Universidad%20de%20Ays%C3%A9n%20suma%20nuevos%20egresados%20con%20sello%20comunitario&#038;body=https:\/\/radiorevelacionfm.cl\/?p=15454' aria-hidden='false' data-av_icon='\ue805' data-av_iconfont='entypo-fontello' title='' data-avia-related-tooltip='Compartir por correo'><span class='avia_hidden_link_text'>Compartir por correo<\/span><\/a><\/li><\/ul><\/div><\/div>\n<div  style='height:50px' class='hr hr-invisible   avia-builder-el-8  el_after_av_social_share  el_before_av_comments_list '><span class='hr-inner ' ><span class='hr-inner-style'><\/span><\/span><\/div>\n<div  class='av-buildercomment  av-blog-meta-html-info-disabled av-blog-meta-tag-disabled  '><\/div>\n","protected":false},"excerpt":{"rendered":"","protected":false},"author":1,"featured_media":15455,"comment_status":"open","ping_status":"open","sticky":false,"template":"","format":"standard","meta":{"footnotes":""},"categories":[49],"tags":[],"class_list":["post-15454","post","type-post","status-publish","format-standard","has-post-thumbnail","hentry","category-educacion"],"jetpack_featured_media_url":"https:\/\/radiorevelacionfm.cl\/wp-content\/uploads\/2022\/04\/Agronomia-1-1.jpeg","_links":{"self":[{"href":"https:\/\/radiorevelacionfm.cl\/index.php?rest_route=\/wp\/v2\/posts\/15454","targetHints":{"allow":["GET"]}}],"collection":[{"href":"https:\/\/radiorevelacionfm.cl\/index.php?rest_route=\/wp\/v2\/posts"}],"about":[{"href":"https:\/\/radiorevelacionfm.cl\/index.php?rest_route=\/wp\/v2\/types\/post"}],"author":[{"embeddable":true,"href":"https:\/\/radiorevelacionfm.cl\/index.php?rest_route=\/wp\/v2\/users\/1"}],"replies":[{"embeddable":true,"href":"https:\/\/radiorevelacionfm.cl\/index.php?rest_route=%2Fwp%2Fv2%2Fcomments&post=15454"}],"version-history":[{"count":2,"href":"https:\/\/radiorevelacionfm.cl\/index.php?rest_route=\/wp\/v2\/posts\/15454\/revisions"}],"predecessor-version":[{"id":15460,"href":"https:\/\/radiorevelacionfm.cl\/index.php?rest_route=\/wp\/v2\/posts\/15454\/revisions\/15460"}],"wp:featuredmedia":[{"embeddable":true,"href":"https:\/\/radiorevelacionfm.cl\/index.php?rest_route=\/wp\/v2\/media\/15455"}],"wp:attachment":[{"href":"https:\/\/radiorevelacionfm.cl\/index.php?rest_route=%2Fwp%2Fv2%2Fmedia&parent=15454"}],"wp:term":[{"taxonomy":"category","embeddable":true,"href":"https:\/\/radiorevelacionfm.cl\/index.php?rest_route=%2Fwp%2Fv2%2Fcategories&post=15454"},{"taxonomy":"post_tag","embeddable":true,"href":"https:\/\/radiorevelacionfm.cl\/index.php?rest_route=%2Fwp%2Fv2%2Ftags&post=15454"}],"curies":[{"name":"wp","href":"https:\/\/api.w.org\/{rel}","templated":true}]}}