{"id":15451,"date":"2022-04-05T20:21:27","date_gmt":"2022-04-05T23:21:27","guid":{"rendered":"https:\/\/radiorevelacionfm.cl\/?p=15451"},"modified":"2022-04-05T20:21:27","modified_gmt":"2022-04-05T23:21:27","slug":"veronica-vallejos-asume-como-seremi-de-ciencia-de-la-macrozona-austral","status":"publish","type":"post","link":"https:\/\/radiorevelacionfm.cl\/?p=15451","title":{"rendered":"Ver\u00f3nica Vallejos asume como seremi de Ciencia de la Macrozona Austral"},"content":{"rendered":"<div class=\"flex_column av_one_full  flex_column_div av-zero-column-padding first  avia-builder-el-0  el_before_av_one_full  avia-builder-el-first  \" style='border-radius:0px; '><div  class='avia-image-container  av-styling-    avia-builder-el-1  avia-builder-el-no-sibling  avia-align-center '  itemprop=\"image\" itemscope=\"itemscope\" itemtype=\"https:\/\/schema.org\/ImageObject\"  ><div class='avia-image-container-inner'><div class='avia-image-overlay-wrap'><img decoding=\"async\" class='wp-image-15452 avia-img-lazy-loading-not-15452 avia_image' src=\"https:\/\/radiorevelacionfm.cl\/wp-content\/uploads\/2022\/04\/veronica-vallejos-1-1_optimized.jpg\" alt='' title='veronica-vallejos-(1)-(1)_optimized' height=\"600\" width=\"946\"  itemprop=\"thumbnailUrl\" srcset=\"https:\/\/radiorevelacionfm.cl\/wp-content\/uploads\/2022\/04\/veronica-vallejos-1-1_optimized.jpg 946w, https:\/\/radiorevelacionfm.cl\/wp-content\/uploads\/2022\/04\/veronica-vallejos-1-1_optimized-300x190.jpg 300w, https:\/\/radiorevelacionfm.cl\/wp-content\/uploads\/2022\/04\/veronica-vallejos-1-1_optimized-768x487.jpg 768w, https:\/\/radiorevelacionfm.cl\/wp-content\/uploads\/2022\/04\/veronica-vallejos-1-1_optimized-705x447.jpg 705w, https:\/\/radiorevelacionfm.cl\/wp-content\/uploads\/2022\/04\/veronica-vallejos-1-1_optimized-600x381.jpg 600w\" sizes=\"(max-width: 946px) 100vw, 946px\" \/><\/div><\/div><\/div><\/div><div class=\"flex_column av_one_full  flex_column_div av-zero-column-padding first  avia-builder-el-2  el_after_av_one_full  el_before_av_one_full  column-top-margin\" style='border-radius:0px; '><section class=\"av_textblock_section \"  itemscope=\"itemscope\" itemtype=\"https:\/\/schema.org\/BlogPosting\" itemprop=\"blogPost\" ><div class='avia_textblock  '   itemprop=\"text\" ><p style=\"text-align: center;\"><span style=\"font-size: 18pt;\"><b><span lang=\"ES-MX\">Ver\u00f3nica Vallejos asume como seremi de Ciencia de la Macrozona Austral<\/span><\/b><\/span><\/p>\n<div id=\"gtx-trans\" style=\"position: absolute; left: -50px; top: 4.31534px;\">\n<div class=\"gtx-trans-icon\"><\/div>\n<\/div>\n<\/div><\/section><\/div><div class=\"flex_column av_one_full  flex_column_div av-zero-column-padding first  avia-builder-el-4  el_after_av_one_full  el_before_av_hr  column-top-margin\" style='border-radius:0px; '><section class=\"av_textblock_section \"  itemscope=\"itemscope\" itemtype=\"https:\/\/schema.org\/BlogPosting\" itemprop=\"blogPost\" ><div class='avia_textblock  '   itemprop=\"text\" ><p class=\"v1MsoNormal\" style=\"text-align: justify;\"><span lang=\"ES-MX\">Ver\u00f3nica Vallejos asumi\u00f3 como seremi de Ciencia, Tecnolog\u00eda, Conocimiento e innovaci\u00f3n (CTCI) de las regiones de Ays\u00e9n y de Magallanes y la Ant\u00e1rtica Chilena. La designaci\u00f3n se dio a conocer formalmente el s\u00e1bado 2 de abril, luego de la primera reuni\u00f3n de coordinaci\u00f3n de gabinete regional liderada por la Delegada Presidencial, Luz Berm\u00fadez.<\/span><\/p>\n<p class=\"v1MsoNormal\" style=\"text-align: justify;\"><span lang=\"ES-MX\">La nueva autoridad es bi\u00f3loga marina, con vasta experiencia en el sector p\u00fablico y, hasta antes de su nombramiento, se desempe\u00f1aba como profesional del Instituto Ant\u00e1rtico Chileno (INACH). Ya tiene algunas tareas concretas, entre ellas apoyar la tarea de lograr incrementar el gasto en ciencia nacional, \u00abel presidente ha encomendado esta misi\u00f3n al Ministerio, por lo tanto, vamos a trabajar desde la macrozona para lograr incentivar el aporte para el desarrollo cient\u00edfico en las regiones. Adem\u00e1s, debemos lograr atraer m\u00e1s masa cr\u00edtica, tarea que no es f\u00e1cil, ya que los investigadores e investigadoras que se forman en Magallanes y Ays\u00e9n no necesariamente se quedan trabajando y potenciando el desarrollo de estas regiones\u00bb.<\/span><\/p>\n<p class=\"v1MsoNormal\" style=\"text-align: justify;\"><span lang=\"ES-MX\">Fomentar la colaboraci\u00f3n y cooperaci\u00f3n tanto a nivel de la macrozona como internacional tambi\u00e9n est\u00e1 dentro de las metas de esta nueva administraci\u00f3n, aprovechando que Punta Arenas es una puerta de entrada hacia la Ant\u00e1rtica y que el MinCiencia contin\u00faa apoyando el convertir a Magallanes y la Ant\u00e1rtica Chilena en un polo de desarrollo cient\u00edfico-tecnol\u00f3gico. \u00abMuchos programas ant\u00e1rticos pasan por ac\u00e1 y por lo tanto podr\u00edamos hacer enroques, cadenas, no solamente con los investigadores de esta regi\u00f3n, sino que tambi\u00e9n con los de Ays\u00e9n, incrementando el v\u00ednculo entre la Patagonia con la Ant\u00e1rtica\u00bb.<\/span><\/p>\n<p class=\"v1MsoNormal\" style=\"text-align: justify;\"><span lang=\"ES-MX\">La vinculaci\u00f3n con la sociedad, uno de los cuatro ejes de la Pol\u00edtica Nacional de CTCI, continuar\u00e1 siendo un objetivo central para la nueva seremi, quien considera que es importante que la comunidad sienta que la ciencia es una herramienta de desarrollo que no est\u00e1 limitada solo a los investigadores e investigadoras. \u00abSeguiremos acercando el conocimiento cient\u00edfico. Vivimos en ciencia, y es importante transmitirles a las personas que \u00e9sta es algo com\u00fan para todos, y no abstracta ni alejada. Adem\u00e1s, queremos fomentar en los ni\u00f1os, ni\u00f1as y j\u00f3venes, el que piensen en la ciencia, que desarrollen un pensamiento cr\u00edtico para la toma de decisiones y, as\u00ed en el futuro, poder sumar a m\u00e1s cient\u00edficos y cient\u00edficas al pa\u00eds\u00bb.<\/span><\/p>\n<p class=\"v1MsoNormal\" style=\"text-align: justify;\"><b><span lang=\"ES-MX\">Nueva titular de Ciencia<\/span><\/b><\/p>\n<p class=\"v1MsoNormal\" style=\"text-align: justify;\"><span lang=\"ES-MX\">Vallejos es bi\u00f3loga marina de la Universidad de Valpara\u00edso y mag\u00edster en Administraci\u00f3n de Empresas con especialidad en Gesti\u00f3n Integrada de la Calidad, Seguridad y Medio Ambiente de la Universidad Vi\u00f1a del Mar.<\/span><\/p>\n<p class=\"v1MsoNormal\" style=\"text-align: justify;\"><span lang=\"ES-MX\">Hasta antes de su nombramiento, se desempe\u00f1aba en la secci\u00f3n de Concursos y Medio Ambiente del INACH, apoyando el programa de Ciencia Ant\u00e1rtica con la administraci\u00f3n de los proyectos de concursos Nacionales de Investigaci\u00f3n Ant\u00e1rtica y de Apoyo a Tesis de Postgrado, analizando las propuestas ambientales presentadas a los llamados a concurso ANID con tem\u00e1tica ant\u00e1rtica, y apoyando el desarrollo de los proyectos en terreno.<\/span><\/p>\n<p class=\"v1MsoNormal\" style=\"text-align: justify;\"><span lang=\"ES-MX\">Tambi\u00e9n, era delegada nacional ante el Comit\u00e9 de Protecci\u00f3n del Ambiente del Tratado Ant\u00e1rtico, representando la postura de Chile en las materias ambientales discutidas en sus reuniones y asesorando al INACH, a la Direcci\u00f3n de Ant\u00e1rtica del Ministerio de Relaciones Exteriores, a los Operadores Ant\u00e1rticos Nacionales, y a la comunidad en general, en esta tem\u00e1tica.<\/span><\/p>\n<\/div><\/section><\/div><div  style='height:50px' class='hr hr-invisible   avia-builder-el-6  el_after_av_one_full  el_before_av_social_share '><span class='hr-inner ' ><span class='hr-inner-style'><\/span><\/span><\/div><\/p>\n<div  class='av-social-sharing-box  avia-builder-el-7  el_after_av_hr  el_before_av_hr  '><div class='av-share-box'><h5 class='av-share-link-description av-no-toc '>Compartir esta noticia<\/h5><ul class='av-share-box-list noLightbox'><li class='av-share-link av-social-link-facebook' ><a target=\"_blank\" aria-label=\"Compartir en Facebook\" href='https:\/\/www.facebook.com\/sharer.php?u=https:\/\/radiorevelacionfm.cl\/?p=15451&#038;t=Ver%C3%B3nica%20Vallejos%20asume%20como%20seremi%20de%20Ciencia%20de%20la%20Macrozona%20Austral' aria-hidden='false' data-av_icon='\ue8f3' data-av_iconfont='entypo-fontello' title='' data-avia-related-tooltip='Compartir en Facebook' rel=\"noopener\"><span class='avia_hidden_link_text'>Compartir en Facebook<\/span><\/a><\/li><li class='av-share-link av-social-link-twitter' ><a target=\"_blank\" aria-label=\"Compartir en Twitter\" href='https:\/\/twitter.com\/share?text=Ver%C3%B3nica%20Vallejos%20asume%20como%20seremi%20de%20Ciencia%20de%20la%20Macrozona%20Austral&#038;url=https:\/\/radiorevelacionfm.cl\/?p=15451' aria-hidden='false' data-av_icon='\ue8f1' data-av_iconfont='entypo-fontello' title='' data-avia-related-tooltip='Compartir en Twitter' rel=\"noopener\"><span class='avia_hidden_link_text'>Compartir en Twitter<\/span><\/a><\/li><li class='av-share-link av-social-link-whatsapp' ><a target=\"_blank\" aria-label=\"Compartir en Whatsapp\" href='https:\/\/api.whatsapp.com\/send?text=https:\/\/radiorevelacionfm.cl\/?p=15451' aria-hidden='false' data-av_icon='\uf232' data-av_iconfont='entypo-fontello' title='' data-avia-related-tooltip='Compartir en Whatsapp' rel=\"noopener\"><span class='avia_hidden_link_text'>Compartir en Whatsapp<\/span><\/a><\/li><li class='av-share-link av-social-link-linkedin' ><a target=\"_blank\" aria-label=\"Compartir en LinkedIn\" href='https:\/\/linkedin.com\/shareArticle?mini=true&#038;title=Ver%C3%B3nica%20Vallejos%20asume%20como%20seremi%20de%20Ciencia%20de%20la%20Macrozona%20Austral&#038;url=https:\/\/radiorevelacionfm.cl\/?p=15451' aria-hidden='false' data-av_icon='\ue8fc' data-av_iconfont='entypo-fontello' title='' data-avia-related-tooltip='Compartir en LinkedIn' rel=\"noopener\"><span class='avia_hidden_link_text'>Compartir en LinkedIn<\/span><\/a><\/li><li class='av-share-link av-social-link-mail' ><a  aria-label=\"Compartir por correo\" href='mailto:?subject=Ver%C3%B3nica%20Vallejos%20asume%20como%20seremi%20de%20Ciencia%20de%20la%20Macrozona%20Austral&#038;body=https:\/\/radiorevelacionfm.cl\/?p=15451' aria-hidden='false' data-av_icon='\ue805' data-av_iconfont='entypo-fontello' title='' data-avia-related-tooltip='Compartir por correo'><span class='avia_hidden_link_text'>Compartir por correo<\/span><\/a><\/li><\/ul><\/div><\/div>\n<div  style='height:50px' class='hr hr-invisible   avia-builder-el-8  el_after_av_social_share  el_before_av_comments_list '><span class='hr-inner ' ><span class='hr-inner-style'><\/span><\/span><\/div>\n<div  class='av-buildercomment  av-blog-meta-html-info-disabled av-blog-meta-tag-disabled  '><\/div>\n","protected":false},"excerpt":{"rendered":"","protected":false},"author":1,"featured_media":15452,"comment_status":"open","ping_status":"open","sticky":false,"template":"","format":"standard","meta":{"footnotes":""},"categories":[53],"tags":[],"class_list":["post-15451","post","type-post","status-publish","format-standard","has-post-thumbnail","hentry","category-ciencia"],"jetpack_featured_media_url":"https:\/\/radiorevelacionfm.cl\/wp-content\/uploads\/2022\/04\/veronica-vallejos-1-1_optimized.jpg","_links":{"self":[{"href":"https:\/\/radiorevelacionfm.cl\/index.php?rest_route=\/wp\/v2\/posts\/15451","targetHints":{"allow":["GET"]}}],"collection":[{"href":"https:\/\/radiorevelacionfm.cl\/index.php?rest_route=\/wp\/v2\/posts"}],"about":[{"href":"https:\/\/radiorevelacionfm.cl\/index.php?rest_route=\/wp\/v2\/types\/post"}],"author":[{"embeddable":true,"href":"https:\/\/radiorevelacionfm.cl\/index.php?rest_route=\/wp\/v2\/users\/1"}],"replies":[{"embeddable":true,"href":"https:\/\/radiorevelacionfm.cl\/index.php?rest_route=%2Fwp%2Fv2%2Fcomments&post=15451"}],"version-history":[{"count":2,"href":"https:\/\/radiorevelacionfm.cl\/index.php?rest_route=\/wp\/v2\/posts\/15451\/revisions"}],"predecessor-version":[{"id":15495,"href":"https:\/\/radiorevelacionfm.cl\/index.php?rest_route=\/wp\/v2\/posts\/15451\/revisions\/15495"}],"wp:featuredmedia":[{"embeddable":true,"href":"https:\/\/radiorevelacionfm.cl\/index.php?rest_route=\/wp\/v2\/media\/15452"}],"wp:attachment":[{"href":"https:\/\/radiorevelacionfm.cl\/index.php?rest_route=%2Fwp%2Fv2%2Fmedia&parent=15451"}],"wp:term":[{"taxonomy":"category","embeddable":true,"href":"https:\/\/radiorevelacionfm.cl\/index.php?rest_route=%2Fwp%2Fv2%2Fcategories&post=15451"},{"taxonomy":"post_tag","embeddable":true,"href":"https:\/\/radiorevelacionfm.cl\/index.php?rest_route=%2Fwp%2Fv2%2Ftags&post=15451"}],"curies":[{"name":"wp","href":"https:\/\/api.w.org\/{rel}","templated":true}]}}