{"id":15447,"date":"2022-04-04T20:26:31","date_gmt":"2022-04-04T23:26:31","guid":{"rendered":"https:\/\/radiorevelacionfm.cl\/?p=15447"},"modified":"2022-04-04T20:26:31","modified_gmt":"2022-04-04T23:26:31","slug":"seremi-de-salud-aysen-todos-debemos-ser-responsables-con-el-autocuidado-frente-a-la-marea-roja","status":"publish","type":"post","link":"https:\/\/radiorevelacionfm.cl\/?p=15447","title":{"rendered":"Seremi de Salud Ays\u00e9n: \u201cTodos debemos ser responsables con el autocuidado frente a la Marea Roja\u201d"},"content":{"rendered":"<div class=\"flex_column av_one_full  flex_column_div av-zero-column-padding first  avia-builder-el-0  el_before_av_one_full  avia-builder-el-first  \" style='border-radius:0px; '><div  class='avia-image-container  av-styling-    avia-builder-el-1  avia-builder-el-no-sibling  avia-align-center '  itemprop=\"image\" itemscope=\"itemscope\" itemtype=\"https:\/\/schema.org\/ImageObject\"  ><div class='avia-image-container-inner'><div class='avia-image-overlay-wrap'><img decoding=\"async\" class='wp-image-15448 avia-img-lazy-loading-not-15448 avia_image' src=\"https:\/\/radiorevelacionfm.cl\/wp-content\/uploads\/2022\/04\/reunion-comite-marea-roja-1-1.jpeg\" alt='' title='reuni\u00f3n comit\u00e9 marea roja (1) (1)' height=\"600\" width=\"908\"  itemprop=\"thumbnailUrl\" srcset=\"https:\/\/radiorevelacionfm.cl\/wp-content\/uploads\/2022\/04\/reunion-comite-marea-roja-1-1.jpeg 908w, https:\/\/radiorevelacionfm.cl\/wp-content\/uploads\/2022\/04\/reunion-comite-marea-roja-1-1-300x198.jpeg 300w, https:\/\/radiorevelacionfm.cl\/wp-content\/uploads\/2022\/04\/reunion-comite-marea-roja-1-1-768x507.jpeg 768w, https:\/\/radiorevelacionfm.cl\/wp-content\/uploads\/2022\/04\/reunion-comite-marea-roja-1-1-705x466.jpeg 705w, https:\/\/radiorevelacionfm.cl\/wp-content\/uploads\/2022\/04\/reunion-comite-marea-roja-1-1-600x396.jpeg 600w\" sizes=\"(max-width: 908px) 100vw, 908px\" \/><\/div><\/div><\/div><\/div><div class=\"flex_column av_one_full  flex_column_div av-zero-column-padding first  avia-builder-el-2  el_after_av_one_full  el_before_av_one_full  column-top-margin\" style='border-radius:0px; '><section class=\"av_textblock_section \"  itemscope=\"itemscope\" itemtype=\"https:\/\/schema.org\/BlogPosting\" itemprop=\"blogPost\" ><div class='avia_textblock  '   itemprop=\"text\" ><p style=\"text-align: center;\"><span style=\"font-size: 18pt;\"><strong>Seremi de Salud Ays\u00e9n: <\/strong><strong>\u201cTodos debemos ser responsables con el autocuidado frente a la Marea Roja<\/strong><strong>\u201d<\/strong><\/span><\/p>\n<div id=\"gtx-trans\" style=\"position: absolute; left: -50px; top: 4.31534px;\">\n<div class=\"gtx-trans-icon\"><\/div>\n<\/div>\n<\/div><\/section><\/div><div class=\"flex_column av_one_full  flex_column_div av-zero-column-padding first  avia-builder-el-4  el_after_av_one_full  el_before_av_hr  column-top-margin\" style='border-radius:0px; '><section class=\"av_textblock_section \"  itemscope=\"itemscope\" itemtype=\"https:\/\/schema.org\/BlogPosting\" itemprop=\"blogPost\" ><div class='avia_textblock  '   itemprop=\"text\" ><p style=\"text-align: justify;\">Tras el fallecimiento de un menor de tres a\u00f1os en la d\u00e9cima regi\u00f3n por consumo de mariscos con toxinas de Marea Roja, y la hospitalizaci\u00f3n de otras tres personas producto del mismo hecho, las autoridades regionales que integran la Mesa de Marea Roja recalcaron la importancia del autocuidado en la propia comunidad, que junto a las acciones de fiscalizaci\u00f3n y monitoreo que se realiza de la Marea Roja, permitir\u00e1n evitar situaciones que afectan a la salud p\u00fablica de la comunidad.<\/p>\n<p style=\"text-align: justify;\">Aspectos que fueron detallados por la Seremi de Salud Ays\u00e9n, Carmen Monsalve G\u00f3mez. \u201cDesde la Seremi de Salud, lamentamos profundamente el fallecimiento de un menor en la d\u00e9cima regi\u00f3n producto del consumo de mariscos contaminados con toxinas de la Marea Roja, y al respecto informar que se ha activado el Comit\u00e9 Regional de Marea Roja, donde se est\u00e1n evaluando las acciones para aumentar las fiscalizaciones y el monitoreo; sin embargo, todas estas acciones no van a\u00a0 tener ning\u00fan impacto si la ciudadan\u00eda no adopta una posici\u00f3n responsable, en este sentido hacemos un llamado para que la ciudan\u00eda acceda a los lugares autorizados por la seremi de salud para el consumo o compra de mariscos en nuestra regi\u00f3n\u201d.<\/p>\n<p style=\"text-align: justify;\">En este contexto, el Pdte. del Comit\u00e9 Regional de Marea Roja, Delegado Presidencial Provincial de Ays\u00e9n, Jorge Salfate, indic\u00f3 que desde este organismo se han coordinado diversas acciones tendientes a resguardar la salud de la poblaci\u00f3n, especialmente por la extracci\u00f3n ilegal de mariscos que se produce en el litoral.\u00a0 \u201cEstamos uniendo y coordinando fuerzas para cuidar la salud de la poblaci\u00f3n de Ays\u00e9n y de Chile, porque lamentablemente por temas de extracci\u00f3n que se est\u00e1n realizando sin las medidas necesarias y en forma ilegal, se est\u00e1 poniendo en riesgo la salud de la poblaci\u00f3n, estamos haciendo las coordinaciones para que todo se realice en base a los protocolos y que se cumpla con la normativa vigente de salud y de los servicios implicados en este comit\u00e9\u201d.<\/p>\n<p style=\"text-align: justify;\"><strong>\u00bfQu\u00e9 es la Marea Roja?<\/strong><\/p>\n<p style=\"text-align: justify;\">\u201cMarea Roja\u201d es el t\u00e9rmino com\u00fanmente utilizado para referirse a los Fen\u00f3menos Algales Nocivos (FAN), caracterizados por un aumento excesivo en el n\u00famero de algas microsc\u00f3picas que producen toxinas que afectan al ser humano y a los animales. Estos compuestos son acumulados en los mariscos.<\/p>\n<p style=\"text-align: justify;\">Las toxinas de importancia en Chile son: Veneno Diarreico de los Mariscos (VDM), Veneno Amn\u00e9sico de los Mariscos (VAM) y Veneno Paralizante de los Mariscos (VPM).<\/p>\n<p style=\"text-align: justify;\"><strong>Recomendaciones<\/strong><\/p>\n<ul style=\"text-align: justify;\">\n<li style=\"text-align: justify;\">Consumir mariscos de manera responsable y segura a trav\u00e9s del comercio establecido.<\/li>\n<li style=\"text-align: justify;\">Consuma mariscos en lugares autorizados y establecidos, nunca en el comercio ambulante.<\/li>\n<li style=\"text-align: justify;\">Comprar pescados y mariscos s\u00f3lo en locales con autorizaci\u00f3n sanitaria<\/li>\n<\/ul>\n<p style=\"text-align: justify;\"><strong>\u00a0<\/strong><\/p>\n<p style=\"text-align: justify;\"><strong>S\u00edntomas de intoxicaci\u00f3n <\/strong>(Veneno Paralizante de los Moluscos -VPM)<\/p>\n<ul style=\"text-align: justify;\">\n<li style=\"text-align: justify;\">Adormecimiento y hormigueo de boca, lengua, cara y piernas.<\/li>\n<li style=\"text-align: justify;\">Insensibilidad de brazos, piernas y cuello<\/li>\n<li style=\"text-align: justify;\">Dificultad de hablar y respirar.<\/li>\n<li style=\"text-align: justify;\">Par\u00e1lisis progresiva.<\/li>\n<\/ul>\n<p style=\"text-align: justify;\">Frente a estos s\u00edntomas, dir\u00edjase inmediatamente al centro de salud m\u00e1s cercano.<\/p>\n<\/div><\/section><\/div><div  style='height:50px' class='hr hr-invisible   avia-builder-el-6  el_after_av_one_full  el_before_av_social_share '><span class='hr-inner ' ><span class='hr-inner-style'><\/span><\/span><\/div><\/p>\n<div  class='av-social-sharing-box  avia-builder-el-7  el_after_av_hr  el_before_av_hr  '><div class='av-share-box'><h5 class='av-share-link-description av-no-toc '>Compartir esta noticia<\/h5><ul class='av-share-box-list noLightbox'><li class='av-share-link av-social-link-facebook' ><a target=\"_blank\" aria-label=\"Compartir en Facebook\" href='https:\/\/www.facebook.com\/sharer.php?u=https:\/\/radiorevelacionfm.cl\/?p=15447&#038;t=Seremi%20de%20Salud%20Ays%C3%A9n%3A%20%E2%80%9CTodos%20debemos%20ser%20responsables%20con%20el%20autocuidado%20frente%20a%20la%20Marea%20Roja%E2%80%9D' aria-hidden='false' data-av_icon='\ue8f3' data-av_iconfont='entypo-fontello' title='' data-avia-related-tooltip='Compartir en Facebook' rel=\"noopener\"><span class='avia_hidden_link_text'>Compartir en Facebook<\/span><\/a><\/li><li class='av-share-link av-social-link-twitter' ><a target=\"_blank\" aria-label=\"Compartir en Twitter\" href='https:\/\/twitter.com\/share?text=Seremi%20de%20Salud%20Ays%C3%A9n%3A%20%E2%80%9CTodos%20debemos%20ser%20responsables%20con%20el%20autocuidado%20frente%20a%20la%20Marea%20Roja%E2%80%9D&#038;url=https:\/\/radiorevelacionfm.cl\/?p=15447' aria-hidden='false' data-av_icon='\ue8f1' data-av_iconfont='entypo-fontello' title='' data-avia-related-tooltip='Compartir en Twitter' rel=\"noopener\"><span class='avia_hidden_link_text'>Compartir en Twitter<\/span><\/a><\/li><li class='av-share-link av-social-link-whatsapp' ><a target=\"_blank\" aria-label=\"Compartir en Whatsapp\" href='https:\/\/api.whatsapp.com\/send?text=https:\/\/radiorevelacionfm.cl\/?p=15447' aria-hidden='false' data-av_icon='\uf232' data-av_iconfont='entypo-fontello' title='' data-avia-related-tooltip='Compartir en Whatsapp' rel=\"noopener\"><span class='avia_hidden_link_text'>Compartir en Whatsapp<\/span><\/a><\/li><li class='av-share-link av-social-link-linkedin' ><a target=\"_blank\" aria-label=\"Compartir en LinkedIn\" href='https:\/\/linkedin.com\/shareArticle?mini=true&#038;title=Seremi%20de%20Salud%20Ays%C3%A9n%3A%20%E2%80%9CTodos%20debemos%20ser%20responsables%20con%20el%20autocuidado%20frente%20a%20la%20Marea%20Roja%E2%80%9D&#038;url=https:\/\/radiorevelacionfm.cl\/?p=15447' aria-hidden='false' data-av_icon='\ue8fc' data-av_iconfont='entypo-fontello' title='' data-avia-related-tooltip='Compartir en LinkedIn' rel=\"noopener\"><span class='avia_hidden_link_text'>Compartir en LinkedIn<\/span><\/a><\/li><li class='av-share-link av-social-link-mail' ><a  aria-label=\"Compartir por correo\" href='mailto:?subject=Seremi%20de%20Salud%20Ays%C3%A9n%3A%20%E2%80%9CTodos%20debemos%20ser%20responsables%20con%20el%20autocuidado%20frente%20a%20la%20Marea%20Roja%E2%80%9D&#038;body=https:\/\/radiorevelacionfm.cl\/?p=15447' aria-hidden='false' data-av_icon='\ue805' data-av_iconfont='entypo-fontello' title='' data-avia-related-tooltip='Compartir por correo'><span class='avia_hidden_link_text'>Compartir por correo<\/span><\/a><\/li><\/ul><\/div><\/div>\n<div  style='height:50px' class='hr hr-invisible   avia-builder-el-8  el_after_av_social_share  el_before_av_comments_list '><span class='hr-inner ' ><span class='hr-inner-style'><\/span><\/span><\/div>\n<div  class='av-buildercomment  av-blog-meta-html-info-disabled av-blog-meta-tag-disabled  '><\/div>\n","protected":false},"excerpt":{"rendered":"","protected":false},"author":1,"featured_media":15448,"comment_status":"open","ping_status":"open","sticky":false,"template":"","format":"standard","meta":{"footnotes":""},"categories":[46],"tags":[],"class_list":["post-15447","post","type-post","status-publish","format-standard","has-post-thumbnail","hentry","category-salud"],"jetpack_featured_media_url":"https:\/\/radiorevelacionfm.cl\/wp-content\/uploads\/2022\/04\/reunion-comite-marea-roja-1-1.jpeg","_links":{"self":[{"href":"https:\/\/radiorevelacionfm.cl\/index.php?rest_route=\/wp\/v2\/posts\/15447","targetHints":{"allow":["GET"]}}],"collection":[{"href":"https:\/\/radiorevelacionfm.cl\/index.php?rest_route=\/wp\/v2\/posts"}],"about":[{"href":"https:\/\/radiorevelacionfm.cl\/index.php?rest_route=\/wp\/v2\/types\/post"}],"author":[{"embeddable":true,"href":"https:\/\/radiorevelacionfm.cl\/index.php?rest_route=\/wp\/v2\/users\/1"}],"replies":[{"embeddable":true,"href":"https:\/\/radiorevelacionfm.cl\/index.php?rest_route=%2Fwp%2Fv2%2Fcomments&post=15447"}],"version-history":[{"count":2,"href":"https:\/\/radiorevelacionfm.cl\/index.php?rest_route=\/wp\/v2\/posts\/15447\/revisions"}],"predecessor-version":[{"id":15450,"href":"https:\/\/radiorevelacionfm.cl\/index.php?rest_route=\/wp\/v2\/posts\/15447\/revisions\/15450"}],"wp:featuredmedia":[{"embeddable":true,"href":"https:\/\/radiorevelacionfm.cl\/index.php?rest_route=\/wp\/v2\/media\/15448"}],"wp:attachment":[{"href":"https:\/\/radiorevelacionfm.cl\/index.php?rest_route=%2Fwp%2Fv2%2Fmedia&parent=15447"}],"wp:term":[{"taxonomy":"category","embeddable":true,"href":"https:\/\/radiorevelacionfm.cl\/index.php?rest_route=%2Fwp%2Fv2%2Fcategories&post=15447"},{"taxonomy":"post_tag","embeddable":true,"href":"https:\/\/radiorevelacionfm.cl\/index.php?rest_route=%2Fwp%2Fv2%2Ftags&post=15447"}],"curies":[{"name":"wp","href":"https:\/\/api.w.org\/{rel}","templated":true}]}}