{"id":15436,"date":"2022-04-05T10:29:30","date_gmt":"2022-04-05T13:29:30","guid":{"rendered":"https:\/\/radiorevelacionfm.cl\/?p=15436"},"modified":"2022-04-05T10:29:30","modified_gmt":"2022-04-05T13:29:30","slug":"presentan-estrategia-de-bienestar-y-convivencia-para-el-sistema-escolar","status":"publish","type":"post","link":"https:\/\/radiorevelacionfm.cl\/?p=15436","title":{"rendered":"Presentan \u00abEstrategia de Bienestar y Convivencia\u00bb para el sistema escolar"},"content":{"rendered":"<div class=\"flex_column av_one_full  flex_column_div av-zero-column-padding first  avia-builder-el-0  el_before_av_one_full  avia-builder-el-first  \" style='border-radius:0px; '><div  class='avia-image-container  av-styling-    avia-builder-el-1  avia-builder-el-no-sibling  avia-align-center '  itemprop=\"image\" itemscope=\"itemscope\" itemtype=\"https:\/\/schema.org\/ImageObject\"  ><div class='avia-image-container-inner'><div class='avia-image-overlay-wrap'><img decoding=\"async\" class='wp-image-15437 avia-img-lazy-loading-not-15437 avia_image' src=\"https:\/\/radiorevelacionfm.cl\/wp-content\/uploads\/2022\/04\/Reunion-del-Consejo-Asesor-para-la-Convivencia-y-la-No-Violencia-1-1.jpeg\" alt='' title='Reuni\u00f3n del Consejo Asesor para la Convivencia y la No Violencia (1) (1)' height=\"600\" width=\"900\"  itemprop=\"thumbnailUrl\" srcset=\"https:\/\/radiorevelacionfm.cl\/wp-content\/uploads\/2022\/04\/Reunion-del-Consejo-Asesor-para-la-Convivencia-y-la-No-Violencia-1-1.jpeg 900w, https:\/\/radiorevelacionfm.cl\/wp-content\/uploads\/2022\/04\/Reunion-del-Consejo-Asesor-para-la-Convivencia-y-la-No-Violencia-1-1-300x200.jpeg 300w, https:\/\/radiorevelacionfm.cl\/wp-content\/uploads\/2022\/04\/Reunion-del-Consejo-Asesor-para-la-Convivencia-y-la-No-Violencia-1-1-768x512.jpeg 768w, https:\/\/radiorevelacionfm.cl\/wp-content\/uploads\/2022\/04\/Reunion-del-Consejo-Asesor-para-la-Convivencia-y-la-No-Violencia-1-1-705x470.jpeg 705w, https:\/\/radiorevelacionfm.cl\/wp-content\/uploads\/2022\/04\/Reunion-del-Consejo-Asesor-para-la-Convivencia-y-la-No-Violencia-1-1-600x400.jpeg 600w\" sizes=\"(max-width: 900px) 100vw, 900px\" \/><\/div><\/div><\/div><\/div><div class=\"flex_column av_one_full  flex_column_div av-zero-column-padding first  avia-builder-el-2  el_after_av_one_full  el_before_av_one_full  column-top-margin\" style='border-radius:0px; '><section class=\"av_textblock_section \"  itemscope=\"itemscope\" itemtype=\"https:\/\/schema.org\/BlogPosting\" itemprop=\"blogPost\" ><div class='avia_textblock  '   itemprop=\"text\" ><p style=\"text-align: center;\"><span style=\"font-size: 18pt;\"><b>Presentan \u00abEstrategia de Bienestar y Convivencia\u00bb para el sistema escolar<\/b><\/span><\/p>\n<div id=\"gtx-trans\" style=\"position: absolute; left: -50px; top: 4.31534px;\">\n<div class=\"gtx-trans-icon\"><\/div>\n<\/div>\n<\/div><\/section><\/div><div class=\"flex_column av_one_full  flex_column_div av-zero-column-padding first  avia-builder-el-4  el_after_av_one_full  el_before_av_hr  column-top-margin\" style='border-radius:0px; '><section class=\"av_textblock_section \"  itemscope=\"itemscope\" itemtype=\"https:\/\/schema.org\/BlogPosting\" itemprop=\"blogPost\" ><div class='avia_textblock  '   itemprop=\"text\" ><p class=\"v1MsoNormal\" style=\"text-align: justify;\">El retorno a clases presenciales, luego de dos a\u00f1os en que las y los estudiantes no estuvieron vinculados comunitariamente, se ha convertido en un desaf\u00edo para muchas comunidades educativas, el cual se ha expresado de diversas formas, incluidos hechos de violencia.<\/p>\n<p class=\"v1MsoNormal\" style=\"text-align: justify;\">Para abordar esta situaci\u00f3n, el Ministerio de Educaci\u00f3n anunci\u00f3 una \u00abEstrategia de Bienestar y Convivencia\u00bb, un conjunto de medidas de corto y mediano plazo que buscan aportar al cuidado y el reencuentro de las familias, ni\u00f1os, ni\u00f1as y adolescentes, en este retorno a las aulas.<\/p>\n<p class=\"v1MsoNormal\" style=\"text-align: justify;\">El ministro de Educaci\u00f3n, Marco Antonio \u00c1vila, se\u00f1al\u00f3 que esta estrategia considera la entrega de recursos pedag\u00f3gicos para apoyar a las comunidades educativas, acciones de intervenci\u00f3n directa para apoyar a los establecimientos educacionales con casos cr\u00edticos y la creaci\u00f3n de un Consejo Asesor para la Convivencia y la No Violencia, que re\u00fane a 13 expertos en salud mental, bienestar y convivencia, quienes estar\u00e1n encargados de orientar pol\u00edticas p\u00fablicas a corto y largo plazo en esta materia.<\/p>\n<p class=\"v1MsoNormal\" style=\"text-align: justify;\">El ministro de Educaci\u00f3n, quien encabez\u00f3 la primera sesi\u00f3n del consejo asesor este 4 de abril, manifest\u00f3 que \u00abes fundamental entender el problema de la convivencia escolar y la salud mental de manera educativa. No resolveremos nada si incorporamos solo elementos sancionatorios o si nos fijamos \u00fanicamente en aquello que dicen los distintos protocolos\u00bb.<\/p>\n<p class=\"v1MsoNormal\" style=\"text-align: justify;\">El ministro \u00c1vila explic\u00f3 que una de las medidas que han surgido desde el Mineduc para apoyar a las comunidades es la flexibilizaci\u00f3n de la Jornada Escolar Completa (JEC), que permite a los establecimientos que lo soliciten atender mejor a sus dificultades de convivencia o de infraestructura, entre otras. \u00abAh\u00ed tenemos una deuda muy grande, porque en los meses anteriores al retorno presencial no fueron previstas las complejidades que iban a tener los establecimientos que no ten\u00edan casino o que no ten\u00edan el espacio de la infraestructura para que todos sus estudiantes volvieran\u00bb.<\/p>\n<p class=\"v1MsoNormal\" style=\"text-align: justify;\">Ver\u00f3nica L\u00f3pez, directora del Centro de Investigaci\u00f3n para la Educaci\u00f3n Inclusiva, acad\u00e9mica de la Universidad Cat\u00f3lica de Valpara\u00edso e integrante del Consejo Asesor, explic\u00f3 que \u00abhay mucha capacidad instalada en los establecimientos para abordar el tema, tenemos normativas que permiten mejorar la respuesta educativa que est\u00e1n teniendo las comunidades. Para eso nos preguntamos -y eso es lo que vamos a empezar a hablar en este Consejo- si es necesario realizar cambios a nivel estructural del sistema educativo; y para eso obviamente hay un tiempo que es m\u00e1s corto, m\u00e1s inmediato, otro que es de mediano y largo plazo\u00bb.<\/p>\n<p class=\"v1MsoNormal\" style=\"text-align: justify;\">\u00abLa pregunta es c\u00f3mo creamos una escuela y un curr\u00edculum que sean flexibles a las necesidades (de las comunidades educativas) y que permita integrarlas a todas, porque si no abordamos los problemas de violencia que est\u00e1n ocurriendo las escuelas, eso puede escalar a nivel de conflictividad social\u00bb, a\u00f1adi\u00f3 la experta.<\/p>\n<p class=\"v1MsoNormal\" style=\"text-align: justify;\">En una primera etapa, la Estrategia de Bienestar y Convivencia considera:<\/p>\n<p class=\"v1MsoNormal\" style=\"text-align: justify;\">a) Acciones de intervenci\u00f3n territorial focalizadas para abordar intersectorialmente las situaciones de violencia escolar m\u00e1s cr\u00edticas que se est\u00e1n produciendo en el pa\u00eds.<\/p>\n<p class=\"v1MsoNormal\" style=\"text-align: justify;\">b) Realizaci\u00f3n de jornadas para la convivencia escolar en todos los establecimientos escolares durante el mes de abril, en la fecha que cada establecimiento defina. Los establecimientos ya cuentan con orientaciones para esta jornada.<\/p>\n<p class=\"v1MsoNormal\" style=\"text-align: justify;\">c) Recursos pedag\u00f3gicos para docentes y directivos, con estrategias y herramientas para abordar el retorno a clases, y con experiencias que pueden ser relevantes para las comunidades educativas en materia de salud mental y convivencia.<\/p>\n<p class=\"v1MsoNormal\" style=\"text-align: justify;\">d) Conformaci\u00f3n de un Consejo Asesor para la Convivencia y la No Violencia, integrado por expertas y expertos en el \u00e1rea de convivencia escolar, bienestar y salud mental. Su funci\u00f3n ser\u00e1 elaborar recomendaciones t\u00e9cnicas para orientar la promoci\u00f3n de pol\u00edticas p\u00fablicas.<\/p>\n<\/div><\/section><\/div><div  style='height:50px' class='hr hr-invisible   avia-builder-el-6  el_after_av_one_full  el_before_av_social_share '><span class='hr-inner ' ><span class='hr-inner-style'><\/span><\/span><\/div><\/p>\n<div  class='av-social-sharing-box  avia-builder-el-7  el_after_av_hr  el_before_av_hr  '><div class='av-share-box'><h5 class='av-share-link-description av-no-toc '>Compartir esta noticia<\/h5><ul class='av-share-box-list noLightbox'><li class='av-share-link av-social-link-facebook' ><a target=\"_blank\" aria-label=\"Compartir en Facebook\" href='https:\/\/www.facebook.com\/sharer.php?u=https:\/\/radiorevelacionfm.cl\/?p=15436&#038;t=Presentan%20%C2%ABEstrategia%20de%20Bienestar%20y%20Convivencia%C2%BB%20para%20el%20sistema%20escolar' aria-hidden='false' data-av_icon='\ue8f3' data-av_iconfont='entypo-fontello' title='' data-avia-related-tooltip='Compartir en Facebook' rel=\"noopener\"><span class='avia_hidden_link_text'>Compartir en Facebook<\/span><\/a><\/li><li class='av-share-link av-social-link-twitter' ><a target=\"_blank\" aria-label=\"Compartir en Twitter\" href='https:\/\/twitter.com\/share?text=Presentan%20%C2%ABEstrategia%20de%20Bienestar%20y%20Convivencia%C2%BB%20para%20el%20sistema%20escolar&#038;url=https:\/\/radiorevelacionfm.cl\/?p=15436' aria-hidden='false' data-av_icon='\ue8f1' data-av_iconfont='entypo-fontello' title='' data-avia-related-tooltip='Compartir en Twitter' rel=\"noopener\"><span class='avia_hidden_link_text'>Compartir en Twitter<\/span><\/a><\/li><li class='av-share-link av-social-link-whatsapp' ><a target=\"_blank\" aria-label=\"Compartir en Whatsapp\" href='https:\/\/api.whatsapp.com\/send?text=https:\/\/radiorevelacionfm.cl\/?p=15436' aria-hidden='false' data-av_icon='\uf232' data-av_iconfont='entypo-fontello' title='' data-avia-related-tooltip='Compartir en Whatsapp' rel=\"noopener\"><span class='avia_hidden_link_text'>Compartir en Whatsapp<\/span><\/a><\/li><li class='av-share-link av-social-link-linkedin' ><a target=\"_blank\" aria-label=\"Compartir en LinkedIn\" href='https:\/\/linkedin.com\/shareArticle?mini=true&#038;title=Presentan%20%C2%ABEstrategia%20de%20Bienestar%20y%20Convivencia%C2%BB%20para%20el%20sistema%20escolar&#038;url=https:\/\/radiorevelacionfm.cl\/?p=15436' aria-hidden='false' data-av_icon='\ue8fc' data-av_iconfont='entypo-fontello' title='' data-avia-related-tooltip='Compartir en LinkedIn' rel=\"noopener\"><span class='avia_hidden_link_text'>Compartir en LinkedIn<\/span><\/a><\/li><li class='av-share-link av-social-link-mail' ><a  aria-label=\"Compartir por correo\" href='mailto:?subject=Presentan%20%C2%ABEstrategia%20de%20Bienestar%20y%20Convivencia%C2%BB%20para%20el%20sistema%20escolar&#038;body=https:\/\/radiorevelacionfm.cl\/?p=15436' aria-hidden='false' data-av_icon='\ue805' data-av_iconfont='entypo-fontello' title='' data-avia-related-tooltip='Compartir por correo'><span class='avia_hidden_link_text'>Compartir por correo<\/span><\/a><\/li><\/ul><\/div><\/div>\n<div  style='height:50px' class='hr hr-invisible   avia-builder-el-8  el_after_av_social_share  el_before_av_comments_list '><span class='hr-inner ' ><span class='hr-inner-style'><\/span><\/span><\/div>\n<div  class='av-buildercomment  av-blog-meta-html-info-disabled av-blog-meta-tag-disabled  '><\/div>\n","protected":false},"excerpt":{"rendered":"","protected":false},"author":1,"featured_media":15437,"comment_status":"open","ping_status":"open","sticky":false,"template":"","format":"standard","meta":{"footnotes":""},"categories":[49],"tags":[],"class_list":["post-15436","post","type-post","status-publish","format-standard","has-post-thumbnail","hentry","category-educacion"],"jetpack_featured_media_url":"https:\/\/radiorevelacionfm.cl\/wp-content\/uploads\/2022\/04\/Reunion-del-Consejo-Asesor-para-la-Convivencia-y-la-No-Violencia-1-1.jpeg","_links":{"self":[{"href":"https:\/\/radiorevelacionfm.cl\/index.php?rest_route=\/wp\/v2\/posts\/15436","targetHints":{"allow":["GET"]}}],"collection":[{"href":"https:\/\/radiorevelacionfm.cl\/index.php?rest_route=\/wp\/v2\/posts"}],"about":[{"href":"https:\/\/radiorevelacionfm.cl\/index.php?rest_route=\/wp\/v2\/types\/post"}],"author":[{"embeddable":true,"href":"https:\/\/radiorevelacionfm.cl\/index.php?rest_route=\/wp\/v2\/users\/1"}],"replies":[{"embeddable":true,"href":"https:\/\/radiorevelacionfm.cl\/index.php?rest_route=%2Fwp%2Fv2%2Fcomments&post=15436"}],"version-history":[{"count":2,"href":"https:\/\/radiorevelacionfm.cl\/index.php?rest_route=\/wp\/v2\/posts\/15436\/revisions"}],"predecessor-version":[{"id":15469,"href":"https:\/\/radiorevelacionfm.cl\/index.php?rest_route=\/wp\/v2\/posts\/15436\/revisions\/15469"}],"wp:featuredmedia":[{"embeddable":true,"href":"https:\/\/radiorevelacionfm.cl\/index.php?rest_route=\/wp\/v2\/media\/15437"}],"wp:attachment":[{"href":"https:\/\/radiorevelacionfm.cl\/index.php?rest_route=%2Fwp%2Fv2%2Fmedia&parent=15436"}],"wp:term":[{"taxonomy":"category","embeddable":true,"href":"https:\/\/radiorevelacionfm.cl\/index.php?rest_route=%2Fwp%2Fv2%2Fcategories&post=15436"},{"taxonomy":"post_tag","embeddable":true,"href":"https:\/\/radiorevelacionfm.cl\/index.php?rest_route=%2Fwp%2Fv2%2Ftags&post=15436"}],"curies":[{"name":"wp","href":"https:\/\/api.w.org\/{rel}","templated":true}]}}