{"id":15428,"date":"2022-04-04T18:07:58","date_gmt":"2022-04-04T21:07:58","guid":{"rendered":"https:\/\/radiorevelacionfm.cl\/?p=15428"},"modified":"2022-04-04T18:07:58","modified_gmt":"2022-04-04T21:07:58","slug":"invitan-a-celebrar-el-dia-mundial-de-la-actividad-fisica","status":"publish","type":"post","link":"https:\/\/radiorevelacionfm.cl\/?p=15428","title":{"rendered":"Invitan a celebrar el D\u00eda Mundial de la Actividad F\u00edsica"},"content":{"rendered":"<div class=\"flex_column av_one_full  flex_column_div av-zero-column-padding first  avia-builder-el-0  el_before_av_one_full  avia-builder-el-first  \" style='border-radius:0px; '><div  class='avia-image-container  av-styling-    avia-builder-el-1  avia-builder-el-no-sibling  avia-align-center '  itemprop=\"image\" itemscope=\"itemscope\" itemtype=\"https:\/\/schema.org\/ImageObject\"  ><div class='avia-image-container-inner'><div class='avia-image-overlay-wrap'><img decoding=\"async\" class='wp-image-15429 avia-img-lazy-loading-not-15429 avia_image' src=\"https:\/\/radiorevelacionfm.cl\/wp-content\/uploads\/2022\/04\/adulto-5-1-1.jpg\" alt='' title='adulto 5 (1) (1)' height=\"600\" width=\"900\"  itemprop=\"thumbnailUrl\" srcset=\"https:\/\/radiorevelacionfm.cl\/wp-content\/uploads\/2022\/04\/adulto-5-1-1.jpg 900w, https:\/\/radiorevelacionfm.cl\/wp-content\/uploads\/2022\/04\/adulto-5-1-1-300x200.jpg 300w, https:\/\/radiorevelacionfm.cl\/wp-content\/uploads\/2022\/04\/adulto-5-1-1-768x512.jpg 768w, https:\/\/radiorevelacionfm.cl\/wp-content\/uploads\/2022\/04\/adulto-5-1-1-705x470.jpg 705w, https:\/\/radiorevelacionfm.cl\/wp-content\/uploads\/2022\/04\/adulto-5-1-1-600x400.jpg 600w\" sizes=\"(max-width: 900px) 100vw, 900px\" \/><\/div><\/div><\/div><\/div><div class=\"flex_column av_one_full  flex_column_div av-zero-column-padding first  avia-builder-el-2  el_after_av_one_full  el_before_av_one_full  column-top-margin\" style='border-radius:0px; '><section class=\"av_textblock_section \"  itemscope=\"itemscope\" itemtype=\"https:\/\/schema.org\/BlogPosting\" itemprop=\"blogPost\" ><div class='avia_textblock  '   itemprop=\"text\" ><p style=\"text-align: center;\"><strong><span style=\"font-size: 18pt;\"> Invitan a celebrar el D\u00eda Mundial de la Actividad F\u00edsica<\/span><\/strong><\/p>\n<div id=\"gtx-trans\" style=\"position: absolute; left: -50px; top: 4.31534px;\">\n<div class=\"gtx-trans-icon\"><\/div>\n<\/div>\n<\/div><\/section><\/div><div class=\"flex_column av_one_full  flex_column_div av-zero-column-padding first  avia-builder-el-4  el_after_av_one_full  el_before_av_hr  column-top-margin\" style='border-radius:0px; '><section class=\"av_textblock_section \"  itemscope=\"itemscope\" itemtype=\"https:\/\/schema.org\/BlogPosting\" itemprop=\"blogPost\" ><div class='avia_textblock  '   itemprop=\"text\" ><div>\n<p class=\"v1MsoNormal\" style=\"text-align: justify;\">Bajo el concepto vivamos juntos el #DeporteEnCadaEsquina y considerando que el\u00a0 pr\u00f3ximo 6 de abril se celebra el D\u00eda del Deporte el Ministerio del Deporte e IND, realizar\u00e1n eventos recreativos y deportivos abiertos a la comunidad en alianza con la\u00a0Corporaci\u00f3n Municipal de Deportes y Recreaci\u00f3n de Coyhaique, Municipalidad de Coyhaique, Elige Vivir Sano Ays\u00e9n,\u00a0Servicio Nacional de la Mujer y la Equidad de G\u00e9nero\u00a0Ays\u00e9n,\u00a0Servicio Nacional para la Prevenci\u00f3n y Rehabilitaci\u00f3n del Consumo de Drogas y Alcohol y\u00a0Servicio Nacional del Adulto Mayor Ays\u00e9n.<\/p>\n<p class=\"v1MsoNormal\" style=\"text-align: justify;\">Desde la Serem\u00eda del Deporte y el IND regional dieron a conocer el calendario de \u00a0actividades que se desarrollar\u00e1n a partir del d\u00eda martes 5 de abril, en Coyhaique, Puerto Ays\u00e9n, Valle Simpson y Balmaceda.<\/p>\n<p class=\"v1MsoNormal\" style=\"text-align: justify;\">En este sentido, la Seremi Mar\u00eda Eugenia Dur\u00e1n Jara se\u00f1al\u00f3 \u00abel deporte y la actividad f\u00edsica deben ser para todas y todos; un mensaje que cobra a\u00fan mayor relevancia durante abril considerando que el d\u00eda 6 se conmemora el D\u00eda Internacional del Deporte para el Desarrollo y la Paz acorde a lo indicado por la ONU, por eso, como Ministerio del Deporte y junto al Director Regional del IND Jos\u00e9 Manuel Sep\u00falveda y sus funcionarios invitamos a toda la comunidad a disfrutar del #DeporteEnCadaEsquina, un concepto que nace para recordarnos que en cada calle, plaza o barrio de nuestra regi\u00f3n, tenemos un lugar en el que podemos ponernos en movimiento sin importar nuestra edad, g\u00e9nero o intereses\u00bb.<\/p>\n<p class=\"v1MsoNormal\" style=\"text-align: justify;\"><b><u>Calendario de actividades<\/u><\/b><\/p>\n<p class=\"v1MsoNormal\" style=\"text-align: justify;\">05 de abril 15:00 a 17:00 hrs Evento recreativo para el adulto mayor, Estadio Regional ubicado en 21 de Mayo N\u00b0 1686 (Pilates, boccias, baile, premios)<\/p>\n<p class=\"v1MsoNormal\" style=\"text-align: justify;\">05 de abril de 15:00 a 18:00 hrs. Liceo San Jos\u00e9 UR actividades deportivas y recreativas.<\/p>\n<p class=\"v1MsoNormal\" style=\"text-align: justify;\">06 de abril de 19:00 a 21:00 horas, Baile a Todo Dar!, evento recreativo masivo en Gimnasio Regional de Coyhaique ubicado en Av. Ogana N\u00b01150 (Zumba, aerobox, m\u00fasica a cargo de Dj Sophie, premios).<\/p>\n<p class=\"v1MsoNormal\" style=\"text-align: justify;\">06 de abril, Escuela Rural Balmaceda 10:00 a 13:00 horas, actividades deportivas y recreativas para ni\u00f1as\/os y j\u00f3venes.<\/p>\n<p class=\"v1MsoNormal\" style=\"text-align: justify;\">07 de abril, Escuela Rural Valle Simpson 10:00 a 13:00 horas, actividades deportivas y recreativas para ni\u00f1as\/os y j\u00f3venes.<\/p>\n<p class=\"v1MsoNormal\" style=\"text-align: justify;\">08 de abril, Escuela V\u00edctor Domingo Silva 10:00 a 13:00 horas, actividades deportivas y recreativas para ni\u00f1as\/os y j\u00f3venes.<\/p>\n<p class=\"v1MsoNormal\" style=\"text-align: justify;\">09 de abril, Futbolito Familiar (07 a 18 a\u00f1os), Estadio Regional 14:00 a 18:00 horas (21 de Mayo N\u00b0 1686)<\/p>\n<\/div>\n<div style=\"text-align: justify;\"><\/div>\n<div style=\"text-align: justify;\"><\/div>\n<\/div><\/section><\/div><div  style='height:50px' class='hr hr-invisible   avia-builder-el-6  el_after_av_one_full  el_before_av_social_share '><span class='hr-inner ' ><span class='hr-inner-style'><\/span><\/span><\/div><\/p>\n<div  class='av-social-sharing-box  avia-builder-el-7  el_after_av_hr  el_before_av_hr  '><div class='av-share-box'><h5 class='av-share-link-description av-no-toc '>Compartir esta noticia<\/h5><ul class='av-share-box-list noLightbox'><li class='av-share-link av-social-link-facebook' ><a target=\"_blank\" aria-label=\"Compartir en Facebook\" href='https:\/\/www.facebook.com\/sharer.php?u=https:\/\/radiorevelacionfm.cl\/?p=15428&#038;t=Invitan%20a%20celebrar%20el%20D%C3%ADa%20Mundial%20de%20la%20Actividad%20F%C3%ADsica' aria-hidden='false' data-av_icon='\ue8f3' data-av_iconfont='entypo-fontello' title='' data-avia-related-tooltip='Compartir en Facebook' rel=\"noopener\"><span class='avia_hidden_link_text'>Compartir en Facebook<\/span><\/a><\/li><li class='av-share-link av-social-link-twitter' ><a target=\"_blank\" aria-label=\"Compartir en Twitter\" href='https:\/\/twitter.com\/share?text=Invitan%20a%20celebrar%20el%20D%C3%ADa%20Mundial%20de%20la%20Actividad%20F%C3%ADsica&#038;url=https:\/\/radiorevelacionfm.cl\/?p=15428' aria-hidden='false' data-av_icon='\ue8f1' data-av_iconfont='entypo-fontello' title='' data-avia-related-tooltip='Compartir en Twitter' rel=\"noopener\"><span class='avia_hidden_link_text'>Compartir en Twitter<\/span><\/a><\/li><li class='av-share-link av-social-link-whatsapp' ><a target=\"_blank\" aria-label=\"Compartir en Whatsapp\" href='https:\/\/api.whatsapp.com\/send?text=https:\/\/radiorevelacionfm.cl\/?p=15428' aria-hidden='false' data-av_icon='\uf232' data-av_iconfont='entypo-fontello' title='' data-avia-related-tooltip='Compartir en Whatsapp' rel=\"noopener\"><span class='avia_hidden_link_text'>Compartir en Whatsapp<\/span><\/a><\/li><li class='av-share-link av-social-link-linkedin' ><a target=\"_blank\" aria-label=\"Compartir en LinkedIn\" href='https:\/\/linkedin.com\/shareArticle?mini=true&#038;title=Invitan%20a%20celebrar%20el%20D%C3%ADa%20Mundial%20de%20la%20Actividad%20F%C3%ADsica&#038;url=https:\/\/radiorevelacionfm.cl\/?p=15428' aria-hidden='false' data-av_icon='\ue8fc' data-av_iconfont='entypo-fontello' title='' data-avia-related-tooltip='Compartir en LinkedIn' rel=\"noopener\"><span class='avia_hidden_link_text'>Compartir en LinkedIn<\/span><\/a><\/li><li class='av-share-link av-social-link-mail' ><a  aria-label=\"Compartir por correo\" href='mailto:?subject=Invitan%20a%20celebrar%20el%20D%C3%ADa%20Mundial%20de%20la%20Actividad%20F%C3%ADsica&#038;body=https:\/\/radiorevelacionfm.cl\/?p=15428' aria-hidden='false' data-av_icon='\ue805' data-av_iconfont='entypo-fontello' title='' data-avia-related-tooltip='Compartir por correo'><span class='avia_hidden_link_text'>Compartir por correo<\/span><\/a><\/li><\/ul><\/div><\/div>\n<div  style='height:50px' class='hr hr-invisible   avia-builder-el-8  el_after_av_social_share  el_before_av_comments_list '><span class='hr-inner ' ><span class='hr-inner-style'><\/span><\/span><\/div>\n<div  class='av-buildercomment  av-blog-meta-html-info-disabled av-blog-meta-tag-disabled  '><\/div>\n","protected":false},"excerpt":{"rendered":"","protected":false},"author":1,"featured_media":15429,"comment_status":"open","ping_status":"open","sticky":false,"template":"","format":"standard","meta":{"footnotes":""},"categories":[40],"tags":[],"class_list":["post-15428","post","type-post","status-publish","format-standard","has-post-thumbnail","hentry","category-deportes"],"jetpack_featured_media_url":"https:\/\/radiorevelacionfm.cl\/wp-content\/uploads\/2022\/04\/adulto-5-1-1.jpg","_links":{"self":[{"href":"https:\/\/radiorevelacionfm.cl\/index.php?rest_route=\/wp\/v2\/posts\/15428","targetHints":{"allow":["GET"]}}],"collection":[{"href":"https:\/\/radiorevelacionfm.cl\/index.php?rest_route=\/wp\/v2\/posts"}],"about":[{"href":"https:\/\/radiorevelacionfm.cl\/index.php?rest_route=\/wp\/v2\/types\/post"}],"author":[{"embeddable":true,"href":"https:\/\/radiorevelacionfm.cl\/index.php?rest_route=\/wp\/v2\/users\/1"}],"replies":[{"embeddable":true,"href":"https:\/\/radiorevelacionfm.cl\/index.php?rest_route=%2Fwp%2Fv2%2Fcomments&post=15428"}],"version-history":[{"count":2,"href":"https:\/\/radiorevelacionfm.cl\/index.php?rest_route=\/wp\/v2\/posts\/15428\/revisions"}],"predecessor-version":[{"id":15439,"href":"https:\/\/radiorevelacionfm.cl\/index.php?rest_route=\/wp\/v2\/posts\/15428\/revisions\/15439"}],"wp:featuredmedia":[{"embeddable":true,"href":"https:\/\/radiorevelacionfm.cl\/index.php?rest_route=\/wp\/v2\/media\/15429"}],"wp:attachment":[{"href":"https:\/\/radiorevelacionfm.cl\/index.php?rest_route=%2Fwp%2Fv2%2Fmedia&parent=15428"}],"wp:term":[{"taxonomy":"category","embeddable":true,"href":"https:\/\/radiorevelacionfm.cl\/index.php?rest_route=%2Fwp%2Fv2%2Fcategories&post=15428"},{"taxonomy":"post_tag","embeddable":true,"href":"https:\/\/radiorevelacionfm.cl\/index.php?rest_route=%2Fwp%2Fv2%2Ftags&post=15428"}],"curies":[{"name":"wp","href":"https:\/\/api.w.org\/{rel}","templated":true}]}}