{"id":15424,"date":"2022-04-04T17:56:05","date_gmt":"2022-04-04T20:56:05","guid":{"rendered":"https:\/\/radiorevelacionfm.cl\/?p=15424"},"modified":"2022-04-04T18:17:22","modified_gmt":"2022-04-04T21:17:22","slug":"irina-morend-valdebenito-asume-como-seremi-de-bienes-nacionales-aysen","status":"publish","type":"post","link":"https:\/\/radiorevelacionfm.cl\/?p=15424","title":{"rendered":"Irina Morend Valdebenito asume como seremi de Bienes Nacionales Ays\u00e9n"},"content":{"rendered":"<div class=\"flex_column av_one_full  flex_column_div av-zero-column-padding first  avia-builder-el-0  el_before_av_one_full  avia-builder-el-first  \" style='border-radius:0px; '><div  class='avia-image-container  av-styling-    avia-builder-el-1  avia-builder-el-no-sibling  avia-align-center '  itemprop=\"image\" itemscope=\"itemscope\" itemtype=\"https:\/\/schema.org\/ImageObject\"  ><div class='avia-image-container-inner'><div class='avia-image-overlay-wrap'><img decoding=\"async\" class='wp-image-15434 avia-img-lazy-loading-not-15434 avia_image' src=\"https:\/\/radiorevelacionfm.cl\/wp-content\/uploads\/2022\/04\/seremi-funcionarios-2-2-1_optimized.jpg\" alt='' title='seremi-funcionarios-2-2-(1)_optimized' height=\"600\" width=\"852\"  itemprop=\"thumbnailUrl\" srcset=\"https:\/\/radiorevelacionfm.cl\/wp-content\/uploads\/2022\/04\/seremi-funcionarios-2-2-1_optimized.jpg 852w, https:\/\/radiorevelacionfm.cl\/wp-content\/uploads\/2022\/04\/seremi-funcionarios-2-2-1_optimized-300x211.jpg 300w, https:\/\/radiorevelacionfm.cl\/wp-content\/uploads\/2022\/04\/seremi-funcionarios-2-2-1_optimized-768x541.jpg 768w, https:\/\/radiorevelacionfm.cl\/wp-content\/uploads\/2022\/04\/seremi-funcionarios-2-2-1_optimized-705x496.jpg 705w, https:\/\/radiorevelacionfm.cl\/wp-content\/uploads\/2022\/04\/seremi-funcionarios-2-2-1_optimized-600x423.jpg 600w\" sizes=\"(max-width: 852px) 100vw, 852px\" \/><\/div><\/div><\/div><\/div><div class=\"flex_column av_one_full  flex_column_div av-zero-column-padding first  avia-builder-el-2  el_after_av_one_full  el_before_av_one_full  column-top-margin\" style='border-radius:0px; '><section class=\"av_textblock_section \"  itemscope=\"itemscope\" itemtype=\"https:\/\/schema.org\/BlogPosting\" itemprop=\"blogPost\" ><div class='avia_textblock  '   itemprop=\"text\" ><p style=\"text-align: center;\"><strong><span style=\"font-size: 18pt;\">Irina Morend Valdebenito asume como seremi de Bienes Nacionales Ays\u00e9n<\/span><\/strong><\/p>\n<div id=\"gtx-trans\" style=\"position: absolute; left: -50px; top: 4.31534px;\">\n<div class=\"gtx-trans-icon\"><\/div>\n<\/div>\n<\/div><\/section><\/div><\/p>\n<div class=\"flex_column av_one_full  flex_column_div av-zero-column-padding first  avia-builder-el-4  el_after_av_one_full  el_before_av_hr  column-top-margin\" style='border-radius:0px; '><section class=\"av_textblock_section \"  itemscope=\"itemscope\" itemtype=\"https:\/\/schema.org\/BlogPosting\" itemprop=\"blogPost\" ><div class='avia_textblock  '   itemprop=\"text\" ><p style=\"text-align: justify;\">Este s\u00e1bado el Delegado Presidencial Regional de Ays\u00e9n, Rodrigo Araya Morales, present\u00f3 oficialmente a la nueva autoridad de Bienes Nacionales Ays\u00e9n, Irina Morend Valdebenito, quien es ge\u00f3grafa de la Universidad Cat\u00f3lica de Valpara\u00edso, Magister en Desarrollo Rural de la Universidad Austral de Chile y madre de dos ni\u00f1os, para asumir el desaf\u00edo de liderar por los pr\u00f3ximos cuatro a\u00f1os esta cartera.<\/p>\n<p style=\"text-align: justify;\">Este lunes ya inicio sus labores, siendo su primera actividad un recorrido por las distintas unidades que componen esta repartici\u00f3n p\u00fablica, conociendo a los m\u00e1s de 30 funcionarios a cargo de la administraci\u00f3n de los bienes fiscales en la regi\u00f3n.<\/p>\n<p style=\"text-align: justify;\">Su trayectoria laboral la ha desarrollado principalmente en la regi\u00f3n de Ays\u00e9n, cuando lleg\u00f3 en el a\u00f1o 1998 para desempe\u00f1arse como profesional del programa Servicio Pa\u00eds, en la comuna de Lago Verde, oportunidad que c\u00f3mo describe, le permiti\u00f3 conocer las din\u00e1micas sociales en el mundo rural. \u201cFue una experiencia profesional y personal muy enriquecedora, donde uno de los aspectos que m\u00e1s rescato es el aprender a relacionarme con las personas de una manera muy horizontal y respetuosa, con las familias campesinas, con la comunidad educativa, las organizaciones de adultos mayores, los estudiantes. De esta manera, aprend\u00ed a relacionarme en comunidad y vivir en ella\u201d.<\/p>\n<p style=\"text-align: justify;\">Y agrega que esto le entreg\u00f3 las herramientas para aceptar el mandato del presidente Gabriel Boric, para dirigir uno de los ministerios m\u00e1s importantes en el desarrollo de la regi\u00f3n de Ays\u00e9n. \u201cEn este minuto, en el rol pol\u00edtico encomendado, tomo todas esas herramientas adquiridas a trav\u00e9s de la experiencia, para enfocar un trabajo coordinado, que nos permita siempre ir mejorando nuestras relaciones con las comunidades, con los municipios, los otros servicios p\u00fablicos, actores del sector privado y las organizaciones del \u00e1mbito civil, siendo el di\u00e1logo la base para el reconocimiento de las necesidades y oportunidades de las comunidades y siempre desde el principio de la equidad territorial: debemos reconocer y respetar los territorios con sus particularidades, con sus actores, sus costumbres, tradiciones, aciertos y desaciertos\u201d.<\/p>\n<p style=\"text-align: justify;\">Morend Valdebenito, tambi\u00e9n se desempe\u00f1\u00f3 como directora de la Fundaci\u00f3n para la Superaci\u00f3n de la Pobreza, durante el periodo 2010 al 2016 y fue presidenta del Cap\u00edtulo Ays\u00e9n de Chile Descentralizado.<\/p>\n<\/div><\/section><\/div>\n<div  style='height:50px' class='hr hr-invisible   avia-builder-el-6  el_after_av_one_full  el_before_av_social_share '><span class='hr-inner ' ><span class='hr-inner-style'><\/span><\/span><\/div>\n<div  class='av-social-sharing-box  avia-builder-el-7  el_after_av_hr  el_before_av_hr  '><div class='av-share-box'><h5 class='av-share-link-description av-no-toc '>Compartir esta noticia<\/h5><ul class='av-share-box-list noLightbox'><li class='av-share-link av-social-link-facebook' ><a target=\"_blank\" aria-label=\"Compartir en Facebook\" href='https:\/\/www.facebook.com\/sharer.php?u=https:\/\/radiorevelacionfm.cl\/?p=15424&#038;t=Irina%20Morend%20Valdebenito%20asume%20como%20seremi%20de%20Bienes%20Nacionales%20Ays%C3%A9n' aria-hidden='false' data-av_icon='\ue8f3' data-av_iconfont='entypo-fontello' title='' data-avia-related-tooltip='Compartir en Facebook' rel=\"noopener\"><span class='avia_hidden_link_text'>Compartir en Facebook<\/span><\/a><\/li><li class='av-share-link av-social-link-twitter' ><a target=\"_blank\" aria-label=\"Compartir en Twitter\" href='https:\/\/twitter.com\/share?text=Irina%20Morend%20Valdebenito%20asume%20como%20seremi%20de%20Bienes%20Nacionales%20Ays%C3%A9n&#038;url=https:\/\/radiorevelacionfm.cl\/?p=15424' aria-hidden='false' data-av_icon='\ue8f1' data-av_iconfont='entypo-fontello' title='' data-avia-related-tooltip='Compartir en Twitter' rel=\"noopener\"><span class='avia_hidden_link_text'>Compartir en Twitter<\/span><\/a><\/li><li class='av-share-link av-social-link-whatsapp' ><a target=\"_blank\" aria-label=\"Compartir en Whatsapp\" href='https:\/\/api.whatsapp.com\/send?text=https:\/\/radiorevelacionfm.cl\/?p=15424' aria-hidden='false' data-av_icon='\uf232' data-av_iconfont='entypo-fontello' title='' data-avia-related-tooltip='Compartir en Whatsapp' rel=\"noopener\"><span class='avia_hidden_link_text'>Compartir en Whatsapp<\/span><\/a><\/li><li class='av-share-link av-social-link-linkedin' ><a target=\"_blank\" aria-label=\"Compartir en LinkedIn\" href='https:\/\/linkedin.com\/shareArticle?mini=true&#038;title=Irina%20Morend%20Valdebenito%20asume%20como%20seremi%20de%20Bienes%20Nacionales%20Ays%C3%A9n&#038;url=https:\/\/radiorevelacionfm.cl\/?p=15424' aria-hidden='false' data-av_icon='\ue8fc' data-av_iconfont='entypo-fontello' title='' data-avia-related-tooltip='Compartir en LinkedIn' rel=\"noopener\"><span class='avia_hidden_link_text'>Compartir en LinkedIn<\/span><\/a><\/li><li class='av-share-link av-social-link-mail' ><a  aria-label=\"Compartir por correo\" href='mailto:?subject=Irina%20Morend%20Valdebenito%20asume%20como%20seremi%20de%20Bienes%20Nacionales%20Ays%C3%A9n&#038;body=https:\/\/radiorevelacionfm.cl\/?p=15424' aria-hidden='false' data-av_icon='\ue805' data-av_iconfont='entypo-fontello' title='' data-avia-related-tooltip='Compartir por correo'><span class='avia_hidden_link_text'>Compartir por correo<\/span><\/a><\/li><\/ul><\/div><\/div>\n<div  style='height:50px' class='hr hr-invisible   avia-builder-el-8  el_after_av_social_share  el_before_av_comments_list '><span class='hr-inner ' ><span class='hr-inner-style'><\/span><\/span><\/div>\n<div  class='av-buildercomment  av-blog-meta-html-info-disabled av-blog-meta-tag-disabled  '><\/div>\n","protected":false},"excerpt":{"rendered":"","protected":false},"author":1,"featured_media":15434,"comment_status":"open","ping_status":"open","sticky":false,"template":"","format":"standard","meta":{"footnotes":""},"categories":[38],"tags":[],"class_list":["post-15424","post","type-post","status-publish","format-standard","has-post-thumbnail","hentry","category-regional"],"jetpack_featured_media_url":"https:\/\/radiorevelacionfm.cl\/wp-content\/uploads\/2022\/04\/seremi-funcionarios-2-2-1_optimized.jpg","_links":{"self":[{"href":"https:\/\/radiorevelacionfm.cl\/index.php?rest_route=\/wp\/v2\/posts\/15424","targetHints":{"allow":["GET"]}}],"collection":[{"href":"https:\/\/radiorevelacionfm.cl\/index.php?rest_route=\/wp\/v2\/posts"}],"about":[{"href":"https:\/\/radiorevelacionfm.cl\/index.php?rest_route=\/wp\/v2\/types\/post"}],"author":[{"embeddable":true,"href":"https:\/\/radiorevelacionfm.cl\/index.php?rest_route=\/wp\/v2\/users\/1"}],"replies":[{"embeddable":true,"href":"https:\/\/radiorevelacionfm.cl\/index.php?rest_route=%2Fwp%2Fv2%2Fcomments&post=15424"}],"version-history":[{"count":3,"href":"https:\/\/radiorevelacionfm.cl\/index.php?rest_route=\/wp\/v2\/posts\/15424\/revisions"}],"predecessor-version":[{"id":15433,"href":"https:\/\/radiorevelacionfm.cl\/index.php?rest_route=\/wp\/v2\/posts\/15424\/revisions\/15433"}],"wp:featuredmedia":[{"embeddable":true,"href":"https:\/\/radiorevelacionfm.cl\/index.php?rest_route=\/wp\/v2\/media\/15434"}],"wp:attachment":[{"href":"https:\/\/radiorevelacionfm.cl\/index.php?rest_route=%2Fwp%2Fv2%2Fmedia&parent=15424"}],"wp:term":[{"taxonomy":"category","embeddable":true,"href":"https:\/\/radiorevelacionfm.cl\/index.php?rest_route=%2Fwp%2Fv2%2Fcategories&post=15424"},{"taxonomy":"post_tag","embeddable":true,"href":"https:\/\/radiorevelacionfm.cl\/index.php?rest_route=%2Fwp%2Fv2%2Ftags&post=15424"}],"curies":[{"name":"wp","href":"https:\/\/api.w.org\/{rel}","templated":true}]}}