{"id":15420,"date":"2022-04-04T17:27:48","date_gmt":"2022-04-04T20:27:48","guid":{"rendered":"https:\/\/radiorevelacionfm.cl\/?p=15420"},"modified":"2022-04-04T17:27:48","modified_gmt":"2022-04-04T20:27:48","slug":"fosis-lanza-postulaciones-a-nivel-regional-con-mas-de-530-cupos-para-emprender","status":"publish","type":"post","link":"https:\/\/radiorevelacionfm.cl\/?p=15420","title":{"rendered":"Fosis lanza postulaciones a nivel regional con m\u00e1s de 530 cupos para emprender"},"content":{"rendered":"<div class=\"flex_column av_one_full  flex_column_div av-zero-column-padding first  avia-builder-el-0  el_before_av_one_full  avia-builder-el-first  \" style='border-radius:0px; '><div  class='avia-image-container  av-styling-    avia-builder-el-1  avia-builder-el-no-sibling  avia-align-center '  itemprop=\"image\" itemscope=\"itemscope\" itemtype=\"https:\/\/schema.org\/ImageObject\"  ><div class='avia-image-container-inner'><div class='avia-image-overlay-wrap'><img decoding=\"async\" class='wp-image-15421 avia-img-lazy-loading-not-15421 avia_image' src=\"https:\/\/radiorevelacionfm.cl\/wp-content\/uploads\/2022\/04\/1fosis1-1_optimized.jpg\" alt='' title='1fosis1-(1)_optimized' height=\"600\" width=\"1076\"  itemprop=\"thumbnailUrl\" srcset=\"https:\/\/radiorevelacionfm.cl\/wp-content\/uploads\/2022\/04\/1fosis1-1_optimized.jpg 1076w, https:\/\/radiorevelacionfm.cl\/wp-content\/uploads\/2022\/04\/1fosis1-1_optimized-300x167.jpg 300w, https:\/\/radiorevelacionfm.cl\/wp-content\/uploads\/2022\/04\/1fosis1-1_optimized-1030x574.jpg 1030w, https:\/\/radiorevelacionfm.cl\/wp-content\/uploads\/2022\/04\/1fosis1-1_optimized-768x428.jpg 768w, https:\/\/radiorevelacionfm.cl\/wp-content\/uploads\/2022\/04\/1fosis1-1_optimized-705x393.jpg 705w, https:\/\/radiorevelacionfm.cl\/wp-content\/uploads\/2022\/04\/1fosis1-1_optimized-600x335.jpg 600w\" sizes=\"(max-width: 1076px) 100vw, 1076px\" \/><\/div><\/div><\/div><\/div><div class=\"flex_column av_one_full  flex_column_div av-zero-column-padding first  avia-builder-el-2  el_after_av_one_full  el_before_av_one_full  column-top-margin\" style='border-radius:0px; '><section class=\"av_textblock_section \"  itemscope=\"itemscope\" itemtype=\"https:\/\/schema.org\/BlogPosting\" itemprop=\"blogPost\" ><div class='avia_textblock  '   itemprop=\"text\" ><p style=\"text-align: center;\"><strong><span style=\"font-size: 18pt;\">Fosis lanza postulaciones a nivel regional con m\u00e1s de 530 cupos para emprender<\/span><\/strong><\/p>\n<div id=\"gtx-trans\" style=\"position: absolute; left: -50px; top: 4.31534px;\">\n<div class=\"gtx-trans-icon\"><\/div>\n<\/div>\n<\/div><\/section><\/div><div class=\"flex_column av_one_full  flex_column_div av-zero-column-padding first  avia-builder-el-4  el_after_av_one_full  el_before_av_hr  column-top-margin\" style='border-radius:0px; '><section class=\"av_textblock_section \"  itemscope=\"itemscope\" itemtype=\"https:\/\/schema.org\/BlogPosting\" itemprop=\"blogPost\" ><div class='avia_textblock  '   itemprop=\"text\" ><p style=\"text-align: justify;\">Hasta la Feria Artesanal de Coyhaique llegaron el Delegado Presidencial Regional de Ays\u00e9n, Rodrigo Araya; la Directora Regional (S) del FOSIS, Mar\u00eda Soledad Vera y el representante del Ministerio de Desarrollo Social y Familia, Rafael Pla, para conocer el trabajo y experiencia de emprendimiento de la orfebre local, Carol Epuyao, junto con realizar el lanzamiento de las postulaciones 2022 a los programas del Fondo de Solidaridad e Inversi\u00f3n Social para la regi\u00f3n de Ays\u00e9n.<\/p>\n<p style=\"text-align: justify;\">Con un total de 532 cupos en el en la regi\u00f3n de Ays\u00e9n y una inversi\u00f3n de m\u00e1s de $510 millones de pesos, el FOSIS presenta alternativas tanto para personas que tienen un peque\u00f1o emprendimiento, como para aquellas que tienen una idea de negocio. Estos programas que contemplan capacitaci\u00f3n, acompa\u00f1amiento y la entrega de un capital inicial, que puede llegar hasta los $650.000.<\/p>\n<p style=\"text-align: justify;\">Delegado Presidencial Regional, Rodrigo Araya Morales, destac\u00f3 que \u00abest\u00e1n abiertas las postulaciones al Yo Emprendo Semilla y Yo Emprendo de FOSIS, justamente, para potenciar estos negocios de personas que tienen habilidades tan importantes para nuestra comunidad, para nuestra cultura, como lo que estamos viendo aqu\u00ed en la Feria de Artesanos. Por lo tanto, invitar a toda la comunidad que siga viniendo, porque la creaci\u00f3n en todas sus expresiones, es algo que tenemos que promover y respetar profundamente. Estos fondos de Fosis vienen a aportar en esa l\u00ednea y por eso estamos llamando a los emprendedores a que participen\u00bb.<\/p>\n<p style=\"text-align: justify;\">Para postular, hay que ingresar a <a href=\"http:\/\/www.fosis.gob.cl\">www.fosis.gob.cl<\/a> con Clave\u00danica, y luego completar un formulario simplificado y adaptado para dispositivos m\u00f3viles. Adem\u00e1s, el sitio web cuenta con un asistente virtual y se puede pedir orientaci\u00f3n enviando un mensaje al WhatsApp +569 4595 0011. Para quienes no puedan acceder a estos canales, tambi\u00e9n habr\u00e1 un tel\u00e9fono gratuito, 800 515 200, o pueden acercarse a las municipalidades y oficinas regionales del FOSIS. A nivel regional se han dispuesto adicionalmente para orientar y apoyar el proceso de postulaci\u00f3n los n\u00fameros +56934301233 y +56934301234.<\/p>\n<p style=\"text-align: justify;\">Carol Epuyao, Orfebre y emprendedora de Coyhaique, asegur\u00f3 que \u201cel apoyo del FOSIS ha sido s\u00faper importante en mi paso por la artesan\u00eda y quiero invitar a todos los emprendedores de la regi\u00f3n de Ays\u00e9n a postular a estos fondos y a toda la comunidad a hacerse parte de las actividades que est\u00e1 haciendo FOSIS como las ferias para que en conjunto reactivemos la econom\u00eda. En el contexto de la reactivaci\u00f3n de las econom\u00edas creativas yo comparto mi espacio, porque creo que todo est\u00e1 pulsando hacia lo colaborativo. El comerci\u00f3 digital es lo que la lleva en este momento, todo es a trav\u00e9s de las plataformas digitales, entonces hay que utilizar esas herramientas para seguir avanzado\u201d.<\/p>\n<p style=\"text-align: justify;\">Dentro de los requisitos para postular, las personas deben ser mayores de 18 a\u00f1os; estar en el 50% m\u00e1s vulnerable seg\u00fan Registro Social de Hogares; tener c\u00e9dula de identidad vigente; y residir en una comuna donde se desarrolle el programa en el que quiera participar.<\/p>\n<p style=\"text-align: justify;\">La Directora Regional (S) del FOSIS, Mar\u00eda Soledad Vera, convoc\u00f3 a participar del proceso. \u201cLas postulaciones est\u00e1n abiertas hasta el 20 de abril y pueden postular todas las personas que tengan una idea de negocio o que ya est\u00e9n trabajando en un emprendimiento. El puntaje requisito de Registro Social de Hogares es hasta el 50% en el caso de nuestra regi\u00f3n. Pueden postular a trav\u00e9s de la p\u00e1gina web del FOSIS (www.fosis.gob.cl) y tambi\u00e9n pueden llamar al 800 515 200. Con las distintas municipalidades de la regi\u00f3n tenemos convenio para apoyar las postulaciones de este a\u00f1o. El programa Yo Emprendo entrega asesor\u00eda y capacitaci\u00f3n, donde se elabora un plan de financiamiento para iniciar o fortalecer un negocio\u201d.<\/p>\n<\/div><\/section><\/div><div  style='height:50px' class='hr hr-invisible   avia-builder-el-6  el_after_av_one_full  el_before_av_social_share '><span class='hr-inner ' ><span class='hr-inner-style'><\/span><\/span><\/div><\/p>\n<div  class='av-social-sharing-box  avia-builder-el-7  el_after_av_hr  el_before_av_hr  '><div class='av-share-box'><h5 class='av-share-link-description av-no-toc '>Compartir esta noticia<\/h5><ul class='av-share-box-list noLightbox'><li class='av-share-link av-social-link-facebook' ><a target=\"_blank\" aria-label=\"Compartir en Facebook\" href='https:\/\/www.facebook.com\/sharer.php?u=https:\/\/radiorevelacionfm.cl\/?p=15420&#038;t=Fosis%20lanza%20postulaciones%20a%20nivel%20regional%20con%20m%C3%A1s%20de%20530%20cupos%20para%20emprender' aria-hidden='false' data-av_icon='\ue8f3' data-av_iconfont='entypo-fontello' title='' data-avia-related-tooltip='Compartir en Facebook' rel=\"noopener\"><span class='avia_hidden_link_text'>Compartir en Facebook<\/span><\/a><\/li><li class='av-share-link av-social-link-twitter' ><a target=\"_blank\" aria-label=\"Compartir en Twitter\" href='https:\/\/twitter.com\/share?text=Fosis%20lanza%20postulaciones%20a%20nivel%20regional%20con%20m%C3%A1s%20de%20530%20cupos%20para%20emprender&#038;url=https:\/\/radiorevelacionfm.cl\/?p=15420' aria-hidden='false' data-av_icon='\ue8f1' data-av_iconfont='entypo-fontello' title='' data-avia-related-tooltip='Compartir en Twitter' rel=\"noopener\"><span class='avia_hidden_link_text'>Compartir en Twitter<\/span><\/a><\/li><li class='av-share-link av-social-link-whatsapp' ><a target=\"_blank\" aria-label=\"Compartir en Whatsapp\" href='https:\/\/api.whatsapp.com\/send?text=https:\/\/radiorevelacionfm.cl\/?p=15420' aria-hidden='false' data-av_icon='\uf232' data-av_iconfont='entypo-fontello' title='' data-avia-related-tooltip='Compartir en Whatsapp' rel=\"noopener\"><span class='avia_hidden_link_text'>Compartir en Whatsapp<\/span><\/a><\/li><li class='av-share-link av-social-link-linkedin' ><a target=\"_blank\" aria-label=\"Compartir en LinkedIn\" href='https:\/\/linkedin.com\/shareArticle?mini=true&#038;title=Fosis%20lanza%20postulaciones%20a%20nivel%20regional%20con%20m%C3%A1s%20de%20530%20cupos%20para%20emprender&#038;url=https:\/\/radiorevelacionfm.cl\/?p=15420' aria-hidden='false' data-av_icon='\ue8fc' data-av_iconfont='entypo-fontello' title='' data-avia-related-tooltip='Compartir en LinkedIn' rel=\"noopener\"><span class='avia_hidden_link_text'>Compartir en LinkedIn<\/span><\/a><\/li><li class='av-share-link av-social-link-mail' ><a  aria-label=\"Compartir por correo\" href='mailto:?subject=Fosis%20lanza%20postulaciones%20a%20nivel%20regional%20con%20m%C3%A1s%20de%20530%20cupos%20para%20emprender&#038;body=https:\/\/radiorevelacionfm.cl\/?p=15420' aria-hidden='false' data-av_icon='\ue805' data-av_iconfont='entypo-fontello' title='' data-avia-related-tooltip='Compartir por correo'><span class='avia_hidden_link_text'>Compartir por correo<\/span><\/a><\/li><\/ul><\/div><\/div>\n<div  style='height:50px' class='hr hr-invisible   avia-builder-el-8  el_after_av_social_share  el_before_av_comments_list '><span class='hr-inner ' ><span class='hr-inner-style'><\/span><\/span><\/div>\n<div  class='av-buildercomment  av-blog-meta-html-info-disabled av-blog-meta-tag-disabled  '><\/div>\n","protected":false},"excerpt":{"rendered":"","protected":false},"author":1,"featured_media":15421,"comment_status":"open","ping_status":"open","sticky":false,"template":"","format":"standard","meta":{"footnotes":""},"categories":[38],"tags":[],"class_list":["post-15420","post","type-post","status-publish","format-standard","has-post-thumbnail","hentry","category-regional"],"jetpack_featured_media_url":"https:\/\/radiorevelacionfm.cl\/wp-content\/uploads\/2022\/04\/1fosis1-1_optimized.jpg","_links":{"self":[{"href":"https:\/\/radiorevelacionfm.cl\/index.php?rest_route=\/wp\/v2\/posts\/15420","targetHints":{"allow":["GET"]}}],"collection":[{"href":"https:\/\/radiorevelacionfm.cl\/index.php?rest_route=\/wp\/v2\/posts"}],"about":[{"href":"https:\/\/radiorevelacionfm.cl\/index.php?rest_route=\/wp\/v2\/types\/post"}],"author":[{"embeddable":true,"href":"https:\/\/radiorevelacionfm.cl\/index.php?rest_route=\/wp\/v2\/users\/1"}],"replies":[{"embeddable":true,"href":"https:\/\/radiorevelacionfm.cl\/index.php?rest_route=%2Fwp%2Fv2%2Fcomments&post=15420"}],"version-history":[{"count":2,"href":"https:\/\/radiorevelacionfm.cl\/index.php?rest_route=\/wp\/v2\/posts\/15420\/revisions"}],"predecessor-version":[{"id":15423,"href":"https:\/\/radiorevelacionfm.cl\/index.php?rest_route=\/wp\/v2\/posts\/15420\/revisions\/15423"}],"wp:featuredmedia":[{"embeddable":true,"href":"https:\/\/radiorevelacionfm.cl\/index.php?rest_route=\/wp\/v2\/media\/15421"}],"wp:attachment":[{"href":"https:\/\/radiorevelacionfm.cl\/index.php?rest_route=%2Fwp%2Fv2%2Fmedia&parent=15420"}],"wp:term":[{"taxonomy":"category","embeddable":true,"href":"https:\/\/radiorevelacionfm.cl\/index.php?rest_route=%2Fwp%2Fv2%2Fcategories&post=15420"},{"taxonomy":"post_tag","embeddable":true,"href":"https:\/\/radiorevelacionfm.cl\/index.php?rest_route=%2Fwp%2Fv2%2Ftags&post=15420"}],"curies":[{"name":"wp","href":"https:\/\/api.w.org\/{rel}","templated":true}]}}