{"id":15416,"date":"2022-04-04T16:54:27","date_gmt":"2022-04-04T19:54:27","guid":{"rendered":"https:\/\/radiorevelacionfm.cl\/?p=15416"},"modified":"2022-04-04T16:54:27","modified_gmt":"2022-04-04T19:54:27","slug":"tres-concejales-interponen-recurso-de-proteccion-ante-la-corte-de-apelaciones-en-contra-del-alcalde-de-cisnes","status":"publish","type":"post","link":"https:\/\/radiorevelacionfm.cl\/?p=15416","title":{"rendered":"Tres Concejales interponen recurso de protecci\u00f3n ante la Corte de Apelaciones en contra del Alcalde de Cisnes"},"content":{"rendered":"<div class=\"flex_column av_one_full  flex_column_div av-zero-column-padding first  avia-builder-el-0  el_before_av_one_full  avia-builder-el-first  \" style='border-radius:0px; '><div  class='avia-image-container  av-styling-    avia-builder-el-1  avia-builder-el-no-sibling  avia-align-center '  itemprop=\"image\" itemscope=\"itemscope\" itemtype=\"https:\/\/schema.org\/ImageObject\"  ><div class='avia-image-container-inner'><div class='avia-image-overlay-wrap'><img decoding=\"async\" class='wp-image-15417 avia-img-lazy-loading-not-15417 avia_image' src=\"https:\/\/radiorevelacionfm.cl\/wp-content\/uploads\/2022\/04\/municipalidad-cisnes-1_optimized.jpg\" alt='' title='municipalidad-cisnes-(1)_optimized' height=\"600\" width=\"800\"  itemprop=\"thumbnailUrl\" srcset=\"https:\/\/radiorevelacionfm.cl\/wp-content\/uploads\/2022\/04\/municipalidad-cisnes-1_optimized.jpg 800w, https:\/\/radiorevelacionfm.cl\/wp-content\/uploads\/2022\/04\/municipalidad-cisnes-1_optimized-300x225.jpg 300w, https:\/\/radiorevelacionfm.cl\/wp-content\/uploads\/2022\/04\/municipalidad-cisnes-1_optimized-768x576.jpg 768w, https:\/\/radiorevelacionfm.cl\/wp-content\/uploads\/2022\/04\/municipalidad-cisnes-1_optimized-705x529.jpg 705w, https:\/\/radiorevelacionfm.cl\/wp-content\/uploads\/2022\/04\/municipalidad-cisnes-1_optimized-600x450.jpg 600w\" sizes=\"(max-width: 800px) 100vw, 800px\" \/><\/div><\/div><\/div><\/div><div class=\"flex_column av_one_full  flex_column_div av-zero-column-padding first  avia-builder-el-2  el_after_av_one_full  el_before_av_one_full  column-top-margin\" style='border-radius:0px; '><section class=\"av_textblock_section \"  itemscope=\"itemscope\" itemtype=\"https:\/\/schema.org\/BlogPosting\" itemprop=\"blogPost\" ><div class='avia_textblock  '   itemprop=\"text\" ><p style=\"text-align: center;\"><strong><span style=\"font-size: 18pt;\">Tres Concejales interponen recurso de protecci\u00f3n ante la Corte de Apelaciones en contra del Alcalde de Cisnes<\/span><\/strong><\/p>\n<div id=\"gtx-trans\" style=\"position: absolute; left: -50px; top: 4.31534px;\">\n<div class=\"gtx-trans-icon\"><\/div>\n<\/div>\n<\/div><\/section><\/div><div class=\"flex_column av_one_full  flex_column_div av-zero-column-padding first  avia-builder-el-4  el_after_av_one_full  el_before_av_hr  column-top-margin\" style='border-radius:0px; '><section class=\"av_textblock_section \"  itemscope=\"itemscope\" itemtype=\"https:\/\/schema.org\/BlogPosting\" itemprop=\"blogPost\" ><div class='avia_textblock  '   itemprop=\"text\" ><p style=\"text-align: justify;\">A trav\u00e9s de un comunicado, los concejales Almendra Silva, Carlos Vald\u00e9s y Francisco Abarca, dieron a conocer el recurso interpuesto,\u00a0 n\u00b0 Rol\/Rit: Protecci\u00f3n 104-2022 el d\u00eda 17 de Marzo.<\/p>\n<p style=\"text-align: justify;\">El d\u00eda de hoy lunes 04 de abril del a\u00f1o 2022, nos hemos reunido en la localidad de Puerto Cisnes los\/as Concejales Almendra Silva, Carlos Vald\u00e9s y Francisco Abarca para dar a conocer a nuestras\/os vecinas\/os de la Comuna y de la regi\u00f3n de Ays\u00e9n los siguientes hechos.<\/p>\n<p style=\"text-align: justify;\">Los Concejos que realizamos son p\u00fablicos y transmitidos por los medios oficiales de la I. Municipalidad de Cisnes. Situaci\u00f3n que logramos instalar desde que comenzamos nuestro cargo. Gracias a ello es de p\u00fablico conocimiento y de libre acceso lo que ocurre en las sesiones ordinarias y extraordinarias del Concejo Municipal de nuestra Comuna. En este sentido desde hace alg\u00fan tiempo hemos dado a conocer, y nuestras\/os vecinas\/os lo han podido observar, que desde la Sesi\u00f3n Ordinaria N\u00b018, celebrada el d\u00eda 13 de diciembre del a\u00f1o 2021, se nos ha negado de forma continua y reiterada la posibilidad de expresar nuestros requerimientos, y aquellos de la comunidad que representamos, en lo que se conoce como \u201cpuntos varios\u201d u \u201chora de incidentes\u201d. Este espacio es propio de toda reuni\u00f3n ordinaria en los Concejos Municipales, Regionales incluso de toda organizaci\u00f3n o corporaci\u00f3n. Sin embargo, de forma in\u00e9dita por decisi\u00f3n del alcalde y presidente del Concejo de la Comuna de Cisnes esta opci\u00f3n nos ha sido negada hace m\u00e1s de tres meses. Hemos apelado numerosas veces para revertir esta situaci\u00f3n, intentando explicar que no puede neg\u00e1rsenos el ejercicio de la palabra, parte esencial nuestra funci\u00f3n, pero no hemos tenido \u00e9xito. Llegando esto a un punto cr\u00edtico, en la sesi\u00f3n N\u00b024 de fecha 24 de Febrero de 2022 en donde se discuti\u00f3 la posibilidad de incorporar al reglamento de funcionamiento del Concejo, la realizaci\u00f3n de los puntos varios en todas las Sesiones Ordinarias. Lamentablemente en dicha sesi\u00f3n con el voto en contra del Sr. Alcalde y tres concejales\/as, fue rechazada esta solicitud.<\/p>\n<p style=\"text-align: justify;\">Conforme a lo anterior, nos hemos visto en la necesidad de recurrir a instancias superiores para que se emita pronunciamiento sobre este important\u00edsimo tema. Es as\u00ed como el d\u00eda 17 de marzo, el concejal Francisco Abarca interpuso un recurso de protecci\u00f3n ante la Ilustr\u00edsima Corte de Apelaciones de Coyhaique, requiriendo al Sr Alcalde por las garant\u00edas constitucionales que estar\u00edan siendo vulneradas con este actuar arbitrario e ilegal. El d\u00eda 23 de marzo el recurso fue declarado admisible por la Ilustr\u00edsima Corte de Apelaciones y actualmente en tramitaci\u00f3n, en espera de respuesta del Sr Alcalde dentro del plazo concedido; para ser fallado, emitiendo pronunciamiento de fondo de la acci\u00f3n comentada.<\/p>\n<p style=\"text-align: justify;\">Por \u00faltimo, en el d\u00eda de hoy se hacen parte del recurso de protecci\u00f3n los concejales Almendra Silva y Carlos Vald\u00e9s, pues en conjunto hemos visto disminuidas nuestras facultades como concejales, lo que abiertamente afecta a nuestra comunidad pues, se omite la posibilidad de expresar los requerimientos de nuestras\/os vecinas\/os en las sesiones de Concejo y se termina empobreciendo el debate, nuestra funci\u00f3n fiscalizadora, y afectando tambi\u00e9n la transparencia y publicidad con la que debe ser ejercida la Funci\u00f3n P\u00fablica.<\/p>\n<p style=\"text-align: justify;\">Esperaremos respetuosamente la sentencia del m\u00e1ximo Tribunal Regional que esperamos pueda restablecer un derecho fundamental que no requiere de condiciones ni negociaciones para su ejercicio.<\/p>\n<\/div><\/section><\/div><div  style='height:50px' class='hr hr-invisible   avia-builder-el-6  el_after_av_one_full  el_before_av_social_share '><span class='hr-inner ' ><span class='hr-inner-style'><\/span><\/span><\/div><\/p>\n<div  class='av-social-sharing-box  avia-builder-el-7  el_after_av_hr  el_before_av_hr  '><div class='av-share-box'><h5 class='av-share-link-description av-no-toc '>Compartir esta noticia<\/h5><ul class='av-share-box-list noLightbox'><li class='av-share-link av-social-link-facebook' ><a target=\"_blank\" aria-label=\"Compartir en Facebook\" href='https:\/\/www.facebook.com\/sharer.php?u=https:\/\/radiorevelacionfm.cl\/?p=15416&#038;t=Tres%20Concejales%20interponen%20recurso%20de%20protecci%C3%B3n%20ante%20la%20Corte%20de%20Apelaciones%20en%20contra%20del%20Alcalde%20de%20Cisnes' aria-hidden='false' data-av_icon='\ue8f3' data-av_iconfont='entypo-fontello' title='' data-avia-related-tooltip='Compartir en Facebook' rel=\"noopener\"><span class='avia_hidden_link_text'>Compartir en Facebook<\/span><\/a><\/li><li class='av-share-link av-social-link-twitter' ><a target=\"_blank\" aria-label=\"Compartir en Twitter\" href='https:\/\/twitter.com\/share?text=Tres%20Concejales%20interponen%20recurso%20de%20protecci%C3%B3n%20ante%20la%20Corte%20de%20Apelaciones%20en%20contra%20del%20Alcalde%20de%20Cisnes&#038;url=https:\/\/radiorevelacionfm.cl\/?p=15416' aria-hidden='false' data-av_icon='\ue8f1' data-av_iconfont='entypo-fontello' title='' data-avia-related-tooltip='Compartir en Twitter' rel=\"noopener\"><span class='avia_hidden_link_text'>Compartir en Twitter<\/span><\/a><\/li><li class='av-share-link av-social-link-whatsapp' ><a target=\"_blank\" aria-label=\"Compartir en Whatsapp\" href='https:\/\/api.whatsapp.com\/send?text=https:\/\/radiorevelacionfm.cl\/?p=15416' aria-hidden='false' data-av_icon='\uf232' data-av_iconfont='entypo-fontello' title='' data-avia-related-tooltip='Compartir en Whatsapp' rel=\"noopener\"><span class='avia_hidden_link_text'>Compartir en Whatsapp<\/span><\/a><\/li><li class='av-share-link av-social-link-linkedin' ><a target=\"_blank\" aria-label=\"Compartir en LinkedIn\" href='https:\/\/linkedin.com\/shareArticle?mini=true&#038;title=Tres%20Concejales%20interponen%20recurso%20de%20protecci%C3%B3n%20ante%20la%20Corte%20de%20Apelaciones%20en%20contra%20del%20Alcalde%20de%20Cisnes&#038;url=https:\/\/radiorevelacionfm.cl\/?p=15416' aria-hidden='false' data-av_icon='\ue8fc' data-av_iconfont='entypo-fontello' title='' data-avia-related-tooltip='Compartir en LinkedIn' rel=\"noopener\"><span class='avia_hidden_link_text'>Compartir en LinkedIn<\/span><\/a><\/li><li class='av-share-link av-social-link-mail' ><a  aria-label=\"Compartir por correo\" href='mailto:?subject=Tres%20Concejales%20interponen%20recurso%20de%20protecci%C3%B3n%20ante%20la%20Corte%20de%20Apelaciones%20en%20contra%20del%20Alcalde%20de%20Cisnes&#038;body=https:\/\/radiorevelacionfm.cl\/?p=15416' aria-hidden='false' data-av_icon='\ue805' data-av_iconfont='entypo-fontello' title='' data-avia-related-tooltip='Compartir por correo'><span class='avia_hidden_link_text'>Compartir por correo<\/span><\/a><\/li><\/ul><\/div><\/div>\n<div  style='height:50px' class='hr hr-invisible   avia-builder-el-8  el_after_av_social_share  el_before_av_comments_list '><span class='hr-inner ' ><span class='hr-inner-style'><\/span><\/span><\/div>\n<div  class='av-buildercomment  av-blog-meta-html-info-disabled av-blog-meta-tag-disabled  '><\/div>\n","protected":false},"excerpt":{"rendered":"","protected":false},"author":1,"featured_media":15417,"comment_status":"open","ping_status":"open","sticky":false,"template":"","format":"standard","meta":{"footnotes":""},"categories":[38],"tags":[],"class_list":["post-15416","post","type-post","status-publish","format-standard","has-post-thumbnail","hentry","category-regional"],"jetpack_featured_media_url":"https:\/\/radiorevelacionfm.cl\/wp-content\/uploads\/2022\/04\/municipalidad-cisnes-1_optimized.jpg","_links":{"self":[{"href":"https:\/\/radiorevelacionfm.cl\/index.php?rest_route=\/wp\/v2\/posts\/15416","targetHints":{"allow":["GET"]}}],"collection":[{"href":"https:\/\/radiorevelacionfm.cl\/index.php?rest_route=\/wp\/v2\/posts"}],"about":[{"href":"https:\/\/radiorevelacionfm.cl\/index.php?rest_route=\/wp\/v2\/types\/post"}],"author":[{"embeddable":true,"href":"https:\/\/radiorevelacionfm.cl\/index.php?rest_route=\/wp\/v2\/users\/1"}],"replies":[{"embeddable":true,"href":"https:\/\/radiorevelacionfm.cl\/index.php?rest_route=%2Fwp%2Fv2%2Fcomments&post=15416"}],"version-history":[{"count":2,"href":"https:\/\/radiorevelacionfm.cl\/index.php?rest_route=\/wp\/v2\/posts\/15416\/revisions"}],"predecessor-version":[{"id":15419,"href":"https:\/\/radiorevelacionfm.cl\/index.php?rest_route=\/wp\/v2\/posts\/15416\/revisions\/15419"}],"wp:featuredmedia":[{"embeddable":true,"href":"https:\/\/radiorevelacionfm.cl\/index.php?rest_route=\/wp\/v2\/media\/15417"}],"wp:attachment":[{"href":"https:\/\/radiorevelacionfm.cl\/index.php?rest_route=%2Fwp%2Fv2%2Fmedia&parent=15416"}],"wp:term":[{"taxonomy":"category","embeddable":true,"href":"https:\/\/radiorevelacionfm.cl\/index.php?rest_route=%2Fwp%2Fv2%2Fcategories&post=15416"},{"taxonomy":"post_tag","embeddable":true,"href":"https:\/\/radiorevelacionfm.cl\/index.php?rest_route=%2Fwp%2Fv2%2Ftags&post=15416"}],"curies":[{"name":"wp","href":"https:\/\/api.w.org\/{rel}","templated":true}]}}