{"id":15409,"date":"2022-04-04T13:40:54","date_gmt":"2022-04-04T16:40:54","guid":{"rendered":"https:\/\/radiorevelacionfm.cl\/?p=15409"},"modified":"2022-04-04T15:19:50","modified_gmt":"2022-04-04T18:19:50","slug":"corte-de-apelaciones-de-coyhaique-confirma-condena-de-14-anos-de-presidio-por-homicidio-simple","status":"publish","type":"post","link":"https:\/\/radiorevelacionfm.cl\/?p=15409","title":{"rendered":"Corte de Apelaciones de Coyhaique confirma condena de 14 a\u00f1os de presidio para asesino del joven Dami\u00e1n Vel\u00e1squez"},"content":{"rendered":"<div class=\"flex_column av_one_full  flex_column_div av-zero-column-padding first  avia-builder-el-0  el_before_av_one_full  avia-builder-el-first  \" style='border-radius:0px; '><div  class='avia-image-container  av-styling-    avia-builder-el-1  avia-builder-el-no-sibling  avia-align-center '  itemprop=\"image\" itemscope=\"itemscope\" itemtype=\"https:\/\/schema.org\/ImageObject\"  ><div class='avia-image-container-inner'><div class='avia-image-overlay-wrap'><img decoding=\"async\" class='wp-image-0 avia-img-lazy-loading-not-0 avia_image' src=\"https:\/\/radiorevelacionfm.cl\/wp-content\/uploads\/2022\/04\/Corte-de-Apelaciones-1-1.jpg\" alt='' title=''   itemprop=\"thumbnailUrl\"  \/><\/div><\/div><\/div><\/div>\n<div class=\"flex_column av_one_full  flex_column_div av-zero-column-padding first  avia-builder-el-2  el_after_av_one_full  el_before_av_one_full  column-top-margin\" style='border-radius:0px; '><section class=\"av_textblock_section \"  itemscope=\"itemscope\" itemtype=\"https:\/\/schema.org\/BlogPosting\" itemprop=\"blogPost\" ><div class='avia_textblock  '   itemprop=\"text\" ><p style=\"text-align: center;\"><strong><span style=\"font-size: 18pt;\">Corte de Apelaciones de Coyhaique confirma condena de 14 a\u00f1os de presidio para asesino del joven Dami\u00e1n Vel\u00e1squez<\/span><\/strong><\/p>\n<div id=\"gtx-trans\" style=\"position: absolute; left: -50px; top: 4.31534px;\">\n<div class=\"gtx-trans-icon\"><\/div>\n<\/div>\n<\/div><\/section><\/div><div class=\"flex_column av_one_full  flex_column_div av-zero-column-padding first  avia-builder-el-4  el_after_av_one_full  el_before_av_hr  column-top-margin\" style='border-radius:0px; '><section class=\"av_textblock_section \"  itemscope=\"itemscope\" itemtype=\"https:\/\/schema.org\/BlogPosting\" itemprop=\"blogPost\" ><div class='avia_textblock  '   itemprop=\"text\" ><p class=\"v1MsoNormal\" style=\"text-align: justify;\">La\u00a0Corte\u00a0de Apelaciones de\u00a0Coyhaique\u00a0rechaz\u00f3 el recurso de nulidad deducido en contra de la sentencia que conden\u00f3 a Jos\u00e9 Ricardo\u00a0Llanqu\u00edn\u00a0Alvarado a la pena efectiva de 14 a\u00f1os de presidio, en calidad de autor del delito consumado de homicidio simple. Il\u00edcito perpetrado en diciembre de 2020, en la ciudad.<\/p>\n<p class=\"v1MsoNormal\" style=\"text-align: justify;\">En fallo un\u00e1nime\u00a0(causa rol\u00a035-2022), la Primera Sala del tribunal de alzada \u2013integrada por los ministros Sergio Mora, Pedro Castro, Jos\u00e9 Ignacio Mora y Natalia Rencoret\u2013 descart\u00f3 infracci\u00f3n de ley en la sentencia recurrida, dictada el 2 de febrero de 2022,\u00a0por el\u00a0Tribunal de Juicio Oral en lo Penal de\u00a0Coyhaique.<\/p>\n<p class=\"v1MsoNormal\" style=\"text-align: justify;\">\u00ab(&#8230;) esta Corte estima, no se ha incurrido en un error en la aplicaci\u00f3n de la atenuante art\u00edculo 11 N.\u00ba 9 del C\u00f3digo Penal, de acuerdo a lo antes razonado y, por ende, no se puede considerar la entidad de esta minorante para determinar la cuant\u00eda de la pena, en su &#8216;m\u00ednima expresi\u00f3n&#8217;, como lo propone el recurrente, no advirti\u00e9ndose error de derecho alguno en la aplicaci\u00f3n del referido art\u00edculo 69 del C\u00f3digo punitivo\u00bb, sostiene el fallo.<\/p>\n<p class=\"v1MsoNormal\" style=\"text-align: justify;\">La resoluci\u00f3n agrega que: \u00abTampoco se advierte infracci\u00f3n a este \u00faltimo precepto legal, por la circunstancia de que haya considerado en la mayor extensi\u00f3n del mal producido por el delito las circunstancias personales del occiso, a saber, un joven de 16 a\u00f1os que ten\u00eda una situaci\u00f3n especial de deficiencia, especialmente protegido por su entorno familiar, asistiendo a un colegio especial, lo que requer\u00eda mayor protecci\u00f3n de la madre, por lo que la p\u00e9rdida y da\u00f1o para ella es mayor, por lo que, el fallo recurrido, establece que el umbral de la pena debe superar el m\u00ednimo; lo anterior en atenci\u00f3n a que ello se ajusta a derecho, desde que efectivamente existe un aumento del da\u00f1o ocasionado con el homicidio del menor, que se expande hacia un familiar directo por las particulares condiciones de cuidado del adolescente (&#8230;)\u00bb.<\/p>\n<p class=\"v1MsoNormal\" style=\"text-align: justify;\"><span id=\"v1gmail-_x0000_t75\"><\/span>Por tanto, se resuelve que: \u00ab<b>SE RECHAZA<\/b>, sin costas, el recurso de nulidad planteado por Ricardo Flores Tapia, abogado, Defensor Penal P\u00fablico, en representaci\u00f3n del imputado Jos\u00e9 Llanqu\u00edn Alvarado, por la causal que aleg\u00f3, en contra de la sentencia definitiva, de 2 de febrero de 2022, dictada por los jueces del Tribunal de Juicio Oral en lo Penal de Coyhaique y que conden\u00f3 al acusado como autor del delito consumado de homicidio simple en la persona del joven de iniciales D.A.C.V. prescrito y sancionado en el art\u00edculo 391 N.\u00ba 2 del C\u00f3digo Penal, perpetrado el d\u00eda 25 de diciembre de 2020, en la comuna de Coyhaique, a la pena de 14 a\u00f1os de presidio mayor en su grado medio, y las accesorias de inhabilitaci\u00f3n absoluta perpetua para cargos y oficios p\u00fablicos y derechos pol\u00edticos y de inhabilitaci\u00f3n absoluta para profesiones titulares mientras dure la condena; decidi\u00e9ndose, en consecuencia, que esta no es nula\u00bb.<\/p>\n<\/div><\/section><\/div><\/p>\n<div  style='height:50px' class='hr hr-invisible   avia-builder-el-6  el_after_av_one_full  el_before_av_social_share '><span class='hr-inner ' ><span class='hr-inner-style'><\/span><\/span><\/div>\n<div  class='av-social-sharing-box  avia-builder-el-7  el_after_av_hr  el_before_av_hr  '><div class='av-share-box'><h5 class='av-share-link-description av-no-toc '>Compartir esta noticia<\/h5><ul class='av-share-box-list noLightbox'><li class='av-share-link av-social-link-facebook' ><a target=\"_blank\" aria-label=\"Compartir en Facebook\" href='https:\/\/www.facebook.com\/sharer.php?u=https:\/\/radiorevelacionfm.cl\/?p=15409&#038;t=Corte%20de%20Apelaciones%20de%20Coyhaique%20confirma%20condena%20de%2014%20a%C3%B1os%20de%20presidio%20para%20asesino%20del%20joven%20Dami%C3%A1n%20Vel%C3%A1squez' aria-hidden='false' data-av_icon='\ue8f3' data-av_iconfont='entypo-fontello' title='' data-avia-related-tooltip='Compartir en Facebook' rel=\"noopener\"><span class='avia_hidden_link_text'>Compartir en Facebook<\/span><\/a><\/li><li class='av-share-link av-social-link-twitter' ><a target=\"_blank\" aria-label=\"Compartir en Twitter\" href='https:\/\/twitter.com\/share?text=Corte%20de%20Apelaciones%20de%20Coyhaique%20confirma%20condena%20de%2014%20a%C3%B1os%20de%20presidio%20para%20asesino%20del%20joven%20Dami%C3%A1n%20Vel%C3%A1squez&#038;url=https:\/\/radiorevelacionfm.cl\/?p=15409' aria-hidden='false' data-av_icon='\ue8f1' data-av_iconfont='entypo-fontello' title='' data-avia-related-tooltip='Compartir en Twitter' rel=\"noopener\"><span class='avia_hidden_link_text'>Compartir en Twitter<\/span><\/a><\/li><li class='av-share-link av-social-link-whatsapp' ><a target=\"_blank\" aria-label=\"Compartir en Whatsapp\" href='https:\/\/api.whatsapp.com\/send?text=https:\/\/radiorevelacionfm.cl\/?p=15409' aria-hidden='false' data-av_icon='\uf232' data-av_iconfont='entypo-fontello' title='' data-avia-related-tooltip='Compartir en Whatsapp' rel=\"noopener\"><span class='avia_hidden_link_text'>Compartir en Whatsapp<\/span><\/a><\/li><li class='av-share-link av-social-link-linkedin' ><a target=\"_blank\" aria-label=\"Compartir en LinkedIn\" href='https:\/\/linkedin.com\/shareArticle?mini=true&#038;title=Corte%20de%20Apelaciones%20de%20Coyhaique%20confirma%20condena%20de%2014%20a%C3%B1os%20de%20presidio%20para%20asesino%20del%20joven%20Dami%C3%A1n%20Vel%C3%A1squez&#038;url=https:\/\/radiorevelacionfm.cl\/?p=15409' aria-hidden='false' data-av_icon='\ue8fc' data-av_iconfont='entypo-fontello' title='' data-avia-related-tooltip='Compartir en LinkedIn' rel=\"noopener\"><span class='avia_hidden_link_text'>Compartir en LinkedIn<\/span><\/a><\/li><li class='av-share-link av-social-link-mail' ><a  aria-label=\"Compartir por correo\" href='mailto:?subject=Corte%20de%20Apelaciones%20de%20Coyhaique%20confirma%20condena%20de%2014%20a%C3%B1os%20de%20presidio%20para%20asesino%20del%20joven%20Dami%C3%A1n%20Vel%C3%A1squez&#038;body=https:\/\/radiorevelacionfm.cl\/?p=15409' aria-hidden='false' data-av_icon='\ue805' data-av_iconfont='entypo-fontello' title='' data-avia-related-tooltip='Compartir por correo'><span class='avia_hidden_link_text'>Compartir por correo<\/span><\/a><\/li><\/ul><\/div><\/div>\n<div  style='height:50px' class='hr hr-invisible   avia-builder-el-8  el_after_av_social_share  el_before_av_comments_list '><span class='hr-inner ' ><span class='hr-inner-style'><\/span><\/span><\/div>\n<div  class='av-buildercomment  av-blog-meta-html-info-disabled av-blog-meta-tag-disabled  '><\/div>\n","protected":false},"excerpt":{"rendered":"","protected":false},"author":1,"featured_media":0,"comment_status":"open","ping_status":"open","sticky":false,"template":"","format":"standard","meta":{"footnotes":""},"categories":[55],"tags":[],"class_list":["post-15409","post","type-post","status-publish","format-standard","hentry","category-justicia"],"jetpack_featured_media_url":"","_links":{"self":[{"href":"https:\/\/radiorevelacionfm.cl\/index.php?rest_route=\/wp\/v2\/posts\/15409","targetHints":{"allow":["GET"]}}],"collection":[{"href":"https:\/\/radiorevelacionfm.cl\/index.php?rest_route=\/wp\/v2\/posts"}],"about":[{"href":"https:\/\/radiorevelacionfm.cl\/index.php?rest_route=\/wp\/v2\/types\/post"}],"author":[{"embeddable":true,"href":"https:\/\/radiorevelacionfm.cl\/index.php?rest_route=\/wp\/v2\/users\/1"}],"replies":[{"embeddable":true,"href":"https:\/\/radiorevelacionfm.cl\/index.php?rest_route=%2Fwp%2Fv2%2Fcomments&post=15409"}],"version-history":[{"count":3,"href":"https:\/\/radiorevelacionfm.cl\/index.php?rest_route=\/wp\/v2\/posts\/15409\/revisions"}],"predecessor-version":[{"id":15414,"href":"https:\/\/radiorevelacionfm.cl\/index.php?rest_route=\/wp\/v2\/posts\/15409\/revisions\/15414"}],"wp:attachment":[{"href":"https:\/\/radiorevelacionfm.cl\/index.php?rest_route=%2Fwp%2Fv2%2Fmedia&parent=15409"}],"wp:term":[{"taxonomy":"category","embeddable":true,"href":"https:\/\/radiorevelacionfm.cl\/index.php?rest_route=%2Fwp%2Fv2%2Fcategories&post=15409"},{"taxonomy":"post_tag","embeddable":true,"href":"https:\/\/radiorevelacionfm.cl\/index.php?rest_route=%2Fwp%2Fv2%2Ftags&post=15409"}],"curies":[{"name":"wp","href":"https:\/\/api.w.org\/{rel}","templated":true}]}}