{"id":15389,"date":"2022-04-03T21:38:58","date_gmt":"2022-04-04T00:38:58","guid":{"rendered":"https:\/\/radiorevelacionfm.cl\/?p=15389"},"modified":"2022-04-03T21:38:58","modified_gmt":"2022-04-04T00:38:58","slug":"renuncia-el-recien-nombrado-seremi-de-gobierno-rodrigo-saldivia","status":"publish","type":"post","link":"https:\/\/radiorevelacionfm.cl\/?p=15389","title":{"rendered":"Renuncia el reci\u00e9n nombrado seremi de Gobierno Rodrigo Saldivia"},"content":{"rendered":"<div class=\"flex_column av_one_full  flex_column_div av-zero-column-padding first  avia-builder-el-0  el_before_av_one_full  avia-builder-el-first  \" style='border-radius:0px; '><div  class='avia-image-container  av-styling-    avia-builder-el-1  avia-builder-el-no-sibling  avia-align-center '  itemprop=\"image\" itemscope=\"itemscope\" itemtype=\"https:\/\/schema.org\/ImageObject\"  ><div class='avia-image-container-inner'><div class='avia-image-overlay-wrap'><img decoding=\"async\" class='wp-image-15391 avia-img-lazy-loading-not-15391 avia_image' src=\"https:\/\/radiorevelacionfm.cl\/wp-content\/uploads\/2022\/04\/Rodrigo-Saldivia_1-1-1.jpg\" alt='' title='Rodrigo Saldivia_1 (1) (1)' height=\"600\" width=\"653\"  itemprop=\"thumbnailUrl\" srcset=\"https:\/\/radiorevelacionfm.cl\/wp-content\/uploads\/2022\/04\/Rodrigo-Saldivia_1-1-1.jpg 653w, https:\/\/radiorevelacionfm.cl\/wp-content\/uploads\/2022\/04\/Rodrigo-Saldivia_1-1-1-300x276.jpg 300w, https:\/\/radiorevelacionfm.cl\/wp-content\/uploads\/2022\/04\/Rodrigo-Saldivia_1-1-1-600x551.jpg 600w\" sizes=\"(max-width: 653px) 100vw, 653px\" \/><\/div><\/div><\/div><\/div><div class=\"flex_column av_one_full  flex_column_div av-zero-column-padding first  avia-builder-el-2  el_after_av_one_full  el_before_av_one_full  column-top-margin\" style='border-radius:0px; '><section class=\"av_textblock_section \"  itemscope=\"itemscope\" itemtype=\"https:\/\/schema.org\/BlogPosting\" itemprop=\"blogPost\" ><div class='avia_textblock  '   itemprop=\"text\" ><p style=\"text-align: center;\"><strong><span style=\"font-size: 18pt;\">Renuncia el reci\u00e9n nombrado seremi de Gobierno Rodrigo Saldivia<\/span><\/strong><\/p>\n<div id=\"gtx-trans\" style=\"position: absolute; left: -50px; top: 4.31534px;\">\n<div class=\"gtx-trans-icon\"><\/div>\n<\/div>\n<\/div><\/section><\/div><div class=\"flex_column av_one_full  flex_column_div av-zero-column-padding first  avia-builder-el-4  el_after_av_one_full  el_before_av_hr  column-top-margin\" style='border-radius:0px; '><section class=\"av_textblock_section \"  itemscope=\"itemscope\" itemtype=\"https:\/\/schema.org\/BlogPosting\" itemprop=\"blogPost\" ><div class='avia_textblock  '   itemprop=\"text\" ><p style=\"font-weight: 400; text-align: justify;\">La Delegaci\u00f3n Presidencial Regional de Ays\u00e9n recibi\u00f3 la renuncia del reci\u00e9n nombrado Secretario Regional Ministerial de Gobierno, Rodrigo Omar Saldivia Vera, por razones de \u00edndole personal.<\/p>\n<p style=\"font-weight: 400; text-align: justify;\">El Delegado Regional, Rodrigo Araya, agradeci\u00f3 sinceramente a Rodrigo Saldivia su disposici\u00f3n, comprendiendo y respetando su decisi\u00f3n, tras lo cual se inici\u00f3 de inmediato el proceso orientado a la determinaci\u00f3n de quien asuma la vocer\u00eda del Gobierno en Ays\u00e9n.<\/p>\n<p style=\"font-weight: 400; text-align: justify;\">\u201cJunto con el Ministerio del Interior se ha estado haciendo un trabajo concienzudo para determinar las secretar\u00edas regionales ministeriales tanto en la regi\u00f3n como en todo el pa\u00eds. El Presidente Gabriel Boric ha encargado que como equipo de Gobierno trabajemos desde el primer d\u00eda en resolver los diferentes problemas y prioridades de nuestras comunidades, atendiendo de manera directa sus necesidades y requerimientos, como ha sido el mandato de la ciudadan\u00eda. Con ese foco hemos trabajado desde el 11 de marzo y as\u00ed lo seguiremos haciendo\u201d, indic\u00f3 Rodrigo Araya.<\/p>\n<p style=\"font-weight: 400; text-align: justify;\">En este contexto, a\u00f1adi\u00f3 que se trabaja desde ya junto con el Ministerio Secretar\u00eda General de Gobierno en determinar qui\u00e9n asumir\u00e1 las funciones regionales de la vocer\u00eda, as\u00ed como tambi\u00e9n en el caso de la Secretar\u00eda Regional Ministerial de Econom\u00eda, complet\u00e1ndose as\u00ed las 18 carteras correspondientes a la Regi\u00f3n de Ays\u00e9n.<\/p>\n<\/div><\/section><\/div><div  style='height:50px' class='hr hr-invisible   avia-builder-el-6  el_after_av_one_full  el_before_av_social_share '><span class='hr-inner ' ><span class='hr-inner-style'><\/span><\/span><\/div><\/p>\n<div  class='av-social-sharing-box  avia-builder-el-7  el_after_av_hr  el_before_av_hr  '><div class='av-share-box'><h5 class='av-share-link-description av-no-toc '>Compartir esta noticia<\/h5><ul class='av-share-box-list noLightbox'><li class='av-share-link av-social-link-facebook' ><a target=\"_blank\" aria-label=\"Compartir en Facebook\" href='https:\/\/www.facebook.com\/sharer.php?u=https:\/\/radiorevelacionfm.cl\/?p=15389&#038;t=Renuncia%20el%20reci%C3%A9n%20nombrado%20seremi%20de%20Gobierno%20Rodrigo%20Saldivia' aria-hidden='false' data-av_icon='\ue8f3' data-av_iconfont='entypo-fontello' title='' data-avia-related-tooltip='Compartir en Facebook' rel=\"noopener\"><span class='avia_hidden_link_text'>Compartir en Facebook<\/span><\/a><\/li><li class='av-share-link av-social-link-twitter' ><a target=\"_blank\" aria-label=\"Compartir en Twitter\" href='https:\/\/twitter.com\/share?text=Renuncia%20el%20reci%C3%A9n%20nombrado%20seremi%20de%20Gobierno%20Rodrigo%20Saldivia&#038;url=https:\/\/radiorevelacionfm.cl\/?p=15389' aria-hidden='false' data-av_icon='\ue8f1' data-av_iconfont='entypo-fontello' title='' data-avia-related-tooltip='Compartir en Twitter' rel=\"noopener\"><span class='avia_hidden_link_text'>Compartir en Twitter<\/span><\/a><\/li><li class='av-share-link av-social-link-whatsapp' ><a target=\"_blank\" aria-label=\"Compartir en Whatsapp\" href='https:\/\/api.whatsapp.com\/send?text=https:\/\/radiorevelacionfm.cl\/?p=15389' aria-hidden='false' data-av_icon='\uf232' data-av_iconfont='entypo-fontello' title='' data-avia-related-tooltip='Compartir en Whatsapp' rel=\"noopener\"><span class='avia_hidden_link_text'>Compartir en Whatsapp<\/span><\/a><\/li><li class='av-share-link av-social-link-linkedin' ><a target=\"_blank\" aria-label=\"Compartir en LinkedIn\" href='https:\/\/linkedin.com\/shareArticle?mini=true&#038;title=Renuncia%20el%20reci%C3%A9n%20nombrado%20seremi%20de%20Gobierno%20Rodrigo%20Saldivia&#038;url=https:\/\/radiorevelacionfm.cl\/?p=15389' aria-hidden='false' data-av_icon='\ue8fc' data-av_iconfont='entypo-fontello' title='' data-avia-related-tooltip='Compartir en LinkedIn' rel=\"noopener\"><span class='avia_hidden_link_text'>Compartir en LinkedIn<\/span><\/a><\/li><li class='av-share-link av-social-link-mail' ><a  aria-label=\"Compartir por correo\" href='mailto:?subject=Renuncia%20el%20reci%C3%A9n%20nombrado%20seremi%20de%20Gobierno%20Rodrigo%20Saldivia&#038;body=https:\/\/radiorevelacionfm.cl\/?p=15389' aria-hidden='false' data-av_icon='\ue805' data-av_iconfont='entypo-fontello' title='' data-avia-related-tooltip='Compartir por correo'><span class='avia_hidden_link_text'>Compartir por correo<\/span><\/a><\/li><\/ul><\/div><\/div>\n<div  style='height:50px' class='hr hr-invisible   avia-builder-el-8  el_after_av_social_share  el_before_av_comments_list '><span class='hr-inner ' ><span class='hr-inner-style'><\/span><\/span><\/div>\n<div  class='av-buildercomment  av-blog-meta-html-info-disabled av-blog-meta-tag-disabled  '><\/div>\n","protected":false},"excerpt":{"rendered":"","protected":false},"author":1,"featured_media":15391,"comment_status":"open","ping_status":"open","sticky":false,"template":"","format":"standard","meta":{"footnotes":""},"categories":[38],"tags":[],"class_list":["post-15389","post","type-post","status-publish","format-standard","has-post-thumbnail","hentry","category-regional"],"jetpack_featured_media_url":"https:\/\/radiorevelacionfm.cl\/wp-content\/uploads\/2022\/04\/Rodrigo-Saldivia_1-1-1.jpg","_links":{"self":[{"href":"https:\/\/radiorevelacionfm.cl\/index.php?rest_route=\/wp\/v2\/posts\/15389","targetHints":{"allow":["GET"]}}],"collection":[{"href":"https:\/\/radiorevelacionfm.cl\/index.php?rest_route=\/wp\/v2\/posts"}],"about":[{"href":"https:\/\/radiorevelacionfm.cl\/index.php?rest_route=\/wp\/v2\/types\/post"}],"author":[{"embeddable":true,"href":"https:\/\/radiorevelacionfm.cl\/index.php?rest_route=\/wp\/v2\/users\/1"}],"replies":[{"embeddable":true,"href":"https:\/\/radiorevelacionfm.cl\/index.php?rest_route=%2Fwp%2Fv2%2Fcomments&post=15389"}],"version-history":[{"count":2,"href":"https:\/\/radiorevelacionfm.cl\/index.php?rest_route=\/wp\/v2\/posts\/15389\/revisions"}],"predecessor-version":[{"id":15393,"href":"https:\/\/radiorevelacionfm.cl\/index.php?rest_route=\/wp\/v2\/posts\/15389\/revisions\/15393"}],"wp:featuredmedia":[{"embeddable":true,"href":"https:\/\/radiorevelacionfm.cl\/index.php?rest_route=\/wp\/v2\/media\/15391"}],"wp:attachment":[{"href":"https:\/\/radiorevelacionfm.cl\/index.php?rest_route=%2Fwp%2Fv2%2Fmedia&parent=15389"}],"wp:term":[{"taxonomy":"category","embeddable":true,"href":"https:\/\/radiorevelacionfm.cl\/index.php?rest_route=%2Fwp%2Fv2%2Fcategories&post=15389"},{"taxonomy":"post_tag","embeddable":true,"href":"https:\/\/radiorevelacionfm.cl\/index.php?rest_route=%2Fwp%2Fv2%2Ftags&post=15389"}],"curies":[{"name":"wp","href":"https:\/\/api.w.org\/{rel}","templated":true}]}}