{"id":15386,"date":"2022-04-04T10:53:13","date_gmt":"2022-04-04T13:53:13","guid":{"rendered":"https:\/\/radiorevelacionfm.cl\/?p=15386"},"modified":"2022-04-04T10:53:13","modified_gmt":"2022-04-04T13:53:13","slug":"delegado-regional-prioriza-dialogo-directo-con-organizaciones-de-la-comunidad","status":"publish","type":"post","link":"https:\/\/radiorevelacionfm.cl\/?p=15386","title":{"rendered":"Delegado Regional prioriza di\u00e1logo directo con organizaciones de la comunidad"},"content":{"rendered":"<div class=\"flex_column av_one_full  flex_column_div av-zero-column-padding first  avia-builder-el-0  el_before_av_one_full  avia-builder-el-first  \" style='border-radius:0px; '><div  class='avia-image-container  av-styling-    avia-builder-el-1  avia-builder-el-no-sibling  avia-align-center '  itemprop=\"image\" itemscope=\"itemscope\" itemtype=\"https:\/\/schema.org\/ImageObject\"  ><div class='avia-image-container-inner'><div class='avia-image-overlay-wrap'><img decoding=\"async\" class='wp-image-15387 avia-img-lazy-loading-not-15387 avia_image' src=\"https:\/\/radiorevelacionfm.cl\/wp-content\/uploads\/2022\/04\/organizaciones-sociales-1_optimized.jpg\" alt='' title='organizaciones-sociales-(1)_optimized' height=\"600\" width=\"1266\"  itemprop=\"thumbnailUrl\" srcset=\"https:\/\/radiorevelacionfm.cl\/wp-content\/uploads\/2022\/04\/organizaciones-sociales-1_optimized.jpg 1266w, https:\/\/radiorevelacionfm.cl\/wp-content\/uploads\/2022\/04\/organizaciones-sociales-1_optimized-300x142.jpg 300w, https:\/\/radiorevelacionfm.cl\/wp-content\/uploads\/2022\/04\/organizaciones-sociales-1_optimized-1030x488.jpg 1030w, https:\/\/radiorevelacionfm.cl\/wp-content\/uploads\/2022\/04\/organizaciones-sociales-1_optimized-768x364.jpg 768w, https:\/\/radiorevelacionfm.cl\/wp-content\/uploads\/2022\/04\/organizaciones-sociales-1_optimized-705x334.jpg 705w, https:\/\/radiorevelacionfm.cl\/wp-content\/uploads\/2022\/04\/organizaciones-sociales-1_optimized-600x284.jpg 600w\" sizes=\"(max-width: 1266px) 100vw, 1266px\" \/><\/div><\/div><\/div><\/div><div class=\"flex_column av_one_full  flex_column_div av-zero-column-padding first  avia-builder-el-2  el_after_av_one_full  el_before_av_one_full  column-top-margin\" style='border-radius:0px; '><section class=\"av_textblock_section \"  itemscope=\"itemscope\" itemtype=\"https:\/\/schema.org\/BlogPosting\" itemprop=\"blogPost\" ><div class='avia_textblock  '   itemprop=\"text\" ><p style=\"font-weight: 400; text-align: center;\"><span style=\"font-size: 18pt;\"><strong>Delegado Regional prioriza di\u00e1logo <\/strong><strong>directo con organizaciones de la comunidad<\/strong><\/span><\/p>\n<div id=\"gtx-trans\" style=\"position: absolute; left: -50px; top: 4.31534px;\">\n<div class=\"gtx-trans-icon\"><\/div>\n<\/div>\n<\/div><\/section><\/div><div class=\"flex_column av_one_full  flex_column_div av-zero-column-padding first  avia-builder-el-4  el_after_av_one_full  el_before_av_hr  column-top-margin\" style='border-radius:0px; '><section class=\"av_textblock_section \"  itemscope=\"itemscope\" itemtype=\"https:\/\/schema.org\/BlogPosting\" itemprop=\"blogPost\" ><div class='avia_textblock  '   itemprop=\"text\" ><p style=\"font-weight: 400; text-align: justify;\">Buscando vigorizar la relaci\u00f3n de la institucionalidad p\u00fablica con sectores diversos de la comunidad, el Delegado Presidencial Regional, Rodrigo Araya Morales, ha sostenido una serie de di\u00e1logos directos con distintas organizaciones sociales de la regi\u00f3n.<\/p>\n<p style=\"font-weight: 400; text-align: justify;\">Lo anterior con el objetivo de otorgar atenci\u00f3n oportuna a las diferentes materias que las organizaciones han priorizado y que se abordar\u00e1n de manera articulada con las secretar\u00edas regionales ministeriales, servicios dependientes y en una gesti\u00f3n colaborativa con municipalidades y Gobierno Regional.<\/p>\n<p style=\"font-weight: 400; text-align: justify;\">Entre las reuniones destacan organizaciones no gubernamentales, asociaciones gremiales y juntas vecinales, entre otras.<\/p>\n<p style=\"font-weight: 400; text-align: justify;\">\u201cLo m\u00e1s importante es que nosotros nos presentamos para hacer un rol colaborativo con el trabajo que las juntas de vecinos tienen que realizar. Sabemos que el rol de la Municipalidad es muy importante y que el Gobierno Regional tambi\u00e9n tiene actividades que influyen mucho en el quehacer de las juntas de vecinos. Por lo tanto, nuestro aporte es desde la mirada de coordinar nuestros servicios p\u00fablicos, para ir avanzando en todas estas problem\u00e1ticas que afectan a la comunidad, en las cuales nosotros podemos aportar y que sientan, finalmente, que el Gobierno est\u00e1 m\u00e1s cerca de la gente, que es lo que nosotros queremos y es el mensaje de nuestro Presidente Gabriel Boric\u201d, indic\u00f3 Rodrigo Araya.<\/p>\n<p style=\"font-weight: 400; text-align: justify;\">La presidenta de la junta de vecinos Villa Divisadero, Edith Alarc\u00f3n, valor\u00f3 el trabajo conjunto con miras a abordar colectivamente distintas problem\u00e1ticas locales. \u201cCada sector tiene diferentes problemas y, en ese sentido, la reuni\u00f3n fue buen\u00edsima, se tom\u00f3 apuntes de varias problem\u00e1ticas de diferentes sectores, as\u00ed es que ojal\u00e1 se sumen otras instituciones, y ojal\u00e1 que se sigan haciendo reuniones de trabajo, o si no hacer la conexi\u00f3n con otros seremis o entidades\u201d, se\u00f1al\u00f3.<\/p>\n<p style=\"font-weight: 400; text-align: justify;\">Por otro lado, el presidente de la ONG Diversa Patagonia, Israel Cort\u00e9s, destac\u00f3 el establecimiento de estas instancias de encuentro y di\u00e1logo, para evaluar y avanzar de manera conjunta en materias que requieren procesos de trabajo colectivo.<\/p>\n<p style=\"font-weight: 400; text-align: justify;\">\u201cPara poder poner en la mesa las demandas y las acciones que estamos desarrollando en el territorio, desde el comienzo de nuestra organizaci\u00f3n para poder seguir trabajando en conjunto y hacer un trabajo colaborativo\u201d, sintetiz\u00f3.<\/p>\n<p style=\"font-weight: 400; text-align: justify;\">La participaci\u00f3n y la relaci\u00f3n directa con las organizaciones y actores de base, forma parte de la impronta del Programa de Gobierno, por lo que se trata de una agenda permanente de trabajo en coordinaci\u00f3n con la secretar\u00edas regionales ministeriales, servicios, municipios y Gobierno Regional.<\/p>\n<\/div><\/section><\/div><div  style='height:50px' class='hr hr-invisible   avia-builder-el-6  el_after_av_one_full  el_before_av_social_share '><span class='hr-inner ' ><span class='hr-inner-style'><\/span><\/span><\/div><\/p>\n<div  class='av-social-sharing-box  avia-builder-el-7  el_after_av_hr  el_before_av_hr  '><div class='av-share-box'><h5 class='av-share-link-description av-no-toc '>Compartir esta noticia<\/h5><ul class='av-share-box-list noLightbox'><li class='av-share-link av-social-link-facebook' ><a target=\"_blank\" aria-label=\"Compartir en Facebook\" href='https:\/\/www.facebook.com\/sharer.php?u=https:\/\/radiorevelacionfm.cl\/?p=15386&#038;t=Delegado%20Regional%20prioriza%20di%C3%A1logo%20directo%20con%20organizaciones%20de%20la%20comunidad' aria-hidden='false' data-av_icon='\ue8f3' data-av_iconfont='entypo-fontello' title='' data-avia-related-tooltip='Compartir en Facebook' rel=\"noopener\"><span class='avia_hidden_link_text'>Compartir en Facebook<\/span><\/a><\/li><li class='av-share-link av-social-link-twitter' ><a target=\"_blank\" aria-label=\"Compartir en Twitter\" href='https:\/\/twitter.com\/share?text=Delegado%20Regional%20prioriza%20di%C3%A1logo%20directo%20con%20organizaciones%20de%20la%20comunidad&#038;url=https:\/\/radiorevelacionfm.cl\/?p=15386' aria-hidden='false' data-av_icon='\ue8f1' data-av_iconfont='entypo-fontello' title='' data-avia-related-tooltip='Compartir en Twitter' rel=\"noopener\"><span class='avia_hidden_link_text'>Compartir en Twitter<\/span><\/a><\/li><li class='av-share-link av-social-link-whatsapp' ><a target=\"_blank\" aria-label=\"Compartir en Whatsapp\" href='https:\/\/api.whatsapp.com\/send?text=https:\/\/radiorevelacionfm.cl\/?p=15386' aria-hidden='false' data-av_icon='\uf232' data-av_iconfont='entypo-fontello' title='' data-avia-related-tooltip='Compartir en Whatsapp' rel=\"noopener\"><span class='avia_hidden_link_text'>Compartir en Whatsapp<\/span><\/a><\/li><li class='av-share-link av-social-link-linkedin' ><a target=\"_blank\" aria-label=\"Compartir en LinkedIn\" href='https:\/\/linkedin.com\/shareArticle?mini=true&#038;title=Delegado%20Regional%20prioriza%20di%C3%A1logo%20directo%20con%20organizaciones%20de%20la%20comunidad&#038;url=https:\/\/radiorevelacionfm.cl\/?p=15386' aria-hidden='false' data-av_icon='\ue8fc' data-av_iconfont='entypo-fontello' title='' data-avia-related-tooltip='Compartir en LinkedIn' rel=\"noopener\"><span class='avia_hidden_link_text'>Compartir en LinkedIn<\/span><\/a><\/li><li class='av-share-link av-social-link-mail' ><a  aria-label=\"Compartir por correo\" href='mailto:?subject=Delegado%20Regional%20prioriza%20di%C3%A1logo%20directo%20con%20organizaciones%20de%20la%20comunidad&#038;body=https:\/\/radiorevelacionfm.cl\/?p=15386' aria-hidden='false' data-av_icon='\ue805' data-av_iconfont='entypo-fontello' title='' data-avia-related-tooltip='Compartir por correo'><span class='avia_hidden_link_text'>Compartir por correo<\/span><\/a><\/li><\/ul><\/div><\/div>\n<div  style='height:50px' class='hr hr-invisible   avia-builder-el-8  el_after_av_social_share  el_before_av_comments_list '><span class='hr-inner ' ><span class='hr-inner-style'><\/span><\/span><\/div>\n<div  class='av-buildercomment  av-blog-meta-html-info-disabled av-blog-meta-tag-disabled  '><\/div>\n","protected":false},"excerpt":{"rendered":"","protected":false},"author":1,"featured_media":15387,"comment_status":"open","ping_status":"open","sticky":false,"template":"","format":"standard","meta":{"footnotes":""},"categories":[38],"tags":[],"class_list":["post-15386","post","type-post","status-publish","format-standard","has-post-thumbnail","hentry","category-regional"],"jetpack_featured_media_url":"https:\/\/radiorevelacionfm.cl\/wp-content\/uploads\/2022\/04\/organizaciones-sociales-1_optimized.jpg","_links":{"self":[{"href":"https:\/\/radiorevelacionfm.cl\/index.php?rest_route=\/wp\/v2\/posts\/15386","targetHints":{"allow":["GET"]}}],"collection":[{"href":"https:\/\/radiorevelacionfm.cl\/index.php?rest_route=\/wp\/v2\/posts"}],"about":[{"href":"https:\/\/radiorevelacionfm.cl\/index.php?rest_route=\/wp\/v2\/types\/post"}],"author":[{"embeddable":true,"href":"https:\/\/radiorevelacionfm.cl\/index.php?rest_route=\/wp\/v2\/users\/1"}],"replies":[{"embeddable":true,"href":"https:\/\/radiorevelacionfm.cl\/index.php?rest_route=%2Fwp%2Fv2%2Fcomments&post=15386"}],"version-history":[{"count":2,"href":"https:\/\/radiorevelacionfm.cl\/index.php?rest_route=\/wp\/v2\/posts\/15386\/revisions"}],"predecessor-version":[{"id":15404,"href":"https:\/\/radiorevelacionfm.cl\/index.php?rest_route=\/wp\/v2\/posts\/15386\/revisions\/15404"}],"wp:featuredmedia":[{"embeddable":true,"href":"https:\/\/radiorevelacionfm.cl\/index.php?rest_route=\/wp\/v2\/media\/15387"}],"wp:attachment":[{"href":"https:\/\/radiorevelacionfm.cl\/index.php?rest_route=%2Fwp%2Fv2%2Fmedia&parent=15386"}],"wp:term":[{"taxonomy":"category","embeddable":true,"href":"https:\/\/radiorevelacionfm.cl\/index.php?rest_route=%2Fwp%2Fv2%2Fcategories&post=15386"},{"taxonomy":"post_tag","embeddable":true,"href":"https:\/\/radiorevelacionfm.cl\/index.php?rest_route=%2Fwp%2Fv2%2Ftags&post=15386"}],"curies":[{"name":"wp","href":"https:\/\/api.w.org\/{rel}","templated":true}]}}