{"id":15382,"date":"2022-04-04T09:15:42","date_gmt":"2022-04-04T12:15:42","guid":{"rendered":"https:\/\/radiorevelacionfm.cl\/?p=15382"},"modified":"2022-04-04T10:56:22","modified_gmt":"2022-04-04T13:56:22","slug":"organizaciones-mapuche-e-instituciones-realizan-positivo-balance-de-la-feria-mujer-indigena-2022","status":"publish","type":"post","link":"https:\/\/radiorevelacionfm.cl\/?p=15382","title":{"rendered":"Organizaciones mapuche e instituciones realizan positivo balance de la Feria Mujer Ind\u00edgena 2022"},"content":{"rendered":"<div class=\"flex_column av_one_full  flex_column_div av-zero-column-padding first  avia-builder-el-0  el_before_av_one_full  avia-builder-el-first  \" style='border-radius:0px; '><div  class='avia-image-container  av-styling-    avia-builder-el-1  avia-builder-el-no-sibling  avia-align-center '  itemprop=\"image\" itemscope=\"itemscope\" itemtype=\"https:\/\/schema.org\/ImageObject\"  ><div class='avia-image-container-inner'><div class='avia-image-overlay-wrap'><img decoding=\"async\" class='wp-image-15383 avia-img-lazy-loading-not-15383 avia_image' src=\"https:\/\/radiorevelacionfm.cl\/wp-content\/uploads\/2022\/04\/balance-feria-mujer-indigena-1-1_optimized.jpg\" alt='' title='balance-feria-mujer-indigena-(1)-(1)_optimized' height=\"600\" width=\"990\"  itemprop=\"thumbnailUrl\" srcset=\"https:\/\/radiorevelacionfm.cl\/wp-content\/uploads\/2022\/04\/balance-feria-mujer-indigena-1-1_optimized.jpg 990w, https:\/\/radiorevelacionfm.cl\/wp-content\/uploads\/2022\/04\/balance-feria-mujer-indigena-1-1_optimized-300x182.jpg 300w, https:\/\/radiorevelacionfm.cl\/wp-content\/uploads\/2022\/04\/balance-feria-mujer-indigena-1-1_optimized-768x465.jpg 768w, https:\/\/radiorevelacionfm.cl\/wp-content\/uploads\/2022\/04\/balance-feria-mujer-indigena-1-1_optimized-705x427.jpg 705w, https:\/\/radiorevelacionfm.cl\/wp-content\/uploads\/2022\/04\/balance-feria-mujer-indigena-1-1_optimized-600x364.jpg 600w\" sizes=\"(max-width: 990px) 100vw, 990px\" \/><\/div><\/div><\/div><\/div><div class=\"flex_column av_one_full  flex_column_div av-zero-column-padding first  avia-builder-el-2  el_after_av_one_full  el_before_av_one_full  column-top-margin\" style='border-radius:0px; '><section class=\"av_textblock_section \"  itemscope=\"itemscope\" itemtype=\"https:\/\/schema.org\/BlogPosting\" itemprop=\"blogPost\" ><div class='avia_textblock  '   itemprop=\"text\" ><p style=\"text-align: center;\"><strong><span style=\"font-size: 18pt;\">Organizaciones mapuche e instituciones realizan positivo balance de la Feria Mujer Ind\u00edgena 2022<\/span><\/strong><\/p>\n<div id=\"gtx-trans\" style=\"position: absolute; left: -50px; top: 4.31534px;\">\n<div class=\"gtx-trans-icon\"><\/div>\n<\/div>\n<\/div><\/section><\/div><div class=\"flex_column av_one_full  flex_column_div av-zero-column-padding first  avia-builder-el-4  el_after_av_one_full  el_before_av_hr  column-top-margin\" style='border-radius:0px; '><section class=\"av_textblock_section \"  itemscope=\"itemscope\" itemtype=\"https:\/\/schema.org\/BlogPosting\" itemprop=\"blogPost\" ><div class='avia_textblock  '   itemprop=\"text\" ><p style=\"font-weight: 400; text-align: justify;\">Durante dos d\u00edas, la comunidad de Coyhaique y sus visitantes tuvieron la posibilidad de apreciar y adquirir productos creados por las emprendedoras mapuche del territorio comunal, en la Feria Mujer Ind\u00edgena. La actividad se llev\u00f3 a cabo en el eje central de la plaza de Armas y cont\u00f3 con 22 expositoras pertenecientes a las organizaciones We folil, Rakiduamtun, Mariman, Catrian Pinda, Tai\u00f1 mapu Coyhaique, Antu ka Pire Mapu Mew, Comunidad Saihueque y Maw\u00fcn Kurruf de Valle Simpson.<\/p>\n<p style=\"font-weight: 400; text-align: justify;\">En julio del 2021 fue publicada la Encuesta \u00abImpacto PYME ASECH\u00bb realizada por la Asociaci\u00f3n de Emprendedores de Chile. En ella se establece que el 89,1 % de las personas encuestadas ha visto su emprendimiento afectado por la pandemia, de estos el 59,6% considera que lo ha afectado de manera grave o catastr\u00f3fica. Al respecto, la Directora Regional Subrogante de SernamEG, Carla Arriagada Malague\u00f1o, dijo: \u201cresulta evidente que es necesario realizar distintas acciones que apunten a potenciar los emprendimientos femeninos con el objetivo de lograr una pronta recuperaci\u00f3n tras ser afectados por la crisis sanitaria y econ\u00f3mica. Tambi\u00e9n es una oportunidad en formalizar y profesionalizar los emprendimientos que son liderados por mujeres. Estas son algunas de las razones de esta feria productiva\u201d.<\/p>\n<p style=\"font-weight: 400; text-align: justify;\">Por su parte, la Coordinadora Regional de CONADI, Pamela Huaitiao Almonacid, explic\u00f3 que \u201crealic\u00e9 una visita por cada uno de los stands y en general las emprendedoras quedaron muy contentas con lo que se ha vendido. Han sido dos d\u00edas de arduo trabajo y muchas de ellas se van satisfechas de haber entregado y vendido sus productos, as\u00ed que como CONADI cerramos una jornada redonda, donde pudimos colaborarle a las emprendedoras en su econom\u00eda familiar y agradecer tambi\u00e9n a SernamEG; porque este trabajo en conjunto ha permitido que esta instancia sea posible\u201d.<\/p>\n<p style=\"font-weight: 400; text-align: justify;\">VISIBILIDAD CULTURAL Y OPORTUNIDAD DE COMERCIALIZACI\u00d3N<\/p>\n<p style=\"font-weight: 400; text-align: justify;\">SernamEG y CONADI lideran la Mesa de la Mujer Ind\u00edgena en la comuna de Coyhaique, en la que participan comunidades, asociaciones y agrupaciones mapuche, cuyo objetivo es desarrollar un trabajo conjunto para coordinar acciones dirigidas a emprendedoras, generando espacios de capacitaci\u00f3n y autonom\u00eda econ\u00f3mica de las mujeres de pueblos originarios.\u00a0 En esa l\u00ednea, la Feria del mismo nombre busc\u00f3 generar espacios de comercializaci\u00f3n de sus productos; al mismo tiempo, busc\u00f3 promover la asociatividad entre pares.<\/p>\n<p style=\"font-weight: 400; text-align: justify;\">La Lamngen Nora Catrian Pinda, perteneciente a la Comunidad Catrian Pinda, se refiri\u00f3 a la importancia que tienen este tipo de iniciativas, desde el punto de vista asociativo y cultural. \u201cNos fue muy bien, vendimos todo lo que tra\u00edamos y lo importante fue que tambi\u00e9n nos reunimos las que somos feriantes para poder compartir y vernos las caras. Para nosotras la Feria significa disfrutar igual, porque las mujeres ind\u00edgenas trabajamos la tierra y otras que son artesanas trabajan sus joyas. Es agradable que se haga este trabajo para que seamos visibles y que la comunidad sepa que la mujer mapuche s\u00ed que trabaja\u201d, manifest\u00f3.<\/p>\n<p style=\"font-weight: 400; text-align: justify;\">Por su parte, Beatriz Galindo Canuman de la Asociaci\u00f3n Ind\u00edgena Mariman, expres\u00f3: \u201cestoy muy agradecida por la oportunidad que nos dieron, mis productos son en general medicina natural, incluidos los jabones, porque ayudan a la piel. Yo vendo m\u00e1s que nada en las ferias y estos a\u00f1os de pandemia no hemos tenido muchas posibilidades, me vi obligada a cambiar de rumbo as\u00ed comenc\u00e9 otro emprendimiento, esta vez de tejido. Tambi\u00e9n quiero destacar la recepci\u00f3n de la gente que fue excelente y tambi\u00e9n muchas personas sent\u00edan curiosidad en saber de qu\u00e9 les serv\u00eda, lo que les ofrec\u00eda\u201d.<\/p>\n<\/div><\/section><\/div><div  style='height:50px' class='hr hr-invisible   avia-builder-el-6  el_after_av_one_full  el_before_av_social_share '><span class='hr-inner ' ><span class='hr-inner-style'><\/span><\/span><\/div><\/p>\n<div  class='av-social-sharing-box  avia-builder-el-7  el_after_av_hr  el_before_av_hr  '><div class='av-share-box'><h5 class='av-share-link-description av-no-toc '>Compartir esta noticia<\/h5><ul class='av-share-box-list noLightbox'><li class='av-share-link av-social-link-facebook' ><a target=\"_blank\" aria-label=\"Compartir en Facebook\" href='https:\/\/www.facebook.com\/sharer.php?u=https:\/\/radiorevelacionfm.cl\/?p=15382&#038;t=Organizaciones%20mapuche%20e%20instituciones%20realizan%20positivo%20balance%20de%20la%20Feria%20Mujer%20Ind%C3%ADgena%202022' aria-hidden='false' data-av_icon='\ue8f3' data-av_iconfont='entypo-fontello' title='' data-avia-related-tooltip='Compartir en Facebook' rel=\"noopener\"><span class='avia_hidden_link_text'>Compartir en Facebook<\/span><\/a><\/li><li class='av-share-link av-social-link-twitter' ><a target=\"_blank\" aria-label=\"Compartir en Twitter\" href='https:\/\/twitter.com\/share?text=Organizaciones%20mapuche%20e%20instituciones%20realizan%20positivo%20balance%20de%20la%20Feria%20Mujer%20Ind%C3%ADgena%202022&#038;url=https:\/\/radiorevelacionfm.cl\/?p=15382' aria-hidden='false' data-av_icon='\ue8f1' data-av_iconfont='entypo-fontello' title='' data-avia-related-tooltip='Compartir en Twitter' rel=\"noopener\"><span class='avia_hidden_link_text'>Compartir en Twitter<\/span><\/a><\/li><li class='av-share-link av-social-link-whatsapp' ><a target=\"_blank\" aria-label=\"Compartir en Whatsapp\" href='https:\/\/api.whatsapp.com\/send?text=https:\/\/radiorevelacionfm.cl\/?p=15382' aria-hidden='false' data-av_icon='\uf232' data-av_iconfont='entypo-fontello' title='' data-avia-related-tooltip='Compartir en Whatsapp' rel=\"noopener\"><span class='avia_hidden_link_text'>Compartir en Whatsapp<\/span><\/a><\/li><li class='av-share-link av-social-link-linkedin' ><a target=\"_blank\" aria-label=\"Compartir en LinkedIn\" href='https:\/\/linkedin.com\/shareArticle?mini=true&#038;title=Organizaciones%20mapuche%20e%20instituciones%20realizan%20positivo%20balance%20de%20la%20Feria%20Mujer%20Ind%C3%ADgena%202022&#038;url=https:\/\/radiorevelacionfm.cl\/?p=15382' aria-hidden='false' data-av_icon='\ue8fc' data-av_iconfont='entypo-fontello' title='' data-avia-related-tooltip='Compartir en LinkedIn' rel=\"noopener\"><span class='avia_hidden_link_text'>Compartir en LinkedIn<\/span><\/a><\/li><li class='av-share-link av-social-link-mail' ><a  aria-label=\"Compartir por correo\" href='mailto:?subject=Organizaciones%20mapuche%20e%20instituciones%20realizan%20positivo%20balance%20de%20la%20Feria%20Mujer%20Ind%C3%ADgena%202022&#038;body=https:\/\/radiorevelacionfm.cl\/?p=15382' aria-hidden='false' data-av_icon='\ue805' data-av_iconfont='entypo-fontello' title='' data-avia-related-tooltip='Compartir por correo'><span class='avia_hidden_link_text'>Compartir por correo<\/span><\/a><\/li><\/ul><\/div><\/div>\n<div  style='height:50px' class='hr hr-invisible   avia-builder-el-8  el_after_av_social_share  el_before_av_comments_list '><span class='hr-inner ' ><span class='hr-inner-style'><\/span><\/span><\/div>\n<div  class='av-buildercomment  av-blog-meta-html-info-disabled av-blog-meta-tag-disabled  '><\/div>\n","protected":false},"excerpt":{"rendered":"","protected":false},"author":1,"featured_media":15383,"comment_status":"open","ping_status":"open","sticky":false,"template":"","format":"standard","meta":{"footnotes":""},"categories":[38],"tags":[],"class_list":["post-15382","post","type-post","status-publish","format-standard","has-post-thumbnail","hentry","category-regional"],"jetpack_featured_media_url":"https:\/\/radiorevelacionfm.cl\/wp-content\/uploads\/2022\/04\/balance-feria-mujer-indigena-1-1_optimized.jpg","_links":{"self":[{"href":"https:\/\/radiorevelacionfm.cl\/index.php?rest_route=\/wp\/v2\/posts\/15382","targetHints":{"allow":["GET"]}}],"collection":[{"href":"https:\/\/radiorevelacionfm.cl\/index.php?rest_route=\/wp\/v2\/posts"}],"about":[{"href":"https:\/\/radiorevelacionfm.cl\/index.php?rest_route=\/wp\/v2\/types\/post"}],"author":[{"embeddable":true,"href":"https:\/\/radiorevelacionfm.cl\/index.php?rest_route=\/wp\/v2\/users\/1"}],"replies":[{"embeddable":true,"href":"https:\/\/radiorevelacionfm.cl\/index.php?rest_route=%2Fwp%2Fv2%2Fcomments&post=15382"}],"version-history":[{"count":2,"href":"https:\/\/radiorevelacionfm.cl\/index.php?rest_route=\/wp\/v2\/posts\/15382\/revisions"}],"predecessor-version":[{"id":15405,"href":"https:\/\/radiorevelacionfm.cl\/index.php?rest_route=\/wp\/v2\/posts\/15382\/revisions\/15405"}],"wp:featuredmedia":[{"embeddable":true,"href":"https:\/\/radiorevelacionfm.cl\/index.php?rest_route=\/wp\/v2\/media\/15383"}],"wp:attachment":[{"href":"https:\/\/radiorevelacionfm.cl\/index.php?rest_route=%2Fwp%2Fv2%2Fmedia&parent=15382"}],"wp:term":[{"taxonomy":"category","embeddable":true,"href":"https:\/\/radiorevelacionfm.cl\/index.php?rest_route=%2Fwp%2Fv2%2Fcategories&post=15382"},{"taxonomy":"post_tag","embeddable":true,"href":"https:\/\/radiorevelacionfm.cl\/index.php?rest_route=%2Fwp%2Fv2%2Ftags&post=15382"}],"curies":[{"name":"wp","href":"https:\/\/api.w.org\/{rel}","templated":true}]}}