{"id":15377,"date":"2022-04-03T16:56:20","date_gmt":"2022-04-03T19:56:20","guid":{"rendered":"https:\/\/radiorevelacionfm.cl\/?p=15377"},"modified":"2022-04-03T16:58:26","modified_gmt":"2022-04-03T19:58:26","slug":"decretan-alerta-temprana-preventiva-para-la-region-de-aysen-por-precipitaciones","status":"publish","type":"post","link":"https:\/\/radiorevelacionfm.cl\/?p=15377","title":{"rendered":"Declaran Alerta Temprana Preventiva para la Regi\u00f3n de Ays\u00e9n por precipitaciones"},"content":{"rendered":"<div class=\"flex_column av_one_full  flex_column_div av-zero-column-padding first  avia-builder-el-0  el_before_av_one_full  avia-builder-el-first  \" style='border-radius:0px; '><div  class='avia-image-container  av-styling-    avia-builder-el-1  avia-builder-el-no-sibling  avia-align-center '  itemprop=\"image\" itemscope=\"itemscope\" itemtype=\"https:\/\/schema.org\/ImageObject\"  ><div class='avia-image-container-inner'><div class='avia-image-overlay-wrap'><img decoding=\"async\" class='wp-image-15378 avia-img-lazy-loading-not-15378 avia_image' src=\"https:\/\/radiorevelacionfm.cl\/wp-content\/uploads\/2022\/04\/lluvias-aysen-1_optimized.jpg\" alt='' title='lluvias-aysen-(1)_optimized' height=\"600\" width=\"1069\"  itemprop=\"thumbnailUrl\" srcset=\"https:\/\/radiorevelacionfm.cl\/wp-content\/uploads\/2022\/04\/lluvias-aysen-1_optimized.jpg 1069w, https:\/\/radiorevelacionfm.cl\/wp-content\/uploads\/2022\/04\/lluvias-aysen-1_optimized-300x168.jpg 300w, https:\/\/radiorevelacionfm.cl\/wp-content\/uploads\/2022\/04\/lluvias-aysen-1_optimized-1030x578.jpg 1030w, https:\/\/radiorevelacionfm.cl\/wp-content\/uploads\/2022\/04\/lluvias-aysen-1_optimized-768x431.jpg 768w, https:\/\/radiorevelacionfm.cl\/wp-content\/uploads\/2022\/04\/lluvias-aysen-1_optimized-705x396.jpg 705w, https:\/\/radiorevelacionfm.cl\/wp-content\/uploads\/2022\/04\/lluvias-aysen-1_optimized-600x337.jpg 600w\" sizes=\"(max-width: 1069px) 100vw, 1069px\" \/><\/div><\/div><\/div><\/div>\n<div class=\"flex_column av_one_full  flex_column_div av-zero-column-padding first  avia-builder-el-2  el_after_av_one_full  el_before_av_one_full  column-top-margin\" style='border-radius:0px; '><section class=\"av_textblock_section \"  itemscope=\"itemscope\" itemtype=\"https:\/\/schema.org\/BlogPosting\" itemprop=\"blogPost\" ><div class='avia_textblock  '   itemprop=\"text\" ><p style=\"text-align: center;\"><strong><span style=\"font-size: 18pt;\">Declaran Alerta Temprana Preventiva para la Regi\u00f3n de Ays\u00e9n por precipitaciones<\/span><\/strong><\/p>\n<\/div><\/section><\/div><div class=\"flex_column av_one_full  flex_column_div av-zero-column-padding first  avia-builder-el-4  el_after_av_one_full  el_before_av_hr  column-top-margin\" style='border-radius:0px; '><section class=\"av_textblock_section \"  itemscope=\"itemscope\" itemtype=\"https:\/\/schema.org\/BlogPosting\" itemprop=\"blogPost\" ><div class='avia_textblock  '   itemprop=\"text\" ><p style=\"text-align: justify;\">De acuerdo con la informaci\u00f3n proporcionada por la Direcci\u00f3n Meteorol\u00f3gica de Chile (DMC),\u00a0mediante la actualizaci\u00f3n de su Aviso Meteorol\u00f3gico A129-1\/2022, se pronostica la ocurrencia de precipitaciones de intensidad normal a moderada en los sectores de Litoral interior (entre 30 y 70 mm) y \u00a0cordillera austral (entre 25 y 65 mm) de la Regi\u00f3n de Ays\u00e9n, desde la noche del lunes 4 y hasta la noche del mi\u00e9rcoles 6 de abril.<\/p>\n<p style=\"text-align: justify;\">Adicionalmente, considerando los trabajos de mejoramiento que se est\u00e1n realizando en la Ruta 7 y teniendo en cuenta las precipitaciones ocurridas durante la pasada jornada, se puede prever un aumento en los caudales de los r\u00edos, aumentando el riesgo asociado a la ocurrencia de remociones en masa que pudieran afectar el normal tr\u00e1nsito en la regi\u00f3n.<\/p>\n<p style=\"text-align: justify;\">En consideraci\u00f3n a estos antecedentes, la Direcci\u00f3n Regional de ONEMI Ays\u00e9n,\u00a0actualiza la Alerta Temprana Preventiva regional,\u00a0por precipitaciones, que se mantiene vigente desde el 02 de abril.<\/p>\n<p style=\"text-align: justify;\">La actualizaci\u00f3n de dicha alerta, se constituye como un estado de reforzamiento de la vigilancia, mediante el monitoreo preciso y riguroso de las condiciones de riesgo y las respectivas vulnerabilidades asociadas a la amenaza, coordinando y activando al Sistema Nacional de Prevenci\u00f3n y Respuesta ante Desastres con el fin de actuar oportunamente frente a eventuales situaciones de emergencia<\/p>\n<p style=\"text-align: justify;\">ONEMI\u00a0recomienda a la poblaci\u00f3n informarse sobre las condiciones del tiempo; revisar y limpiar el techo y canaletas de las viviendas; mantener las v\u00edas de evacuaci\u00f3n de aguas lluvias libres de tierra y desperdicios; evitar transitar a pie o en veh\u00edculos por zonas o caminos anegados; y evitar internarse en zonas monta\u00f1osas, r\u00edos, lagos y mar, especialmente cuando las condiciones meteorol\u00f3gicas sean desfavorables.<\/p>\n<\/div><\/section><\/div><\/p>\n<div  style='height:50px' class='hr hr-invisible   avia-builder-el-6  el_after_av_one_full  el_before_av_social_share '><span class='hr-inner ' ><span class='hr-inner-style'><\/span><\/span><\/div>\n<div  class='av-social-sharing-box  avia-builder-el-7  el_after_av_hr  el_before_av_hr  '><div class='av-share-box'><h5 class='av-share-link-description av-no-toc '>Compartir esta noticia<\/h5><ul class='av-share-box-list noLightbox'><li class='av-share-link av-social-link-facebook' ><a target=\"_blank\" aria-label=\"Compartir en Facebook\" href='https:\/\/www.facebook.com\/sharer.php?u=https:\/\/radiorevelacionfm.cl\/?p=15377&#038;t=Declaran%20Alerta%20Temprana%20Preventiva%20para%20la%20Regi%C3%B3n%20de%20Ays%C3%A9n%20por%20precipitaciones' aria-hidden='false' data-av_icon='\ue8f3' data-av_iconfont='entypo-fontello' title='' data-avia-related-tooltip='Compartir en Facebook' rel=\"noopener\"><span class='avia_hidden_link_text'>Compartir en Facebook<\/span><\/a><\/li><li class='av-share-link av-social-link-twitter' ><a target=\"_blank\" aria-label=\"Compartir en Twitter\" href='https:\/\/twitter.com\/share?text=Declaran%20Alerta%20Temprana%20Preventiva%20para%20la%20Regi%C3%B3n%20de%20Ays%C3%A9n%20por%20precipitaciones&#038;url=https:\/\/radiorevelacionfm.cl\/?p=15377' aria-hidden='false' data-av_icon='\ue8f1' data-av_iconfont='entypo-fontello' title='' data-avia-related-tooltip='Compartir en Twitter' rel=\"noopener\"><span class='avia_hidden_link_text'>Compartir en Twitter<\/span><\/a><\/li><li class='av-share-link av-social-link-whatsapp' ><a target=\"_blank\" aria-label=\"Compartir en Whatsapp\" href='https:\/\/api.whatsapp.com\/send?text=https:\/\/radiorevelacionfm.cl\/?p=15377' aria-hidden='false' data-av_icon='\uf232' data-av_iconfont='entypo-fontello' title='' data-avia-related-tooltip='Compartir en Whatsapp' rel=\"noopener\"><span class='avia_hidden_link_text'>Compartir en Whatsapp<\/span><\/a><\/li><li class='av-share-link av-social-link-linkedin' ><a target=\"_blank\" aria-label=\"Compartir en LinkedIn\" href='https:\/\/linkedin.com\/shareArticle?mini=true&#038;title=Declaran%20Alerta%20Temprana%20Preventiva%20para%20la%20Regi%C3%B3n%20de%20Ays%C3%A9n%20por%20precipitaciones&#038;url=https:\/\/radiorevelacionfm.cl\/?p=15377' aria-hidden='false' data-av_icon='\ue8fc' data-av_iconfont='entypo-fontello' title='' data-avia-related-tooltip='Compartir en LinkedIn' rel=\"noopener\"><span class='avia_hidden_link_text'>Compartir en LinkedIn<\/span><\/a><\/li><li class='av-share-link av-social-link-mail' ><a  aria-label=\"Compartir por correo\" href='mailto:?subject=Declaran%20Alerta%20Temprana%20Preventiva%20para%20la%20Regi%C3%B3n%20de%20Ays%C3%A9n%20por%20precipitaciones&#038;body=https:\/\/radiorevelacionfm.cl\/?p=15377' aria-hidden='false' data-av_icon='\ue805' data-av_iconfont='entypo-fontello' title='' data-avia-related-tooltip='Compartir por correo'><span class='avia_hidden_link_text'>Compartir por correo<\/span><\/a><\/li><\/ul><\/div><\/div>\n<div  style='height:50px' class='hr hr-invisible   avia-builder-el-8  el_after_av_social_share  el_before_av_comments_list '><span class='hr-inner ' ><span class='hr-inner-style'><\/span><\/span><\/div>\n<div  class='av-buildercomment  av-blog-meta-html-info-disabled av-blog-meta-tag-disabled  '><\/div>\n","protected":false},"excerpt":{"rendered":"","protected":false},"author":1,"featured_media":15378,"comment_status":"open","ping_status":"open","sticky":false,"template":"","format":"standard","meta":{"footnotes":""},"categories":[38],"tags":[],"class_list":["post-15377","post","type-post","status-publish","format-standard","has-post-thumbnail","hentry","category-regional"],"jetpack_featured_media_url":"https:\/\/radiorevelacionfm.cl\/wp-content\/uploads\/2022\/04\/lluvias-aysen-1_optimized.jpg","_links":{"self":[{"href":"https:\/\/radiorevelacionfm.cl\/index.php?rest_route=\/wp\/v2\/posts\/15377","targetHints":{"allow":["GET"]}}],"collection":[{"href":"https:\/\/radiorevelacionfm.cl\/index.php?rest_route=\/wp\/v2\/posts"}],"about":[{"href":"https:\/\/radiorevelacionfm.cl\/index.php?rest_route=\/wp\/v2\/types\/post"}],"author":[{"embeddable":true,"href":"https:\/\/radiorevelacionfm.cl\/index.php?rest_route=\/wp\/v2\/users\/1"}],"replies":[{"embeddable":true,"href":"https:\/\/radiorevelacionfm.cl\/index.php?rest_route=%2Fwp%2Fv2%2Fcomments&post=15377"}],"version-history":[{"count":3,"href":"https:\/\/radiorevelacionfm.cl\/index.php?rest_route=\/wp\/v2\/posts\/15377\/revisions"}],"predecessor-version":[{"id":15380,"href":"https:\/\/radiorevelacionfm.cl\/index.php?rest_route=\/wp\/v2\/posts\/15377\/revisions\/15380"}],"wp:featuredmedia":[{"embeddable":true,"href":"https:\/\/radiorevelacionfm.cl\/index.php?rest_route=\/wp\/v2\/media\/15378"}],"wp:attachment":[{"href":"https:\/\/radiorevelacionfm.cl\/index.php?rest_route=%2Fwp%2Fv2%2Fmedia&parent=15377"}],"wp:term":[{"taxonomy":"category","embeddable":true,"href":"https:\/\/radiorevelacionfm.cl\/index.php?rest_route=%2Fwp%2Fv2%2Fcategories&post=15377"},{"taxonomy":"post_tag","embeddable":true,"href":"https:\/\/radiorevelacionfm.cl\/index.php?rest_route=%2Fwp%2Fv2%2Ftags&post=15377"}],"curies":[{"name":"wp","href":"https:\/\/api.w.org\/{rel}","templated":true}]}}