{"id":15367,"date":"2022-04-02T10:48:16","date_gmt":"2022-04-02T13:48:16","guid":{"rendered":"https:\/\/radiorevelacionfm.cl\/?p=15367"},"modified":"2022-04-02T11:21:46","modified_gmt":"2022-04-02T14:21:46","slug":"gobierno-realiza-nombramiento-de-seremis-faltantes-en-la-region-de-aysen","status":"publish","type":"post","link":"https:\/\/radiorevelacionfm.cl\/?p=15367","title":{"rendered":"Gobierno realiza nombramiento de Seremis faltantes en la regi\u00f3n de Ays\u00e9n"},"content":{"rendered":"<div class=\"flex_column av_one_full  flex_column_div av-zero-column-padding first  avia-builder-el-0  el_before_av_one_full  avia-builder-el-first  \" style='border-radius:0px; '><div  class='avia-image-container  av-styling-    avia-builder-el-1  avia-builder-el-no-sibling  avia-align-center '  itemprop=\"image\" itemscope=\"itemscope\" itemtype=\"https:\/\/schema.org\/ImageObject\"  ><div class='avia-image-container-inner'><div class='avia-image-overlay-wrap'><img decoding=\"async\" class='wp-image-15375 avia-img-lazy-loading-not-15375 avia_image' src=\"https:\/\/radiorevelacionfm.cl\/wp-content\/uploads\/2022\/04\/Seremis2-1.jpg\" alt='' title='Seremis2 (1)' height=\"600\" width=\"930\"  itemprop=\"thumbnailUrl\" srcset=\"https:\/\/radiorevelacionfm.cl\/wp-content\/uploads\/2022\/04\/Seremis2-1.jpg 930w, https:\/\/radiorevelacionfm.cl\/wp-content\/uploads\/2022\/04\/Seremis2-1-300x194.jpg 300w, https:\/\/radiorevelacionfm.cl\/wp-content\/uploads\/2022\/04\/Seremis2-1-768x495.jpg 768w, https:\/\/radiorevelacionfm.cl\/wp-content\/uploads\/2022\/04\/Seremis2-1-705x455.jpg 705w, https:\/\/radiorevelacionfm.cl\/wp-content\/uploads\/2022\/04\/Seremis2-1-600x387.jpg 600w\" sizes=\"(max-width: 930px) 100vw, 930px\" \/><\/div><\/div><\/div><\/div><div class=\"flex_column av_one_full  flex_column_div av-zero-column-padding first  avia-builder-el-2  el_after_av_one_full  el_before_av_one_full  column-top-margin\" style='border-radius:0px; '><section class=\"av_textblock_section \"  itemscope=\"itemscope\" itemtype=\"https:\/\/schema.org\/BlogPosting\" itemprop=\"blogPost\" ><div class='avia_textblock  '   itemprop=\"text\" ><p style=\"text-align: center;\" align=\"center\"><strong><span style=\"font-size: 18pt;\">Gobierno realiza nombramiento de Seremis faltantes en la regi\u00f3n de Ays\u00e9n <\/span><\/strong><\/p>\n<div id=\"gtx-trans\" style=\"position: absolute; left: -50px; top: 4.31534px;\">\n<div class=\"gtx-trans-icon\"><\/div>\n<\/div>\n<\/div><\/section><\/div><\/p>\n<div class=\"flex_column av_one_full  flex_column_div av-zero-column-padding first  avia-builder-el-4  el_after_av_one_full  el_before_av_hr  column-top-margin\" style='border-radius:0px; '><section class=\"av_textblock_section \"  itemscope=\"itemscope\" itemtype=\"https:\/\/schema.org\/BlogPosting\" itemprop=\"blogPost\" ><div class='avia_textblock  '   itemprop=\"text\" ><p style=\"text-align: justify;\"><span lang=\"ES\">Esta tarde, el Gobierno de Chile, encabezado por el Presidente de la Rep\u00fablica, Gabriel Boric Font, le comunica al pa\u00eds el nombramiento de 91 personas que estar\u00e1n a cargo de las Secretar\u00edas Regionales Ministeriales, que se sumar\u00e1n al trabajo que ya est\u00e1n realizando las autoridades anteriormente nombradas.<\/span><\/p>\n<p style=\"text-align: justify;\"><span lang=\"ES\">De esta manera, 267 SEREMIS se desplegar\u00e1n a lo largo de todo el territorio nacional,\u00a0fortaleciendo los equipos regionales para poner en marcha los compromisos del Programa\u00a0de Gobierno, con especial \u00e9nfasis en aquellas pol\u00edticas enfocadas a mejorar la calidad de\u00a0vida\u00a0de\u00a0todas\u00a0y\u00a0todos\u00a0los\u00a0chilenos.<\/span><\/p>\n<p style=\"text-align: justify;\"><span lang=\"ES\">Como ha sido recurrente, los nombramientos comunicados hoy mantienen los criterios de paridad de g\u00e9nero, representaci\u00f3n de las voces regionales y la diversidad que se encuentra en la base del proyecto pol\u00edtico que pretende llevar adelante transformaciones profundas y responsables a lo largo de nuestro pa\u00eds.<\/span><\/p>\n<p style=\"text-align: justify;\"><span lang=\"ES\">Agradecemos a las nuevas autoridades regionales por la voluntad de sumarse a este desaf\u00edo, que buscar\u00e1 avanzar decididamente en el desarrollo de todos los territorios y comunidades de Chile, poniendo especial \u00e9nfasis en aquellas zonas que d\u00eda a d\u00eda conviven con el abandono del Estado y que requieren de nuestra mayor atenci\u00f3n y trabajo.<\/span><\/p>\n<p style=\"text-align: left;\"><span lang=\"ES\">Nombramientos que faltaban indicados con *\u00a0<\/span><\/p>\n<p style=\"text-align: left;\"><span lang=\"ES\" style=\"font-size: 14pt;\">Regi\u00f3n\u00a0de\u00a0Ays\u00e9n<\/span><\/p>\n<p style=\"text-align: left;\"><span lang=\"ES\">1.\u00a0\u00a0\u00a0\u00a0\u00a0\u00a0\u00a0\u00a0\u00a0<\/span><span lang=\"ES\">SEREMI<\/span><span lang=\"ES\">\u00a0<\/span><span lang=\"ES\">de<\/span><span lang=\"ES\">\u00a0<\/span><span lang=\"ES\">Agricultura:<\/span><span lang=\"ES\">\u00a0<\/span><span lang=\"ES\">Alan<\/span><span lang=\"ES\">\u00a0<\/span><span lang=\"ES\">Robinson<\/span><span lang=\"ES\">\u00a0<\/span><span lang=\"ES\">Espinoza\u00a0Ortiz,\u00a0PS.*<\/span><\/p>\n<p style=\"text-align: left;\"><span lang=\"ES\">2.\u00a0\u00a0\u00a0\u00a0\u00a0\u00a0\u00a0\u00a0\u00a0<\/span><span lang=\"ES\">SEREMI\u00a0de\u00a0Bienes\u00a0Nacionales:\u00a0Irina\u00a0Morend\u00a0Valdebenito,\u00a0Independiente.*<\/span><\/p>\n<p style=\"text-align: left;\"><span lang=\"ES\">3.\u00a0\u00a0\u00a0\u00a0\u00a0\u00a0\u00a0\u00a0\u00a0<\/span><span lang=\"ES\">SEREMI de Culturas, las Artes y el Patrimonio:\u00a0<\/span><span lang=\"ES\">Felipe Exequiel Nicol\u00e1s Quiroz\u00a0V\u00e1squez,\u00a0CS.*<\/span><\/p>\n<p style=\"text-align: left;\"><span lang=\"ES\">4.\u00a0\u00a0\u00a0\u00a0\u00a0\u00a0\u00a0\u00a0\u00a0<\/span><span lang=\"ES\">SEREMI\u00a0de\u00a0Deporte:\u00a0Mar\u00eda\u00a0Eugenia\u00a0Duran,\u00a0independiente por\u00a0RD.<\/span><\/p>\n<p style=\"text-align: left;\"><span lang=\"ES\">5.\u00a0\u00a0\u00a0\u00a0\u00a0\u00a0\u00a0\u00a0\u00a0<\/span><span lang=\"ES\">SEREMI<\/span><span lang=\"ES\">\u00a0<\/span><span lang=\"ES\">de<\/span><span lang=\"ES\">\u00a0<\/span><span lang=\"ES\">Desarrollo<\/span><span lang=\"ES\">\u00a0<\/span><span lang=\"ES\">Social\u00a0y\u00a0Familia:\u00a0Karina\u00a0Acevedo,\u00a0PR.<\/span><\/p>\n<p style=\"text-align: left;\"><span lang=\"ES\">6.\u00a0\u00a0\u00a0\u00a0\u00a0\u00a0\u00a0\u00a0\u00a0<\/span><span lang=\"ES\">SEREMI\u00a0de\u00a0Educaci\u00f3n:\u00a0Isabel\u00a0Garrido\u00a0Casassa,\u00a0PC.<\/span><\/p>\n<p style=\"text-align: left;\"><span lang=\"ES\">7.\u00a0\u00a0\u00a0\u00a0\u00a0\u00a0\u00a0\u00a0\u00a0<\/span><span lang=\"ES\">SEREMI<\/span><span lang=\"ES\">\u00a0<\/span><span lang=\"ES\">de<\/span><span lang=\"ES\">\u00a0<\/span><span lang=\"ES\">Energ\u00eda:<\/span><span lang=\"ES\">\u00a0<\/span><span lang=\"ES\">Carlos<\/span><span lang=\"ES\">\u00a0<\/span><span lang=\"ES\">Alfredo<\/span><span lang=\"ES\">\u00a0<\/span><span lang=\"ES\">D\u00edaz<\/span><span lang=\"ES\">\u00a0<\/span><span lang=\"ES\">Varela,<\/span><span lang=\"ES\">\u00a0<\/span><span lang=\"ES\">Independiente.<\/span><\/p>\n<p style=\"text-align: left;\"><span lang=\"ES\">8.\u00a0\u00a0\u00a0\u00a0\u00a0\u00a0\u00a0\u00a0\u00a0<\/span><span lang=\"ES\">SEREMI\u00a0de\u00a0Justicia:\u00a0Samuel\u00a0Malaqu\u00edas\u00a0Navarro\u00a0Castro,\u00a0PC.<\/span><\/p>\n<p style=\"text-align: left;\"><span lang=\"ES\">9.\u00a0\u00a0\u00a0\u00a0\u00a0\u00a0\u00a0\u00a0\u00a0<\/span><span lang=\"ES\">SEREMI<\/span><span lang=\"ES\">\u00a0<\/span><span lang=\"ES\">de<\/span><span lang=\"ES\">\u00a0<\/span><span lang=\"ES\">Medio<\/span><span lang=\"ES\">\u00a0<\/span><span lang=\"ES\">Ambiente:<\/span><span lang=\"ES\">\u00a0<\/span><span lang=\"ES\">Juli\u00e1n<\/span><span lang=\"ES\">\u00a0<\/span><span lang=\"ES\">Alberto<\/span><span lang=\"ES\">\u00a0<\/span><span lang=\"ES\">C\u00e1rdenas<\/span><span lang=\"ES\">\u00a0<\/span><span lang=\"ES\">Cornejo,\u00a0Independiente.*<\/span><\/p>\n<p style=\"text-align: left;\"><span lang=\"ES\">10.\u00a0\u00a0\u00a0\u00a0\u00a0\u00a0\u00a0<\/span><span lang=\"ES\">SEREMI\u00a0de\u00a0Miner\u00eda:\u00a0Rudolf\u00a0Hans\u00a0Zimmermann,\u00a0PC.<\/span><\/p>\n<p style=\"text-align: left;\"><span lang=\"ES\">11.\u00a0\u00a0\u00a0\u00a0\u00a0\u00a0\u00a0<\/span><span lang=\"ES\">SEREMI<\/span><span lang=\"ES\">\u00a0<\/span><span lang=\"ES\">de<\/span><span lang=\"ES\">\u00a0<\/span><span lang=\"ES\">Mujer<\/span><span lang=\"ES\">\u00a0<\/span><span lang=\"ES\">y Equidad<\/span><span lang=\"ES\">\u00a0<\/span><span lang=\"ES\">de<\/span><span lang=\"ES\">\u00a0<\/span><span lang=\"ES\">G\u00e9nero:<\/span><span lang=\"ES\">\u00a0<\/span><span lang=\"ES\">Andrea<\/span><span lang=\"ES\">\u00a0<\/span><span lang=\"ES\">M\u00e9ndez<\/span><span lang=\"ES\">\u00a0<\/span><span lang=\"ES\">Valenzuela,<\/span><span lang=\"ES\">\u00a0<\/span><span lang=\"ES\">CS.<\/span><\/p>\n<p style=\"text-align: left;\"><span lang=\"ES\">12.\u00a0\u00a0\u00a0\u00a0\u00a0\u00a0\u00a0<\/span><span lang=\"ES\">SEREMI\u00a0de\u00a0Obras\u00a0P\u00fablicas:\u00a0Omar\u00a0Patricio\u00a0Sanhueza\u00a0Ulloa,\u00a0RD.<\/span><\/p>\n<p style=\"text-align: left;\"><span lang=\"ES\">13.\u00a0\u00a0\u00a0\u00a0\u00a0\u00a0\u00a0<\/span><span lang=\"ES\">SEREMI\u00a0de\u00a0Salud:\u00a0Carmen\u00a0Gloria\u00a0Monsalve\u00a0G\u00f3mez,\u00a0Independiente.*<\/span><\/p>\n<p style=\"text-align: left;\"><span lang=\"ES\">14.\u00a0\u00a0\u00a0\u00a0\u00a0\u00a0\u00a0<\/span><span lang=\"ES\">SEREMI\u00a0de\u00a0Secretar\u00eda\u00a0General\u00a0de\u00a0Gobierno:\u00a0Rodrigo\u00a0Omar\u00a0Saldivia\u00a0Vera,\u00a0PS.<\/span><\/p>\n<p style=\"text-align: left;\"><span lang=\"ES\">15.\u00a0\u00a0\u00a0\u00a0\u00a0\u00a0\u00a0<\/span><span lang=\"ES\">SEREMI\u00a0de\u00a0Trabajo\u00a0y\u00a0Previsi\u00f3n\u00a0Social:\u00a0Jos\u00e9\u00a0Humberto\u00a0Mar\u00edn\u00a0Leiva,\u00a0PPD.<\/span><\/p>\n<p style=\"text-align: left;\"><span lang=\"ES\">16.\u00a0\u00a0\u00a0\u00a0\u00a0\u00a0\u00a0<\/span><span lang=\"ES\">SEREMI\u00a0de\u00a0Transporte:\u00a0Claudia\u00a0Cantero,\u00a0RD.<\/span><\/p>\n<p style=\"text-align: left;\"><span lang=\"ES\">17.\u00a0\u00a0\u00a0\u00a0\u00a0\u00a0\u00a0<\/span><span lang=\"ES\">SEREMI\u00a0de\u00a0Vivienda\u00a0y\u00a0Urbanismo:\u00a0Paulina\u00a0Ruz,\u00a0PPD.<\/span><\/p>\n<p style=\"text-align: left;\"><span lang=\"ES\">\u00a0<\/span><\/p>\n<p style=\"text-align: justify;\"><span lang=\"ES\">Adem\u00e1s,\u00a0el\u00a0Ministerio\u00a0de\u00a0Ciencia,\u00a0Tecnolog\u00eda,\u00a0Conocimiento\u00a0e\u00a0Innovaci\u00f3n\u00a0cuenta\u00a0con\u00a0las\u00a0Secretar\u00edas\u00a0Regionales\u00a0Ministeriales\u00a0de\u00a0las\u00a0siguientes\u00a0macrozonas:<\/span><\/p>\n<p style=\"text-align: left;\"><span lang=\"ES\">\u25cf\u00a0\u00a0\u00a0\u00a0\u00a0\u00a0\u00a0\u00a0\u00a0\u00a0<\/span><span lang=\"ES\">Macrozona\u00a0Norte:\u00a0Rub\u00e9n\u00a0Joaqu\u00edn\u00a0Moraga\u00a0Mamani,\u00a0PC.*<\/span><\/p>\n<p style=\"text-align: left;\"><span lang=\"ES\">\u25cf\u00a0\u00a0\u00a0\u00a0\u00a0\u00a0\u00a0\u00a0\u00a0\u00a0<\/span><span lang=\"ES\">Macrozona<\/span><span lang=\"ES\">\u00a0<\/span><span lang=\"ES\">Centro:<\/span><span lang=\"ES\">\u00a0<\/span><span lang=\"ES\">Jorge\u00a0Andr\u00e9s\u00a0Soto\u00a0Delgado,\u00a0PL.*<\/span><\/p>\n<p style=\"text-align: left;\"><span lang=\"ES\">\u25cf\u00a0\u00a0\u00a0\u00a0\u00a0\u00a0\u00a0\u00a0\u00a0\u00a0<\/span><span lang=\"ES\">Macrozona<\/span><span lang=\"ES\">\u00a0<\/span><span lang=\"ES\">Sur:<\/span><span lang=\"ES\">\u00a0<\/span><span lang=\"ES\">Maite<\/span><span lang=\"ES\">\u00a0<\/span><span lang=\"ES\">Aintzane<\/span><span lang=\"ES\">\u00a0<\/span><span lang=\"ES\">Castro<\/span><span lang=\"ES\">\u00a0<\/span><span lang=\"ES\">Gallastegui,\u00a0CS.*<\/span><\/p>\n<p style=\"text-align: left;\"><span lang=\"ES\">\u25cf\u00a0\u00a0\u00a0\u00a0\u00a0\u00a0\u00a0\u00a0\u00a0\u00a0<\/span><span lang=\"ES\">Macrozona Sur<\/span><span lang=\"ES\">\u00a0<\/span><span lang=\"ES\">Austral:<\/span><span lang=\"ES\">\u00a0Ver\u00f3nica Vallejos Marchant, Independiente.*<\/span><\/p>\n<\/div><\/section><\/div>\n<div  style='height:50px' class='hr hr-invisible   avia-builder-el-6  el_after_av_one_full  el_before_av_social_share '><span class='hr-inner ' ><span class='hr-inner-style'><\/span><\/span><\/div>\n<div  class='av-social-sharing-box  avia-builder-el-7  el_after_av_hr  el_before_av_hr  '><div class='av-share-box'><h5 class='av-share-link-description av-no-toc '>Compartir esta noticia<\/h5><ul class='av-share-box-list noLightbox'><li class='av-share-link av-social-link-facebook' ><a target=\"_blank\" aria-label=\"Compartir en Facebook\" href='https:\/\/www.facebook.com\/sharer.php?u=https:\/\/radiorevelacionfm.cl\/?p=15367&#038;t=Gobierno%20realiza%20nombramiento%20de%20Seremis%20faltantes%20en%20la%20regi%C3%B3n%20de%20Ays%C3%A9n' aria-hidden='false' data-av_icon='\ue8f3' data-av_iconfont='entypo-fontello' title='' data-avia-related-tooltip='Compartir en Facebook' rel=\"noopener\"><span class='avia_hidden_link_text'>Compartir en Facebook<\/span><\/a><\/li><li class='av-share-link av-social-link-twitter' ><a target=\"_blank\" aria-label=\"Compartir en Twitter\" href='https:\/\/twitter.com\/share?text=Gobierno%20realiza%20nombramiento%20de%20Seremis%20faltantes%20en%20la%20regi%C3%B3n%20de%20Ays%C3%A9n&#038;url=https:\/\/radiorevelacionfm.cl\/?p=15367' aria-hidden='false' data-av_icon='\ue8f1' data-av_iconfont='entypo-fontello' title='' data-avia-related-tooltip='Compartir en Twitter' rel=\"noopener\"><span class='avia_hidden_link_text'>Compartir en Twitter<\/span><\/a><\/li><li class='av-share-link av-social-link-whatsapp' ><a target=\"_blank\" aria-label=\"Compartir en Whatsapp\" href='https:\/\/api.whatsapp.com\/send?text=https:\/\/radiorevelacionfm.cl\/?p=15367' aria-hidden='false' data-av_icon='\uf232' data-av_iconfont='entypo-fontello' title='' data-avia-related-tooltip='Compartir en Whatsapp' rel=\"noopener\"><span class='avia_hidden_link_text'>Compartir en Whatsapp<\/span><\/a><\/li><li class='av-share-link av-social-link-linkedin' ><a target=\"_blank\" aria-label=\"Compartir en LinkedIn\" href='https:\/\/linkedin.com\/shareArticle?mini=true&#038;title=Gobierno%20realiza%20nombramiento%20de%20Seremis%20faltantes%20en%20la%20regi%C3%B3n%20de%20Ays%C3%A9n&#038;url=https:\/\/radiorevelacionfm.cl\/?p=15367' aria-hidden='false' data-av_icon='\ue8fc' data-av_iconfont='entypo-fontello' title='' data-avia-related-tooltip='Compartir en LinkedIn' rel=\"noopener\"><span class='avia_hidden_link_text'>Compartir en LinkedIn<\/span><\/a><\/li><li class='av-share-link av-social-link-mail' ><a  aria-label=\"Compartir por correo\" href='mailto:?subject=Gobierno%20realiza%20nombramiento%20de%20Seremis%20faltantes%20en%20la%20regi%C3%B3n%20de%20Ays%C3%A9n&#038;body=https:\/\/radiorevelacionfm.cl\/?p=15367' aria-hidden='false' data-av_icon='\ue805' data-av_iconfont='entypo-fontello' title='' data-avia-related-tooltip='Compartir por correo'><span class='avia_hidden_link_text'>Compartir por correo<\/span><\/a><\/li><\/ul><\/div><\/div>\n<div  style='height:50px' class='hr hr-invisible   avia-builder-el-8  el_after_av_social_share  el_before_av_comments_list '><span class='hr-inner ' ><span class='hr-inner-style'><\/span><\/span><\/div>\n<div  class='av-buildercomment  av-blog-meta-html-info-disabled av-blog-meta-tag-disabled  '><\/div>\n","protected":false},"excerpt":{"rendered":"","protected":false},"author":1,"featured_media":15375,"comment_status":"open","ping_status":"open","sticky":false,"template":"","format":"standard","meta":{"footnotes":""},"categories":[38],"tags":[],"class_list":["post-15367","post","type-post","status-publish","format-standard","has-post-thumbnail","hentry","category-regional"],"jetpack_featured_media_url":"https:\/\/radiorevelacionfm.cl\/wp-content\/uploads\/2022\/04\/Seremis2-1.jpg","_links":{"self":[{"href":"https:\/\/radiorevelacionfm.cl\/index.php?rest_route=\/wp\/v2\/posts\/15367","targetHints":{"allow":["GET"]}}],"collection":[{"href":"https:\/\/radiorevelacionfm.cl\/index.php?rest_route=\/wp\/v2\/posts"}],"about":[{"href":"https:\/\/radiorevelacionfm.cl\/index.php?rest_route=\/wp\/v2\/types\/post"}],"author":[{"embeddable":true,"href":"https:\/\/radiorevelacionfm.cl\/index.php?rest_route=\/wp\/v2\/users\/1"}],"replies":[{"embeddable":true,"href":"https:\/\/radiorevelacionfm.cl\/index.php?rest_route=%2Fwp%2Fv2%2Fcomments&post=15367"}],"version-history":[{"count":3,"href":"https:\/\/radiorevelacionfm.cl\/index.php?rest_route=\/wp\/v2\/posts\/15367\/revisions"}],"predecessor-version":[{"id":15374,"href":"https:\/\/radiorevelacionfm.cl\/index.php?rest_route=\/wp\/v2\/posts\/15367\/revisions\/15374"}],"wp:featuredmedia":[{"embeddable":true,"href":"https:\/\/radiorevelacionfm.cl\/index.php?rest_route=\/wp\/v2\/media\/15375"}],"wp:attachment":[{"href":"https:\/\/radiorevelacionfm.cl\/index.php?rest_route=%2Fwp%2Fv2%2Fmedia&parent=15367"}],"wp:term":[{"taxonomy":"category","embeddable":true,"href":"https:\/\/radiorevelacionfm.cl\/index.php?rest_route=%2Fwp%2Fv2%2Fcategories&post=15367"},{"taxonomy":"post_tag","embeddable":true,"href":"https:\/\/radiorevelacionfm.cl\/index.php?rest_route=%2Fwp%2Fv2%2Ftags&post=15367"}],"curies":[{"name":"wp","href":"https:\/\/api.w.org\/{rel}","templated":true}]}}