{"id":15363,"date":"2022-04-01T20:40:01","date_gmt":"2022-04-01T23:40:01","guid":{"rendered":"https:\/\/radiorevelacionfm.cl\/?p=15363"},"modified":"2022-04-01T20:40:01","modified_gmt":"2022-04-01T23:40:01","slug":"carabineros-presta-auxilio-a-familiar-de-interno-tras-rociar-combustible-y-encender-fuego-a-sus-vestimentas-en-acceso-a-penal-de-puerto-aysen","status":"publish","type":"post","link":"https:\/\/radiorevelacionfm.cl\/?p=15363","title":{"rendered":"Carabineros presta auxilio a familiar de interno tras rociar combustible y encender fuego a sus vestimentas en acceso a penal de Puerto Ays\u00e9n"},"content":{"rendered":"<div class=\"flex_column av_one_full  flex_column_div av-zero-column-padding first  avia-builder-el-0  el_before_av_one_full  avia-builder-el-first  \" style='border-radius:0px; '><div  class='avia-image-container  av-styling-    avia-builder-el-1  avia-builder-el-no-sibling  avia-align-center '  itemprop=\"image\" itemscope=\"itemscope\" itemtype=\"https:\/\/schema.org\/ImageObject\"  ><div class='avia-image-container-inner'><div class='avia-image-overlay-wrap'><img decoding=\"async\" class='wp-image-15364 avia-img-lazy-loading-not-15364 avia_image' src=\"https:\/\/radiorevelacionfm.cl\/wp-content\/uploads\/2022\/04\/untitled-24-1_optimized.jpg\" alt='' title='untitled-24-(1)_optimized' height=\"600\" width=\"1067\"  itemprop=\"thumbnailUrl\" srcset=\"https:\/\/radiorevelacionfm.cl\/wp-content\/uploads\/2022\/04\/untitled-24-1_optimized.jpg 1067w, https:\/\/radiorevelacionfm.cl\/wp-content\/uploads\/2022\/04\/untitled-24-1_optimized-300x169.jpg 300w, https:\/\/radiorevelacionfm.cl\/wp-content\/uploads\/2022\/04\/untitled-24-1_optimized-1030x579.jpg 1030w, https:\/\/radiorevelacionfm.cl\/wp-content\/uploads\/2022\/04\/untitled-24-1_optimized-768x432.jpg 768w, https:\/\/radiorevelacionfm.cl\/wp-content\/uploads\/2022\/04\/untitled-24-1_optimized-705x396.jpg 705w, https:\/\/radiorevelacionfm.cl\/wp-content\/uploads\/2022\/04\/untitled-24-1_optimized-600x337.jpg 600w\" sizes=\"(max-width: 1067px) 100vw, 1067px\" \/><\/div><\/div><\/div><\/div><div class=\"flex_column av_one_full  flex_column_div av-zero-column-padding first  avia-builder-el-2  el_after_av_one_full  el_before_av_one_full  column-top-margin\" style='border-radius:0px; '><section class=\"av_textblock_section \"  itemscope=\"itemscope\" itemtype=\"https:\/\/schema.org\/BlogPosting\" itemprop=\"blogPost\" ><div class='avia_textblock  '   itemprop=\"text\" ><p style=\"text-align: center;\"><span style=\"font-size: 18pt;\"><b>Carabineros presta auxilio a familiar de interno tras rociar combustible y encender fuego a sus vestimentas en acceso a penal de Puerto Ays\u00e9n \u00a0<\/b><\/span><\/p>\n<div id=\"gtx-trans\" style=\"position: absolute; left: -50px; top: 4.31534px;\">\n<div class=\"gtx-trans-icon\"><\/div>\n<\/div>\n<\/div><\/section><\/div><div class=\"flex_column av_one_full  flex_column_div av-zero-column-padding first  avia-builder-el-4  el_after_av_one_full  el_before_av_hr  column-top-margin\" style='border-radius:0px; '><section class=\"av_textblock_section \"  itemscope=\"itemscope\" itemtype=\"https:\/\/schema.org\/BlogPosting\" itemprop=\"blogPost\" ><div class='avia_textblock  '   itemprop=\"text\" ><p class=\"v1MsoNormal\" style=\"text-align: justify;\">El hecho se dio en el contexto de una manifestaci\u00f3n pac\u00edfica toda vez que dicho reo ser\u00eda trasladado a la ciudad de Puerto Montt. Un segundo familiar result\u00f3 igualmente afectado por el fuego al intentar prestar ayuda en el control de las llamas, debiendo Carabineros de COP hacer uso de equipos supresores de fuego para evitar una desgracia mayor.<\/p>\n<p class=\"v1MsoNormal\" style=\"text-align: justify;\">La oportuna respuesta por parte de personal de Carabineros de la 5ta. Comisar\u00eda de Control de Orden P\u00fablico (COP) permiti\u00f3 apagar el fuego a una persona, quien en el contexto de una manifestaci\u00f3n pac\u00edfica roci\u00f3 combustible sobre sus vestimentas para acto seguido encender fuego.<\/p>\n<p class=\"v1MsoNormal\" style=\"text-align: justify;\">El Subprefecto Rural Fronterizo de la Prefectura de Carabineros Ays\u00e9n, Teniente Coronel Jean Paul Aravena Carrasco, indic\u00f3 que el hecho se dio en el contexto de una manifestaci\u00f3n pac\u00edfica por parte de familiares de un reo en el exterior del recinto penitenciario de Ays\u00e9n, quien ten\u00edan la intenci\u00f3n de que no fuera trasladado a la ciudad de Puerto Montt.<\/p>\n<p class=\"v1MsoNormal\" style=\"text-align: justify;\">\u00abLamentablemente una de las personas toma la decisi\u00f3n de autoinferirse \u00a0lesiones por medio de un incendio. Esta persona manten\u00eda en su poder un bid\u00f3n con un l\u00edquido combustible y mientras Carabineros dialogaba con alguno de los manifestantes, esta persona sorpresivamente hace uso de un encendedor y se genera la combusti\u00f3n de parte de sus vestimentas\u00bb, expres\u00f3 el Oficial Jefe.<\/p>\n<p class=\"v1MsoNormal\" style=\"text-align: justify;\">Frente a lo anterior Carabineros de COP reaccion\u00f3 de manera r\u00e1pida \u2013junto a familiares- prestando el auxilio oportuno haciendo uso de supresores de fuego, solicitado la presencia de una ambulancia del SAMU para su traslado inmediato hasta el hospital local, siendo m\u00e1s tarde derivado al hospital regional de Coyhaique, en atenci\u00f3n a las lesiones.<\/p>\n<p class=\"v1MsoNormal\" style=\"text-align: justify;\">Asimismo un segundo familiar result\u00f3 igualmente lesionado con quemaduras tras intentar prestar ayuda en sofocar las llamas.<\/p>\n<p class=\"v1MsoNormal\" style=\"text-align: justify;\">\u00abAlgunos de los carabineros que participaron en la asistencia resultaron con algunos de sus elementos y vestimentas principalmente quemadas. Algunos de ellos contaban con extintores personales \u2013que posee carabineros para su propio cuidado- y que en este caso no dudaron en hacer uso para poder brindar la seguridad a un civil\u00bb, acot\u00f3 el Subprefecto Rural Fronterizo.<\/p>\n<p class=\"v1MsoNormal\" style=\"text-align: justify;\">La manifestaci\u00f3n pac\u00edfica se desarroll\u00f3 con tranquilidad, sin que se registren personas detenidas por este hecho.<\/p>\n<\/div><\/section><\/div><div  style='height:50px' class='hr hr-invisible   avia-builder-el-6  el_after_av_one_full  el_before_av_social_share '><span class='hr-inner ' ><span class='hr-inner-style'><\/span><\/span><\/div><\/p>\n<div  class='av-social-sharing-box  avia-builder-el-7  el_after_av_hr  el_before_av_hr  '><div class='av-share-box'><h5 class='av-share-link-description av-no-toc '>Compartir esta noticia<\/h5><ul class='av-share-box-list noLightbox'><li class='av-share-link av-social-link-facebook' ><a target=\"_blank\" aria-label=\"Compartir en Facebook\" href='https:\/\/www.facebook.com\/sharer.php?u=https:\/\/radiorevelacionfm.cl\/?p=15363&#038;t=Carabineros%20presta%20auxilio%20a%20familiar%20de%20interno%20tras%20rociar%20combustible%20y%20encender%20fuego%20a%20sus%20vestimentas%20en%20acceso%20a%20penal%20de%20Puerto%20Ays%C3%A9n' aria-hidden='false' data-av_icon='\ue8f3' data-av_iconfont='entypo-fontello' title='' data-avia-related-tooltip='Compartir en Facebook' rel=\"noopener\"><span class='avia_hidden_link_text'>Compartir en Facebook<\/span><\/a><\/li><li class='av-share-link av-social-link-twitter' ><a target=\"_blank\" aria-label=\"Compartir en Twitter\" href='https:\/\/twitter.com\/share?text=Carabineros%20presta%20auxilio%20a%20familiar%20de%20interno%20tras%20rociar%20combustible%20y%20encender%20fuego%20a%20sus%20vestimentas%20en%20acceso%20a%20penal%20de%20Puerto%20Ays%C3%A9n&#038;url=https:\/\/radiorevelacionfm.cl\/?p=15363' aria-hidden='false' data-av_icon='\ue8f1' data-av_iconfont='entypo-fontello' title='' data-avia-related-tooltip='Compartir en Twitter' rel=\"noopener\"><span class='avia_hidden_link_text'>Compartir en Twitter<\/span><\/a><\/li><li class='av-share-link av-social-link-whatsapp' ><a target=\"_blank\" aria-label=\"Compartir en Whatsapp\" href='https:\/\/api.whatsapp.com\/send?text=https:\/\/radiorevelacionfm.cl\/?p=15363' aria-hidden='false' data-av_icon='\uf232' data-av_iconfont='entypo-fontello' title='' data-avia-related-tooltip='Compartir en Whatsapp' rel=\"noopener\"><span class='avia_hidden_link_text'>Compartir en Whatsapp<\/span><\/a><\/li><li class='av-share-link av-social-link-linkedin' ><a target=\"_blank\" aria-label=\"Compartir en LinkedIn\" href='https:\/\/linkedin.com\/shareArticle?mini=true&#038;title=Carabineros%20presta%20auxilio%20a%20familiar%20de%20interno%20tras%20rociar%20combustible%20y%20encender%20fuego%20a%20sus%20vestimentas%20en%20acceso%20a%20penal%20de%20Puerto%20Ays%C3%A9n&#038;url=https:\/\/radiorevelacionfm.cl\/?p=15363' aria-hidden='false' data-av_icon='\ue8fc' data-av_iconfont='entypo-fontello' title='' data-avia-related-tooltip='Compartir en LinkedIn' rel=\"noopener\"><span class='avia_hidden_link_text'>Compartir en LinkedIn<\/span><\/a><\/li><li class='av-share-link av-social-link-mail' ><a  aria-label=\"Compartir por correo\" href='mailto:?subject=Carabineros%20presta%20auxilio%20a%20familiar%20de%20interno%20tras%20rociar%20combustible%20y%20encender%20fuego%20a%20sus%20vestimentas%20en%20acceso%20a%20penal%20de%20Puerto%20Ays%C3%A9n&#038;body=https:\/\/radiorevelacionfm.cl\/?p=15363' aria-hidden='false' data-av_icon='\ue805' data-av_iconfont='entypo-fontello' title='' data-avia-related-tooltip='Compartir por correo'><span class='avia_hidden_link_text'>Compartir por correo<\/span><\/a><\/li><\/ul><\/div><\/div>\n<div  style='height:50px' class='hr hr-invisible   avia-builder-el-8  el_after_av_social_share  el_before_av_comments_list '><span class='hr-inner ' ><span class='hr-inner-style'><\/span><\/span><\/div>\n<div  class='av-buildercomment  av-blog-meta-html-info-disabled av-blog-meta-tag-disabled  '><\/div>\n","protected":false},"excerpt":{"rendered":"","protected":false},"author":1,"featured_media":15364,"comment_status":"open","ping_status":"open","sticky":false,"template":"","format":"standard","meta":{"footnotes":""},"categories":[36],"tags":[],"class_list":["post-15363","post","type-post","status-publish","format-standard","has-post-thumbnail","hentry","category-policial"],"jetpack_featured_media_url":"https:\/\/radiorevelacionfm.cl\/wp-content\/uploads\/2022\/04\/untitled-24-1_optimized.jpg","_links":{"self":[{"href":"https:\/\/radiorevelacionfm.cl\/index.php?rest_route=\/wp\/v2\/posts\/15363","targetHints":{"allow":["GET"]}}],"collection":[{"href":"https:\/\/radiorevelacionfm.cl\/index.php?rest_route=\/wp\/v2\/posts"}],"about":[{"href":"https:\/\/radiorevelacionfm.cl\/index.php?rest_route=\/wp\/v2\/types\/post"}],"author":[{"embeddable":true,"href":"https:\/\/radiorevelacionfm.cl\/index.php?rest_route=\/wp\/v2\/users\/1"}],"replies":[{"embeddable":true,"href":"https:\/\/radiorevelacionfm.cl\/index.php?rest_route=%2Fwp%2Fv2%2Fcomments&post=15363"}],"version-history":[{"count":2,"href":"https:\/\/radiorevelacionfm.cl\/index.php?rest_route=\/wp\/v2\/posts\/15363\/revisions"}],"predecessor-version":[{"id":15366,"href":"https:\/\/radiorevelacionfm.cl\/index.php?rest_route=\/wp\/v2\/posts\/15363\/revisions\/15366"}],"wp:featuredmedia":[{"embeddable":true,"href":"https:\/\/radiorevelacionfm.cl\/index.php?rest_route=\/wp\/v2\/media\/15364"}],"wp:attachment":[{"href":"https:\/\/radiorevelacionfm.cl\/index.php?rest_route=%2Fwp%2Fv2%2Fmedia&parent=15363"}],"wp:term":[{"taxonomy":"category","embeddable":true,"href":"https:\/\/radiorevelacionfm.cl\/index.php?rest_route=%2Fwp%2Fv2%2Fcategories&post=15363"},{"taxonomy":"post_tag","embeddable":true,"href":"https:\/\/radiorevelacionfm.cl\/index.php?rest_route=%2Fwp%2Fv2%2Ftags&post=15363"}],"curies":[{"name":"wp","href":"https:\/\/api.w.org\/{rel}","templated":true}]}}