{"id":15353,"date":"2022-04-01T18:17:47","date_gmt":"2022-04-01T21:17:47","guid":{"rendered":"https:\/\/radiorevelacionfm.cl\/?p=15353"},"modified":"2022-04-01T18:17:47","modified_gmt":"2022-04-01T21:17:47","slug":"con-el-izamiento-del-pabellon-nacional-carabineros-inicia-su-mes-aniversario-n-95","status":"publish","type":"post","link":"https:\/\/radiorevelacionfm.cl\/?p=15353","title":{"rendered":"Con el izamiento del pabell\u00f3n nacional Carabineros inicia su mes aniversario N\u00b0 95"},"content":{"rendered":"<div class=\"flex_column av_one_full  flex_column_div av-zero-column-padding first  avia-builder-el-0  el_before_av_one_full  avia-builder-el-first  \" style='border-radius:0px; '><div  class='avia-image-container  av-styling-    avia-builder-el-1  avia-builder-el-no-sibling  avia-align-center '  itemprop=\"image\" itemscope=\"itemscope\" itemtype=\"https:\/\/schema.org\/ImageObject\"  ><div class='avia-image-container-inner'><div class='avia-image-overlay-wrap'><img decoding=\"async\" class='wp-image-15355 avia-img-lazy-loading-not-15355 avia_image' src=\"https:\/\/radiorevelacionfm.cl\/wp-content\/uploads\/2022\/04\/Aniversario-95_0-1.jpg\" alt='' title='Aniversario 95_0 (1)' height=\"600\" width=\"1057\"  itemprop=\"thumbnailUrl\" srcset=\"https:\/\/radiorevelacionfm.cl\/wp-content\/uploads\/2022\/04\/Aniversario-95_0-1.jpg 1057w, https:\/\/radiorevelacionfm.cl\/wp-content\/uploads\/2022\/04\/Aniversario-95_0-1-300x170.jpg 300w, https:\/\/radiorevelacionfm.cl\/wp-content\/uploads\/2022\/04\/Aniversario-95_0-1-1030x585.jpg 1030w, https:\/\/radiorevelacionfm.cl\/wp-content\/uploads\/2022\/04\/Aniversario-95_0-1-768x436.jpg 768w, https:\/\/radiorevelacionfm.cl\/wp-content\/uploads\/2022\/04\/Aniversario-95_0-1-705x400.jpg 705w, https:\/\/radiorevelacionfm.cl\/wp-content\/uploads\/2022\/04\/Aniversario-95_0-1-600x341.jpg 600w\" sizes=\"(max-width: 1057px) 100vw, 1057px\" \/><\/div><\/div><\/div><\/div><div class=\"flex_column av_one_full  flex_column_div av-zero-column-padding first  avia-builder-el-2  el_after_av_one_full  el_before_av_one_full  column-top-margin\" style='border-radius:0px; '><section class=\"av_textblock_section \"  itemscope=\"itemscope\" itemtype=\"https:\/\/schema.org\/BlogPosting\" itemprop=\"blogPost\" ><div class='avia_textblock  '   itemprop=\"text\" ><p style=\"text-align: center;\"><strong><span style=\"font-size: 18pt;\">Con el izamiento del pabell\u00f3n nacional Carabineros inicia su mes aniversario N\u00b0 95 <\/span><\/strong><\/p>\n<div id=\"gtx-trans\" style=\"position: absolute; left: -50px; top: 4.31534px;\">\n<div class=\"gtx-trans-icon\"><\/div>\n<\/div>\n<\/div><\/section><\/div><div class=\"flex_column av_one_full  flex_column_div av-zero-column-padding first  avia-builder-el-4  el_after_av_one_full  el_before_av_hr  column-top-margin\" style='border-radius:0px; '><section class=\"av_textblock_section \"  itemscope=\"itemscope\" itemtype=\"https:\/\/schema.org\/BlogPosting\" itemprop=\"blogPost\" ><div class='avia_textblock  '   itemprop=\"text\" ><p class=\"v1MsoNormal\" style=\"text-align: justify;\">Con el izamiento del pabell\u00f3n nacional, Carabineros de Chile en la regi\u00f3n de Ays\u00e9n, dio inicio al mes aniversario N\u00b0 95 de la Instituci\u00f3n, acto que se realiz\u00f3 en la Plaza Mirador R\u00edo Coyhaique de esta ciudad.<\/p>\n<p class=\"v1MsoNormal\" style=\"text-align: justify;\">La tradicional ceremonia cont\u00f3 con la presencia del Delegado Presidencial Regional de Ays\u00e9n, Rodrigo Araya Morales y la Concejal de la comuna de Coyhaique, Yohana Hern\u00e1ndez, sumado al Coronel Paulo Pino Molina, Jefe de la Prefectura de Carabineros Ays\u00e9n, Oficiales Jefes, Oficiales Subalternos y personal.<\/p>\n<p class=\"v1MsoNormal\" style=\"text-align: justify;\">Tras el acto, el Delegado Presidencial Regional de Ays\u00e9n, Rodrigo Araya Morales, indic\u00f3 que para el Gobierno la seguridad p\u00fablica es un tema relevante y en el Ministerio del Interior est\u00e1n alojadas las coordinaciones con la seguridad ciudadana en todo el pa\u00eds, destacando la presentaci\u00f3n en el inicio del mes institucional.<\/p>\n<p class=\"v1MsoNormal\" style=\"text-align: justify;\">Por su parte la concejal de Coyhaique, Yohana Hern\u00e1ndez, destac\u00f3 la importancia de la seguridad ciudadana y agradeci\u00f3 el trabajo de Carabineros en servicios de tr\u00e1nsito en colegios de la comuna y en toda la regi\u00f3n de Ays\u00e9n.<\/p>\n<p class=\"v1MsoNormal\" style=\"text-align: justify;\">Asimismo el Coronel Paulo Pino Molina, Prefecto de Carabineros Ays\u00e9n, se\u00f1al\u00f3 que la Instituci\u00f3n trabaja de cara al carabinero del centenario y en adaptarse a los procesos que ello conlleva, como expresi\u00f3n de una polic\u00eda moderna e integrada al servicio de la comunidad.<\/p>\n<p class=\"v1MsoNormal\" style=\"text-align: justify;\"><b>Rumbo al carabinero del centenario<\/b><\/p>\n<p class=\"v1MsoNormal\" style=\"text-align: justify;\">Los chilenos reconocen, valoran y aprecian el compromiso de sus carabineros, por otorgar seguridad y resguardo en todo el territorio, porque en el contexto de los 95 a\u00f1os de existencia, los hombres y mujeres que componen nuestra Instituci\u00f3n saben que se debe seguir avanzando y creciendo, m\u00e1s a\u00fan en el actual proceso de modernizaci\u00f3n y reforma que se lleva adelante del Carabinero del Centenario.<\/p>\n<p class=\"v1MsoNormal\" style=\"text-align: justify;\">Tal como lo ha expresado el General Director, Ricardo Y\u00e1\u00f1ez Reveco, un carabinero mejor preparado y con mejores herramientas entrega m\u00e1s seguridad. La reforma institucional ha sido y es una enorme oportunidad para ser mejores carabineros, con una alta efectividad en la persecuci\u00f3n criminal fortaleciendo los lazos de confianza con la ciudadan\u00eda.<\/p>\n<p class=\"v1MsoNormal\" style=\"text-align: justify;\">Cada carabinero es un agente real de cambio, lo cual es el reflejo de una organizaci\u00f3n viva y activa que trabaja para cumplir el centenario como una polic\u00eda moderna, ciudadana, legitimada y respetada.<\/p>\n<p class=\"v1MsoNormal\" style=\"text-align: justify;\">Son los carabineros quienes hacen realidad t\u00e9rminos como protecci\u00f3n, ayuda, colaboraci\u00f3n, auxilio, dar eficacia al derecho, llevando orden y patria a cada rinc\u00f3n del pa\u00eds, huella y honor que hoy siguen las nuevas generaciones que integran las filas, haciendo eco de nuestros antepasados que rindieron la vida en el cumplimiento del deber.<\/p>\n<p class=\"v1MsoNormal\" style=\"text-align: justify;\">Durante sus 95 a\u00f1os de vida, Carabineros de Chile contin\u00faa generando una permanente e inalterable presencia en el coraz\u00f3n e historia de nuestro pa\u00eds.<\/p>\n<\/div><\/section><\/div><div  style='height:50px' class='hr hr-invisible   avia-builder-el-6  el_after_av_one_full  el_before_av_social_share '><span class='hr-inner ' ><span class='hr-inner-style'><\/span><\/span><\/div><\/p>\n<div  class='av-social-sharing-box  avia-builder-el-7  el_after_av_hr  el_before_av_hr  '><div class='av-share-box'><h5 class='av-share-link-description av-no-toc '>Compartir esta noticia<\/h5><ul class='av-share-box-list noLightbox'><li class='av-share-link av-social-link-facebook' ><a target=\"_blank\" aria-label=\"Compartir en Facebook\" href='https:\/\/www.facebook.com\/sharer.php?u=https:\/\/radiorevelacionfm.cl\/?p=15353&#038;t=Con%20el%20izamiento%20del%20pabell%C3%B3n%20nacional%20Carabineros%20inicia%20su%20mes%20aniversario%20N%C2%B0%2095' aria-hidden='false' data-av_icon='\ue8f3' data-av_iconfont='entypo-fontello' title='' data-avia-related-tooltip='Compartir en Facebook' rel=\"noopener\"><span class='avia_hidden_link_text'>Compartir en Facebook<\/span><\/a><\/li><li class='av-share-link av-social-link-twitter' ><a target=\"_blank\" aria-label=\"Compartir en Twitter\" href='https:\/\/twitter.com\/share?text=Con%20el%20izamiento%20del%20pabell%C3%B3n%20nacional%20Carabineros%20inicia%20su%20mes%20aniversario%20N%C2%B0%2095&#038;url=https:\/\/radiorevelacionfm.cl\/?p=15353' aria-hidden='false' data-av_icon='\ue8f1' data-av_iconfont='entypo-fontello' title='' data-avia-related-tooltip='Compartir en Twitter' rel=\"noopener\"><span class='avia_hidden_link_text'>Compartir en Twitter<\/span><\/a><\/li><li class='av-share-link av-social-link-whatsapp' ><a target=\"_blank\" aria-label=\"Compartir en Whatsapp\" href='https:\/\/api.whatsapp.com\/send?text=https:\/\/radiorevelacionfm.cl\/?p=15353' aria-hidden='false' data-av_icon='\uf232' data-av_iconfont='entypo-fontello' title='' data-avia-related-tooltip='Compartir en Whatsapp' rel=\"noopener\"><span class='avia_hidden_link_text'>Compartir en Whatsapp<\/span><\/a><\/li><li class='av-share-link av-social-link-linkedin' ><a target=\"_blank\" aria-label=\"Compartir en LinkedIn\" href='https:\/\/linkedin.com\/shareArticle?mini=true&#038;title=Con%20el%20izamiento%20del%20pabell%C3%B3n%20nacional%20Carabineros%20inicia%20su%20mes%20aniversario%20N%C2%B0%2095&#038;url=https:\/\/radiorevelacionfm.cl\/?p=15353' aria-hidden='false' data-av_icon='\ue8fc' data-av_iconfont='entypo-fontello' title='' data-avia-related-tooltip='Compartir en LinkedIn' rel=\"noopener\"><span class='avia_hidden_link_text'>Compartir en LinkedIn<\/span><\/a><\/li><li class='av-share-link av-social-link-mail' ><a  aria-label=\"Compartir por correo\" href='mailto:?subject=Con%20el%20izamiento%20del%20pabell%C3%B3n%20nacional%20Carabineros%20inicia%20su%20mes%20aniversario%20N%C2%B0%2095&#038;body=https:\/\/radiorevelacionfm.cl\/?p=15353' aria-hidden='false' data-av_icon='\ue805' data-av_iconfont='entypo-fontello' title='' data-avia-related-tooltip='Compartir por correo'><span class='avia_hidden_link_text'>Compartir por correo<\/span><\/a><\/li><\/ul><\/div><\/div>\n<div  style='height:50px' class='hr hr-invisible   avia-builder-el-8  el_after_av_social_share  el_before_av_comments_list '><span class='hr-inner ' ><span class='hr-inner-style'><\/span><\/span><\/div>\n<div  class='av-buildercomment  av-blog-meta-html-info-disabled av-blog-meta-tag-disabled  '><\/div>\n","protected":false},"excerpt":{"rendered":"","protected":false},"author":1,"featured_media":15355,"comment_status":"open","ping_status":"open","sticky":false,"template":"","format":"standard","meta":{"footnotes":""},"categories":[36],"tags":[],"class_list":["post-15353","post","type-post","status-publish","format-standard","has-post-thumbnail","hentry","category-policial"],"jetpack_featured_media_url":"https:\/\/radiorevelacionfm.cl\/wp-content\/uploads\/2022\/04\/Aniversario-95_0-1.jpg","_links":{"self":[{"href":"https:\/\/radiorevelacionfm.cl\/index.php?rest_route=\/wp\/v2\/posts\/15353","targetHints":{"allow":["GET"]}}],"collection":[{"href":"https:\/\/radiorevelacionfm.cl\/index.php?rest_route=\/wp\/v2\/posts"}],"about":[{"href":"https:\/\/radiorevelacionfm.cl\/index.php?rest_route=\/wp\/v2\/types\/post"}],"author":[{"embeddable":true,"href":"https:\/\/radiorevelacionfm.cl\/index.php?rest_route=\/wp\/v2\/users\/1"}],"replies":[{"embeddable":true,"href":"https:\/\/radiorevelacionfm.cl\/index.php?rest_route=%2Fwp%2Fv2%2Fcomments&post=15353"}],"version-history":[{"count":2,"href":"https:\/\/radiorevelacionfm.cl\/index.php?rest_route=\/wp\/v2\/posts\/15353\/revisions"}],"predecessor-version":[{"id":15357,"href":"https:\/\/radiorevelacionfm.cl\/index.php?rest_route=\/wp\/v2\/posts\/15353\/revisions\/15357"}],"wp:featuredmedia":[{"embeddable":true,"href":"https:\/\/radiorevelacionfm.cl\/index.php?rest_route=\/wp\/v2\/media\/15355"}],"wp:attachment":[{"href":"https:\/\/radiorevelacionfm.cl\/index.php?rest_route=%2Fwp%2Fv2%2Fmedia&parent=15353"}],"wp:term":[{"taxonomy":"category","embeddable":true,"href":"https:\/\/radiorevelacionfm.cl\/index.php?rest_route=%2Fwp%2Fv2%2Fcategories&post=15353"},{"taxonomy":"post_tag","embeddable":true,"href":"https:\/\/radiorevelacionfm.cl\/index.php?rest_route=%2Fwp%2Fv2%2Ftags&post=15353"}],"curies":[{"name":"wp","href":"https:\/\/api.w.org\/{rel}","templated":true}]}}