{"id":15350,"date":"2022-04-01T19:12:42","date_gmt":"2022-04-01T22:12:42","guid":{"rendered":"https:\/\/radiorevelacionfm.cl\/?p=15350"},"modified":"2022-04-01T19:12:42","modified_gmt":"2022-04-01T22:12:42","slug":"seremi-de-educacion-sobre-atraso-en-pago-de-remuneraciones-a-profesores-esperamos-que-se-resuelva-esta-situacion-a-la-brevedad","status":"publish","type":"post","link":"https:\/\/radiorevelacionfm.cl\/?p=15350","title":{"rendered":"Seremi de Educaci\u00f3n sobre atraso en pago de remuneraciones a profesores: \u00abEsperamos que se resuelva esta situaci\u00f3n a la brevedad\u00bb"},"content":{"rendered":"<div class=\"flex_column av_one_full  flex_column_div av-zero-column-padding first  avia-builder-el-0  el_before_av_one_full  avia-builder-el-first  \" style='border-radius:0px; '><div  class='avia-image-container  av-styling-    avia-builder-el-1  avia-builder-el-no-sibling  avia-align-center '  itemprop=\"image\" itemscope=\"itemscope\" itemtype=\"https:\/\/schema.org\/ImageObject\"  ><div class='avia-image-container-inner'><div class='avia-image-overlay-wrap'><img decoding=\"async\" class='wp-image-15351 avia-img-lazy-loading-not-15351 avia_image' src=\"https:\/\/radiorevelacionfm.cl\/wp-content\/uploads\/2022\/04\/Seremi-Isabel-Garrido-1-1.jpeg\" alt='' title='Seremi Isabel Garrido (1) (1)' height=\"600\" width=\"737\"  itemprop=\"thumbnailUrl\" srcset=\"https:\/\/radiorevelacionfm.cl\/wp-content\/uploads\/2022\/04\/Seremi-Isabel-Garrido-1-1.jpeg 737w, https:\/\/radiorevelacionfm.cl\/wp-content\/uploads\/2022\/04\/Seremi-Isabel-Garrido-1-1-300x244.jpeg 300w, https:\/\/radiorevelacionfm.cl\/wp-content\/uploads\/2022\/04\/Seremi-Isabel-Garrido-1-1-705x574.jpeg 705w, https:\/\/radiorevelacionfm.cl\/wp-content\/uploads\/2022\/04\/Seremi-Isabel-Garrido-1-1-600x488.jpeg 600w\" sizes=\"(max-width: 737px) 100vw, 737px\" \/><\/div><\/div><\/div><\/div><div class=\"flex_column av_one_full  flex_column_div av-zero-column-padding first  avia-builder-el-2  el_after_av_one_full  el_before_av_one_full  column-top-margin\" style='border-radius:0px; '><section class=\"av_textblock_section \"  itemscope=\"itemscope\" itemtype=\"https:\/\/schema.org\/BlogPosting\" itemprop=\"blogPost\" ><div class='avia_textblock  '   itemprop=\"text\" ><p style=\"text-align: center;\"><span style=\"font-size: 18pt;\"><b>Seremi de Educaci\u00f3n sobre atraso en pago de remuneraciones a profesores: \u00abEsperamos que se resuelva esta situaci\u00f3n a la brevedad\u00bb<\/b><\/span><\/p>\n<div id=\"gtx-trans\" style=\"position: absolute; left: -50px; top: 4.31534px;\">\n<div class=\"gtx-trans-icon\"><\/div>\n<\/div>\n<\/div><\/section><\/div><div class=\"flex_column av_one_full  flex_column_div av-zero-column-padding first  avia-builder-el-4  el_after_av_one_full  el_before_av_hr  column-top-margin\" style='border-radius:0px; '><section class=\"av_textblock_section \"  itemscope=\"itemscope\" itemtype=\"https:\/\/schema.org\/BlogPosting\" itemprop=\"blogPost\" ><div class='avia_textblock  '   itemprop=\"text\" ><p style=\"text-align: justify;\">Frente a la situaci\u00f3n que afecta a profesores de dos liceos municipales de la comuna de Coyhaique por el retraso en el pago de sus remuneraciones del mes de marzo, como Serem\u00eda de Educaci\u00f3n, informamos lo siguiente.<\/p>\n<p class=\"v1MsoNormal\" style=\"text-align: justify;\">Esta es una situaci\u00f3n grave y por ello hemos oficiado esta ma\u00f1ana al sostenedor municipal de Coyhaique solicit\u00e1ndole informar el motivo de lo ocurrido. Nos interesa que esta quede resuelta a la brevedad (Hoy) y los profesores reciban su sueldo correspondiente. Nos hemos comunicado adem\u00e1s con representantes de los profesores afectados, a quienes por cierto entregamos nuestro apoyo y solidaridad.<\/p>\n<p class=\"v1MsoNormal\" style=\"text-align: justify;\">Se\u00f1alamos que el Ministerio de Educaci\u00f3n deposit\u00f3 con fecha 25 de marzo el pago de la subvenci\u00f3n escolar a todos los establecimientos municipales y particulares subvencionados de la regi\u00f3n. Estos recursos est\u00e1n destinados al pago de gastos permanentes y obligatorios que aseguren el servicio educativo, entre los cuales es prioritario el pago de los sueldos de las trabajadoras y trabajadores de la educaci\u00f3n.<\/p>\n<p class=\"v1MsoNormal\" style=\"text-align: justify;\">Respecto a los problemas y carencias de infraestructura planteado por docentes y estudiantes de ambos planteles, recordamos que las necesidades detectadas por la comunidad escolar deben ser abordadas por el sostenedor a trav\u00e9s de proyectos de infraestructura. Estas iniciativas pueden ser financiadas con Fondos sectoriales\u00a0<span lang=\"ES\">que permitan el funcionamiento adecuado del servicio educacional los cuales se entregan los sostenedores para que sean gestionados oportunamente.<\/span><\/p>\n<\/div><\/section><\/div><div  style='height:50px' class='hr hr-invisible   avia-builder-el-6  el_after_av_one_full  el_before_av_social_share '><span class='hr-inner ' ><span class='hr-inner-style'><\/span><\/span><\/div><\/p>\n<div  class='av-social-sharing-box  avia-builder-el-7  el_after_av_hr  el_before_av_hr  '><div class='av-share-box'><h5 class='av-share-link-description av-no-toc '>Compartir esta noticia<\/h5><ul class='av-share-box-list noLightbox'><li class='av-share-link av-social-link-facebook' ><a target=\"_blank\" aria-label=\"Compartir en Facebook\" href='https:\/\/www.facebook.com\/sharer.php?u=https:\/\/radiorevelacionfm.cl\/?p=15350&#038;t=Seremi%20de%20Educaci%C3%B3n%20sobre%20atraso%20en%20pago%20de%20remuneraciones%20a%20profesores%3A%20%C2%ABEsperamos%20que%20se%20resuelva%20esta%20situaci%C3%B3n%20a%20la%20brevedad%C2%BB' aria-hidden='false' data-av_icon='\ue8f3' data-av_iconfont='entypo-fontello' title='' data-avia-related-tooltip='Compartir en Facebook' rel=\"noopener\"><span class='avia_hidden_link_text'>Compartir en Facebook<\/span><\/a><\/li><li class='av-share-link av-social-link-twitter' ><a target=\"_blank\" aria-label=\"Compartir en Twitter\" href='https:\/\/twitter.com\/share?text=Seremi%20de%20Educaci%C3%B3n%20sobre%20atraso%20en%20pago%20de%20remuneraciones%20a%20profesores%3A%20%C2%ABEsperamos%20que%20se%20resuelva%20esta%20situaci%C3%B3n%20a%20la%20brevedad%C2%BB&#038;url=https:\/\/radiorevelacionfm.cl\/?p=15350' aria-hidden='false' data-av_icon='\ue8f1' data-av_iconfont='entypo-fontello' title='' data-avia-related-tooltip='Compartir en Twitter' rel=\"noopener\"><span class='avia_hidden_link_text'>Compartir en Twitter<\/span><\/a><\/li><li class='av-share-link av-social-link-whatsapp' ><a target=\"_blank\" aria-label=\"Compartir en Whatsapp\" href='https:\/\/api.whatsapp.com\/send?text=https:\/\/radiorevelacionfm.cl\/?p=15350' aria-hidden='false' data-av_icon='\uf232' data-av_iconfont='entypo-fontello' title='' data-avia-related-tooltip='Compartir en Whatsapp' rel=\"noopener\"><span class='avia_hidden_link_text'>Compartir en Whatsapp<\/span><\/a><\/li><li class='av-share-link av-social-link-linkedin' ><a target=\"_blank\" aria-label=\"Compartir en LinkedIn\" href='https:\/\/linkedin.com\/shareArticle?mini=true&#038;title=Seremi%20de%20Educaci%C3%B3n%20sobre%20atraso%20en%20pago%20de%20remuneraciones%20a%20profesores%3A%20%C2%ABEsperamos%20que%20se%20resuelva%20esta%20situaci%C3%B3n%20a%20la%20brevedad%C2%BB&#038;url=https:\/\/radiorevelacionfm.cl\/?p=15350' aria-hidden='false' data-av_icon='\ue8fc' data-av_iconfont='entypo-fontello' title='' data-avia-related-tooltip='Compartir en LinkedIn' rel=\"noopener\"><span class='avia_hidden_link_text'>Compartir en LinkedIn<\/span><\/a><\/li><li class='av-share-link av-social-link-mail' ><a  aria-label=\"Compartir por correo\" href='mailto:?subject=Seremi%20de%20Educaci%C3%B3n%20sobre%20atraso%20en%20pago%20de%20remuneraciones%20a%20profesores%3A%20%C2%ABEsperamos%20que%20se%20resuelva%20esta%20situaci%C3%B3n%20a%20la%20brevedad%C2%BB&#038;body=https:\/\/radiorevelacionfm.cl\/?p=15350' aria-hidden='false' data-av_icon='\ue805' data-av_iconfont='entypo-fontello' title='' data-avia-related-tooltip='Compartir por correo'><span class='avia_hidden_link_text'>Compartir por correo<\/span><\/a><\/li><\/ul><\/div><\/div>\n<div  style='height:50px' class='hr hr-invisible   avia-builder-el-8  el_after_av_social_share  el_before_av_comments_list '><span class='hr-inner ' ><span class='hr-inner-style'><\/span><\/span><\/div>\n<div  class='av-buildercomment  av-blog-meta-html-info-disabled av-blog-meta-tag-disabled  '><\/div>\n","protected":false},"excerpt":{"rendered":"","protected":false},"author":1,"featured_media":15351,"comment_status":"open","ping_status":"open","sticky":false,"template":"","format":"standard","meta":{"footnotes":""},"categories":[49],"tags":[],"class_list":["post-15350","post","type-post","status-publish","format-standard","has-post-thumbnail","hentry","category-educacion"],"jetpack_featured_media_url":"https:\/\/radiorevelacionfm.cl\/wp-content\/uploads\/2022\/04\/Seremi-Isabel-Garrido-1-1.jpeg","_links":{"self":[{"href":"https:\/\/radiorevelacionfm.cl\/index.php?rest_route=\/wp\/v2\/posts\/15350","targetHints":{"allow":["GET"]}}],"collection":[{"href":"https:\/\/radiorevelacionfm.cl\/index.php?rest_route=\/wp\/v2\/posts"}],"about":[{"href":"https:\/\/radiorevelacionfm.cl\/index.php?rest_route=\/wp\/v2\/types\/post"}],"author":[{"embeddable":true,"href":"https:\/\/radiorevelacionfm.cl\/index.php?rest_route=\/wp\/v2\/users\/1"}],"replies":[{"embeddable":true,"href":"https:\/\/radiorevelacionfm.cl\/index.php?rest_route=%2Fwp%2Fv2%2Fcomments&post=15350"}],"version-history":[{"count":2,"href":"https:\/\/radiorevelacionfm.cl\/index.php?rest_route=\/wp\/v2\/posts\/15350\/revisions"}],"predecessor-version":[{"id":15362,"href":"https:\/\/radiorevelacionfm.cl\/index.php?rest_route=\/wp\/v2\/posts\/15350\/revisions\/15362"}],"wp:featuredmedia":[{"embeddable":true,"href":"https:\/\/radiorevelacionfm.cl\/index.php?rest_route=\/wp\/v2\/media\/15351"}],"wp:attachment":[{"href":"https:\/\/radiorevelacionfm.cl\/index.php?rest_route=%2Fwp%2Fv2%2Fmedia&parent=15350"}],"wp:term":[{"taxonomy":"category","embeddable":true,"href":"https:\/\/radiorevelacionfm.cl\/index.php?rest_route=%2Fwp%2Fv2%2Fcategories&post=15350"},{"taxonomy":"post_tag","embeddable":true,"href":"https:\/\/radiorevelacionfm.cl\/index.php?rest_route=%2Fwp%2Fv2%2Ftags&post=15350"}],"curies":[{"name":"wp","href":"https:\/\/api.w.org\/{rel}","templated":true}]}}