{"id":15347,"date":"2022-04-02T10:04:33","date_gmt":"2022-04-02T13:04:33","guid":{"rendered":"https:\/\/radiorevelacionfm.cl\/?p=15347"},"modified":"2022-04-02T10:04:33","modified_gmt":"2022-04-02T13:04:33","slug":"coyhaique-redujo-significativamente-su-consumo-de-lena-en-la-ultima-decada","status":"publish","type":"post","link":"https:\/\/radiorevelacionfm.cl\/?p=15347","title":{"rendered":"Coyhaique redujo significativamente su consumo de le\u00f1a en la \u00faltima d\u00e9cada"},"content":{"rendered":"<div class=\"flex_column av_one_full  flex_column_div av-zero-column-padding first  avia-builder-el-0  el_before_av_one_full  avia-builder-el-first  \" style='border-radius:0px; '><div  class='avia-image-container  av-styling-    avia-builder-el-1  avia-builder-el-no-sibling  avia-align-center '  itemprop=\"image\" itemscope=\"itemscope\" itemtype=\"https:\/\/schema.org\/ImageObject\"  ><div class='avia-image-container-inner'><div class='avia-image-overlay-wrap'><img decoding=\"async\" class='wp-image-15348 avia-img-lazy-loading-not-15348 avia_image' src=\"https:\/\/radiorevelacionfm.cl\/wp-content\/uploads\/2022\/04\/Cocina-Lena-1.jpg\" alt='' title='Cocina Le\u00f1a (1)' height=\"600\" width=\"790\"  itemprop=\"thumbnailUrl\" srcset=\"https:\/\/radiorevelacionfm.cl\/wp-content\/uploads\/2022\/04\/Cocina-Lena-1.jpg 790w, https:\/\/radiorevelacionfm.cl\/wp-content\/uploads\/2022\/04\/Cocina-Lena-1-300x228.jpg 300w, https:\/\/radiorevelacionfm.cl\/wp-content\/uploads\/2022\/04\/Cocina-Lena-1-768x583.jpg 768w, https:\/\/radiorevelacionfm.cl\/wp-content\/uploads\/2022\/04\/Cocina-Lena-1-705x535.jpg 705w, https:\/\/radiorevelacionfm.cl\/wp-content\/uploads\/2022\/04\/Cocina-Lena-1-600x456.jpg 600w\" sizes=\"(max-width: 790px) 100vw, 790px\" \/><\/div><\/div><\/div><\/div><div class=\"flex_column av_one_full  flex_column_div av-zero-column-padding first  avia-builder-el-2  el_after_av_one_full  el_before_av_one_full  column-top-margin\" style='border-radius:0px; '><section class=\"av_textblock_section \"  itemscope=\"itemscope\" itemtype=\"https:\/\/schema.org\/BlogPosting\" itemprop=\"blogPost\" ><div class='avia_textblock  '   itemprop=\"text\" ><p style=\"text-align: center;\"><span style=\"font-size: 18pt;\"><strong>Coyhaique redujo significativamente su consumo de le\u00f1a en la \u00faltima d\u00e9cada<\/strong><\/span><\/p>\n<div id=\"gtx-trans\" style=\"position: absolute; left: -50px; top: 4.31534px;\">\n<div class=\"gtx-trans-icon\"><\/div>\n<\/div>\n<\/div><\/section><\/div><div class=\"flex_column av_one_full  flex_column_div av-zero-column-padding first  avia-builder-el-4  el_after_av_one_full  el_before_av_hr  column-top-margin\" style='border-radius:0px; '><section class=\"av_textblock_section \"  itemscope=\"itemscope\" itemtype=\"https:\/\/schema.org\/BlogPosting\" itemprop=\"blogPost\" ><div class='avia_textblock  '   itemprop=\"text\" ><p style=\"text-align: justify;\">Una disminuci\u00f3n del 45% en el consumo de le\u00f1a registr\u00f3 la ciudad de Coyhaique entre los a\u00f1os 2009 y 2020, seg\u00fan se desprende del estudio \u201cConsumo de le\u00f1a y otros biocombustibles s\u00f3lidos en la Regi\u00f3n de Ays\u00e9n: adopci\u00f3n acelerada del pellet en la ciudad de Coyhaique y predominio de la le\u00f1a en el resto de la regi\u00f3n\u201d, elaborado por el Instituto Forestal (INFOR), organismo adscrito al Ministerio de Agricultura. El resultado se explica en parte por la implementaci\u00f3n de buenas pol\u00edticas p\u00fablicas, cambios en los h\u00e1bitos de consumo de energ\u00eda y el ingreso del pellet al men\u00fa energ\u00e9tico de las familias.<\/p>\n<p style=\"text-align: justify;\">De acuerdo con el investigador del INFOR y responsable del estudio, Dr. Ren\u00e9 Reyes, <em>\u201c<\/em>este es el primer estudio que aborda el consumo de le\u00f1a en toda la Regi\u00f3n de Ays\u00e9n, pues se basa en encuestas aplicadas en todas las localidades y sectores rurales de la regi\u00f3n, desde La Junta en el norte hasta Villa O \u0301Higgins en el extremo sur\u201d.<\/p>\n<p style=\"text-align: justify;\">Seg\u00fan la investigaci\u00f3n, que consider\u00f3 la aplicaci\u00f3n de encuestas presenciales a una muestra de viviendas en \u00e1reas urbanas y rurales, el 80% del consumo de energ\u00eda en la Regi\u00f3n de Ays\u00e9n proviene de la len\u0303a; el 8% del gas licuado; el 5% de la electricidad; el 5% del pellet; el 1,5% de kerosene y el 0,5% de otras fuentes de energ\u00eda. En \u00e1reas urbanas, el 82% de las viviendas consume le\u00f1a, cifra que llega al 99% en \u00e1reas rurales.<\/p>\n<p style=\"text-align: justify;\">En el caso espec\u00edfico de la ciudad de Coyhaique, que concentra el 28% del consumo regional de le\u00f1a, se observa un fuerte desacople entre crecimiento demogr\u00e1fico y consumo de este combustible. \u201cUno de los factores m\u00e1s importantes que explican este desacople es el menor porcentaje de familias que cocinan con len\u0303a\u201d, explica el investigador de INFOR, Rafael Sanhueza, coautor del estudio. Sanhueza a\u00f1ade que otro de los elementos que est\u00e1 incidiendo en disminuir el consumo de le\u00f1a es el uso de fuentes de energ\u00eda complementarias, como kerosene y pellet, adem\u00e1s de cambios demogr\u00e1ficos que se expresan en familias m\u00e1s peque\u00f1as y un uso menos intenso de la vivienda, y la implementaci\u00f3n del Plan de Descontaminaci\u00f3n Atmosf\u00e9rica (PDA).<\/p>\n<p style=\"text-align: justify;\">Respecto de este \u00faltimo punto, la especialista en temas de eficiencia energ\u00e9tica de INFOR, Dra. Alejandra Schueftan, se\u00f1ala que pol\u00edticas p\u00fablicas como los PDA se han traducido en subsidios de reacondicionamiento t\u00e9rmico de viviendas, el reemplazo de estufas a len\u0303a por otras tecnolog\u00edas y el fomento del uso de len\u0303a seca, acelerando procesos de transici\u00f3n energ\u00e9tica que han permitido la reducci\u00f3n del consumo.<\/p>\n<p style=\"text-align: justify;\">\u201cFortalecer ese proceso, e implementar un plan integral de eficiencia energ\u00e9tica que implique mejorar el programa de reacondicionamiento t\u00e9rmico de viviendas y mayores exigencias para las normas de emisiones de los calefactores a le\u00f1a, ser\u00eda un buen camino. Algo similar deber\u00eda implementarse en Puerto Ays\u00e9n, Cochrane y otras localidades para que toda la regi\u00f3n avance al mismo ritmo\u201d, enfatiza la Dra. Schueftan, quien tambi\u00e9n es coautora del estudio.<\/p>\n<p style=\"text-align: justify;\"><strong>El rol del pellet<\/strong><\/p>\n<p style=\"text-align: justify;\">No obstante, el factor que m\u00e1s ha incidido en desacoplar el crecimiento de la ciudad con el consumo urbano de len\u0303a ha sido la transici\u00f3n hacia el pellet. \u201cDe acuerdo con este estudio, el 27% de las viviendas de la ciudad de Coyhaique consumen pellet. El 70% de ellas solo consumen pellet y el 30% restante lo combinan con len\u0303a. El pellet es un actor relativamente nuevo en el escenario energ\u00e9tico de la ciudad, entrando con mucha fuerza a partir del 2018 de la mano de la implementaci\u00f3n del PDA\u201d, explica la Dra. Schueftan.<\/p>\n<p style=\"text-align: justify;\">De hecho, seg\u00fan los datos levantados por INFOR, el consumo actual de pellet en Coyhaique es de aproximadamente 3 mil kilos por vivienda al a\u00f1o, casi el doble de lo que registra, por ejemplo, Puerto Montt, y mucho mayor a lo observado en otras ciudades del pa\u00eds.<\/p>\n<p style=\"text-align: justify;\">Para el investigador Rafael Sanhueza, el aumento del consumo de pellet y, con ello, un menor consumo de le\u00f1a en Coyhaique es importante, tanto desde el punto de vista ambiental, ya que se reduce la presi\u00f3n sobre el bosque nativo, como desde lo sanitario, ya que permite disminuir los \u00edndices de contaminaci\u00f3n atmosf\u00e9rica urbana producto del uso ineficiente de la le\u00f1a.<\/p>\n<p style=\"text-align: justify;\">Lo anterior es relevante en Coyhaique, que ha sido considerada los \u00faltimos a\u00f1os una de las ciudades con peores indicadores de calidad del aire en el continente americano.<\/p>\n<p style=\"text-align: justify;\">\u201cConsiderando el aumento de precio del gas licuado y los combustibles f\u00f3siles en general, que se viene observando en los \u00faltimos a\u00f1os, y el alto costo de la electricidad, la \u00fanica posibilidad que tienen ciudades como Coyhaique para reducir la contaminaci\u00f3n atmosf\u00e9rica es fortalecer el programa de recambio de calefactores, priorizando el pellet, e implementar un plan integral de eficiencia energ\u00e9tica para hacer m\u00e1s limpio y eficiente el uso de le\u00f1a\u201d, resume Sanhueza.<\/p>\n<p style=\"text-align: justify;\"><strong>El impacto en el bosque nativo<\/strong><\/p>\n<p style=\"text-align: justify;\">La Regi\u00f3n de Ays\u00e9n registra el consumo de le\u00f1a por habitante m\u00e1s alto del pa\u00eds (5,5 m3 s\u00f3lidos\/a\u00f1o) y del mundo. \u201cNi siquiera en el \u00c1frica Sub-Sahariana se consume tanta le\u00f1a por persona como en la Regi\u00f3n de Ays\u00e9n\u201d, se\u00f1ala el Dr. Reyes, en base a las estad\u00edsticas de la Organizaci\u00f3n de las Naciones Unidas para la Alimentaci\u00f3n y la Agricultura (FAO).<\/p>\n<p style=\"text-align: justify;\">Seg\u00fan el estudio de INFOR, las razones que explican este alto consumo de le\u00f1a son el clima de la regi\u00f3n, la alta disponibilidad de biomasa, debido a la abundancia de bosques nativos, plantaciones forestales y \u00e1reas cubiertas por pinos asilvestrados, y los serios problemas de conectividad que hist\u00f3ricamente han dificultado el acceso a otras fuentes de energi\u0301a.<\/p>\n<p style=\"text-align: justify;\">\u201cSin embargo, pr\u00e1cticamente el 100% de la len\u0303a que se consume en la regi\u00f3n proviene de bosques nativos, muchos de los cuales se cortan de manera ilegal, o legal, pero con pr\u00e1cticas de manejo que no siempre son las m\u00e1s adecuadas. Este escenario es diferente a lo que ocurre en las regiones de Los R\u00edos y Los Lagos, donde el abastecimiento de len\u0303a depende crecientemente de la cosecha de plantaciones de especies ex\u00f3ticas, las que han reducido la presi\u00f3n sobre el bosque nativo\u201d, detalla el Dr. Ren\u00e9 Reyes.<\/p>\n<p style=\"text-align: justify;\">Seg\u00fan los datos de INFOR, el 73% de la le\u00f1a que se consume en la ciudad de Coyhaique corresponde a lenga; el 13% a n\u0303irre y el 14% a otras especies. En Puerto Ays\u00e9n, en cambio, el 85% de lo consumido es lenga; el 1% n\u0303irre; el 3% coigu\u0308e y el 12% contempla otras especies. En ambas ciudades se observa un agotamiento gradual del n\u0303irre, y una mayor dependencia relativa de lenga.<\/p>\n<p style=\"text-align: justify;\">El estudio \u201cConsumo de le\u00f1a y otros biocombustibles s\u00f3lidos en la Regi\u00f3n de Ays\u00e9n: adopci\u00f3n acelerada del pellet en la ciudad de Coyhaique, y predominio de la le\u00f1a en el resto de la regi\u00f3n\u201d, est\u00e1 disponible en la web observatoriobes.infor.cl<\/p>\n<\/div><\/section><\/div><div  style='height:50px' class='hr hr-invisible   avia-builder-el-6  el_after_av_one_full  el_before_av_social_share '><span class='hr-inner ' ><span class='hr-inner-style'><\/span><\/span><\/div><\/p>\n<div  class='av-social-sharing-box  avia-builder-el-7  el_after_av_hr  el_before_av_hr  '><div class='av-share-box'><h5 class='av-share-link-description av-no-toc '>Compartir esta noticia<\/h5><ul class='av-share-box-list noLightbox'><li class='av-share-link av-social-link-facebook' ><a target=\"_blank\" aria-label=\"Compartir en Facebook\" href='https:\/\/www.facebook.com\/sharer.php?u=https:\/\/radiorevelacionfm.cl\/?p=15347&#038;t=Coyhaique%20redujo%20significativamente%20su%20consumo%20de%20le%C3%B1a%20en%20la%20%C3%BAltima%20d%C3%A9cada' aria-hidden='false' data-av_icon='\ue8f3' data-av_iconfont='entypo-fontello' title='' data-avia-related-tooltip='Compartir en Facebook' rel=\"noopener\"><span class='avia_hidden_link_text'>Compartir en Facebook<\/span><\/a><\/li><li class='av-share-link av-social-link-twitter' ><a target=\"_blank\" aria-label=\"Compartir en Twitter\" href='https:\/\/twitter.com\/share?text=Coyhaique%20redujo%20significativamente%20su%20consumo%20de%20le%C3%B1a%20en%20la%20%C3%BAltima%20d%C3%A9cada&#038;url=https:\/\/radiorevelacionfm.cl\/?p=15347' aria-hidden='false' data-av_icon='\ue8f1' data-av_iconfont='entypo-fontello' title='' data-avia-related-tooltip='Compartir en Twitter' rel=\"noopener\"><span class='avia_hidden_link_text'>Compartir en Twitter<\/span><\/a><\/li><li class='av-share-link av-social-link-whatsapp' ><a target=\"_blank\" aria-label=\"Compartir en Whatsapp\" href='https:\/\/api.whatsapp.com\/send?text=https:\/\/radiorevelacionfm.cl\/?p=15347' aria-hidden='false' data-av_icon='\uf232' data-av_iconfont='entypo-fontello' title='' data-avia-related-tooltip='Compartir en Whatsapp' rel=\"noopener\"><span class='avia_hidden_link_text'>Compartir en Whatsapp<\/span><\/a><\/li><li class='av-share-link av-social-link-linkedin' ><a target=\"_blank\" aria-label=\"Compartir en LinkedIn\" href='https:\/\/linkedin.com\/shareArticle?mini=true&#038;title=Coyhaique%20redujo%20significativamente%20su%20consumo%20de%20le%C3%B1a%20en%20la%20%C3%BAltima%20d%C3%A9cada&#038;url=https:\/\/radiorevelacionfm.cl\/?p=15347' aria-hidden='false' data-av_icon='\ue8fc' data-av_iconfont='entypo-fontello' title='' data-avia-related-tooltip='Compartir en LinkedIn' rel=\"noopener\"><span class='avia_hidden_link_text'>Compartir en LinkedIn<\/span><\/a><\/li><li class='av-share-link av-social-link-mail' ><a  aria-label=\"Compartir por correo\" href='mailto:?subject=Coyhaique%20redujo%20significativamente%20su%20consumo%20de%20le%C3%B1a%20en%20la%20%C3%BAltima%20d%C3%A9cada&#038;body=https:\/\/radiorevelacionfm.cl\/?p=15347' aria-hidden='false' data-av_icon='\ue805' data-av_iconfont='entypo-fontello' title='' data-avia-related-tooltip='Compartir por correo'><span class='avia_hidden_link_text'>Compartir por correo<\/span><\/a><\/li><\/ul><\/div><\/div>\n<div  style='height:50px' class='hr hr-invisible   avia-builder-el-8  el_after_av_social_share  el_before_av_comments_list '><span class='hr-inner ' ><span class='hr-inner-style'><\/span><\/span><\/div>\n<div  class='av-buildercomment  av-blog-meta-html-info-disabled av-blog-meta-tag-disabled  '><\/div>\n","protected":false},"excerpt":{"rendered":"","protected":false},"author":1,"featured_media":15348,"comment_status":"open","ping_status":"open","sticky":false,"template":"","format":"standard","meta":{"footnotes":""},"categories":[38],"tags":[],"class_list":["post-15347","post","type-post","status-publish","format-standard","has-post-thumbnail","hentry","category-regional"],"jetpack_featured_media_url":"https:\/\/radiorevelacionfm.cl\/wp-content\/uploads\/2022\/04\/Cocina-Lena-1.jpg","_links":{"self":[{"href":"https:\/\/radiorevelacionfm.cl\/index.php?rest_route=\/wp\/v2\/posts\/15347","targetHints":{"allow":["GET"]}}],"collection":[{"href":"https:\/\/radiorevelacionfm.cl\/index.php?rest_route=\/wp\/v2\/posts"}],"about":[{"href":"https:\/\/radiorevelacionfm.cl\/index.php?rest_route=\/wp\/v2\/types\/post"}],"author":[{"embeddable":true,"href":"https:\/\/radiorevelacionfm.cl\/index.php?rest_route=\/wp\/v2\/users\/1"}],"replies":[{"embeddable":true,"href":"https:\/\/radiorevelacionfm.cl\/index.php?rest_route=%2Fwp%2Fv2%2Fcomments&post=15347"}],"version-history":[{"count":2,"href":"https:\/\/radiorevelacionfm.cl\/index.php?rest_route=\/wp\/v2\/posts\/15347\/revisions"}],"predecessor-version":[{"id":15372,"href":"https:\/\/radiorevelacionfm.cl\/index.php?rest_route=\/wp\/v2\/posts\/15347\/revisions\/15372"}],"wp:featuredmedia":[{"embeddable":true,"href":"https:\/\/radiorevelacionfm.cl\/index.php?rest_route=\/wp\/v2\/media\/15348"}],"wp:attachment":[{"href":"https:\/\/radiorevelacionfm.cl\/index.php?rest_route=%2Fwp%2Fv2%2Fmedia&parent=15347"}],"wp:term":[{"taxonomy":"category","embeddable":true,"href":"https:\/\/radiorevelacionfm.cl\/index.php?rest_route=%2Fwp%2Fv2%2Fcategories&post=15347"},{"taxonomy":"post_tag","embeddable":true,"href":"https:\/\/radiorevelacionfm.cl\/index.php?rest_route=%2Fwp%2Fv2%2Ftags&post=15347"}],"curies":[{"name":"wp","href":"https:\/\/api.w.org\/{rel}","templated":true}]}}