{"id":15343,"date":"2022-04-01T17:22:47","date_gmt":"2022-04-01T20:22:47","guid":{"rendered":"https:\/\/radiorevelacionfm.cl\/?p=15343"},"modified":"2022-04-01T17:22:47","modified_gmt":"2022-04-01T20:22:47","slug":"piden-flexibilizar-requisitos-sanitarios-para-potenciar-conectividad-terrestre-de-chile-chico-por-argentina","status":"publish","type":"post","link":"https:\/\/radiorevelacionfm.cl\/?p=15343","title":{"rendered":"Piden flexibilizar requisitos sanitarios para potenciar conectividad terrestre de Chile Chico por Argentina"},"content":{"rendered":"<div class=\"flex_column av_one_full  flex_column_div av-zero-column-padding first  avia-builder-el-0  el_before_av_one_full  avia-builder-el-first  \" style='border-radius:0px; '><div  class='avia-image-container  av-styling-    avia-builder-el-1  avia-builder-el-no-sibling  avia-align-center '  itemprop=\"image\" itemscope=\"itemscope\" itemtype=\"https:\/\/schema.org\/ImageObject\"  ><div class='avia-image-container-inner'><div class='avia-image-overlay-wrap'><img decoding=\"async\" class='wp-image-15344 avia-img-lazy-loading-not-15344 avia_image' src=\"https:\/\/radiorevelacionfm.cl\/wp-content\/uploads\/2022\/04\/foto-reu-chch1-1_optimized.jpg\" alt='' title='foto-reu-chch1-(1)_optimized' height=\"600\" width=\"1015\"  itemprop=\"thumbnailUrl\" srcset=\"https:\/\/radiorevelacionfm.cl\/wp-content\/uploads\/2022\/04\/foto-reu-chch1-1_optimized.jpg 1015w, https:\/\/radiorevelacionfm.cl\/wp-content\/uploads\/2022\/04\/foto-reu-chch1-1_optimized-300x177.jpg 300w, https:\/\/radiorevelacionfm.cl\/wp-content\/uploads\/2022\/04\/foto-reu-chch1-1_optimized-768x454.jpg 768w, https:\/\/radiorevelacionfm.cl\/wp-content\/uploads\/2022\/04\/foto-reu-chch1-1_optimized-705x417.jpg 705w, https:\/\/radiorevelacionfm.cl\/wp-content\/uploads\/2022\/04\/foto-reu-chch1-1_optimized-600x355.jpg 600w\" sizes=\"(max-width: 1015px) 100vw, 1015px\" \/><\/div><\/div><\/div><\/div><div class=\"flex_column av_one_full  flex_column_div av-zero-column-padding first  avia-builder-el-2  el_after_av_one_full  el_before_av_one_full  column-top-margin\" style='border-radius:0px; '><section class=\"av_textblock_section \"  itemscope=\"itemscope\" itemtype=\"https:\/\/schema.org\/BlogPosting\" itemprop=\"blogPost\" ><div class='avia_textblock  '   itemprop=\"text\" ><p style=\"text-align: center;\"><strong><span style=\"font-size: 18pt;\">Piden flexibilizar requisitos sanitarios para potenciar conectividad terrestre de Chile Chico por Argentina<\/span><\/strong><\/p>\n<div id=\"gtx-trans\" style=\"position: absolute; left: -50px; top: 4.31534px;\">\n<div class=\"gtx-trans-icon\"><\/div>\n<\/div>\n<\/div><\/section><\/div><div class=\"flex_column av_one_full  flex_column_div av-zero-column-padding first  avia-builder-el-4  el_after_av_one_full  el_before_av_hr  column-top-margin\" style='border-radius:0px; '><section class=\"av_textblock_section \"  itemscope=\"itemscope\" itemtype=\"https:\/\/schema.org\/BlogPosting\" itemprop=\"blogPost\" ><div class='avia_textblock  '   itemprop=\"text\" ><p style=\"font-weight: 400; text-align: justify;\">En el marco del trabajo en terreno que est\u00e1 realizando en Chile Chico, el diputado Miguel \u00c1ngel Calisto junto al concejal Ariel Keim se reunieron con el Delegado Presidencial Provincial de General Carrera, Daniel Fern\u00e1ndez, con quien conversaron sobre la necesidad de agilizar el mejoramiento de la conectividad lacustre y flexibilizar los requisitos sanitarios para potenciar la conectividad terrestre por Argentina.<\/p>\n<p style=\"font-weight: 400; text-align: justify;\">Seg\u00fan el diputado Calisto, \u201cestamos haciendo dos gestiones que son importantes, en primer lugar una reuni\u00f3n que queremos sostener con el Ministro de Transportes en Santiago para poder agilizar el mejoramiento de la conectividad lacustre ac\u00e1 en Chile Chico. Todos sabemos que es un problema grave, es una necesidad urgente el que tengamos un sistema que de seguridad a los vecinos de Chile Chico e Ib\u00e1\u00f1ez en el Lago General Carrera\u201d.<\/p>\n<p style=\"font-weight: 400; text-align: justify;\">\u201cHoy se ha renovado el contrato de la Chelenco, pero sabemos que no es suficiente. Se prev\u00e9 la puesta en marcha de la Pilchero, lo que nos parece bien, pero necesitamos que la Tehuelche tambi\u00e9n empiece a funcionar lo antes posible, y que tengamos otras opciones, porque de lo contrario nos vamos a encontrar nuevamente con un problema grave relacionado a la conectividad\u201d, se\u00f1al\u00f3.<\/p>\n<p style=\"font-weight: 400; text-align: justify;\">El legislador afirm\u00f3 que \u201cen segundo lugar, estamos haciendo gestiones para que se permita el paso por Argentina, para permitir la conectividad desde Chile Chico por el paso Huemules hacia Balmaceda, sin la exigencia del examen PCR. Esto es fundamental, porque necesitamos tener una alternativa de conectividad m\u00e1s pronta, m\u00e1s cercana y segura que permita conectar con el centro de la regi\u00f3n.<\/p>\n<p style=\"font-weight: 400; text-align: justify;\">\u201cRespaldo absolutamente las gestiones que est\u00e1 haciendo el delegado provincial, como tambi\u00e9n el trabajo que realizan nuestros concejales Ariel Keim y Mario Figueroa\u201d, indic\u00f3 el legislador.<\/p>\n<p style=\"font-weight: 400; text-align: justify;\">Seg\u00fan el concejal Ariel Keim, \u201cjunto al diputado sostuvimos distintas reuniones en Chile Chico, Puerto Guadal y Mall\u00edn Grande, y una de las principales demandas era la conectividad, tanto lacustre, terrestre y digital. Vamos a quedar muy atentos a las gestiones que comprometi\u00f3 el diputado Miguel \u00c1ngel Calisto de poder llevar estos requerimientos con las autoridades a nivel central.<\/p>\n<p style=\"font-weight: 400; text-align: justify;\">\u201cOjal\u00e1 podamos tener en el corto plazo alguna respuesta concreta para poder garantizar una conectividad asegurada. Hoy en d\u00eda no tenemos barcaza Tehuelche, no tenemos barcaza Pilchero, s\u00f3lo tenemos la Chelenco que se est\u00e1 contratando cada diez o quince d\u00edas, por lo tanto necesitamos como comunidad tener la tranquilidad de tener conectividad lacustre asegurada\u201d, indic\u00f3.<\/p>\n<p style=\"font-weight: 400; text-align: justify;\">Con respecto a la conectividad terrestre, Keim se\u00f1al\u00f3 que \u201cuno de los grandes impedimentos que tenemos son las exigencias sanitarias que se mantienen para hacer los traslados entre los pasos fronterizos Jeinimeni en Chile Chico y el paso Huemules en Balmaceda, donde se nos requiere una muestra PCR. Ac\u00e1 en Chile Chico se demora al menos 48 horas en tener los resultados. En caso de emergencia, no podemos ocupar esta conectividad terrestre\u201d.<\/p>\n<p style=\"font-weight: 400; text-align: justify;\">Finalmente, Ariel Keim indic\u00f3 que \u201cle hicimos el requerimiento al diputado Calisto para que \u00e9l nos apoye en esta solicitud y s\u00f3lo se exija un test de ant\u00edgenos que nos permite salir en caso de emergencia al poder tener en media hora los resultados. Ojal\u00e1 que podamos tener avances en este tema tan importante para nuestra comunidad\u201d.<\/p>\n<\/div><\/section><\/div><div  style='height:50px' class='hr hr-invisible   avia-builder-el-6  el_after_av_one_full  el_before_av_social_share '><span class='hr-inner ' ><span class='hr-inner-style'><\/span><\/span><\/div><\/p>\n<div  class='av-social-sharing-box  avia-builder-el-7  el_after_av_hr  el_before_av_hr  '><div class='av-share-box'><h5 class='av-share-link-description av-no-toc '>Compartir esta noticia<\/h5><ul class='av-share-box-list noLightbox'><li class='av-share-link av-social-link-facebook' ><a target=\"_blank\" aria-label=\"Compartir en Facebook\" href='https:\/\/www.facebook.com\/sharer.php?u=https:\/\/radiorevelacionfm.cl\/?p=15343&#038;t=Piden%20flexibilizar%20requisitos%20sanitarios%20para%20potenciar%20conectividad%20terrestre%20de%20Chile%20Chico%20por%20Argentina' aria-hidden='false' data-av_icon='\ue8f3' data-av_iconfont='entypo-fontello' title='' data-avia-related-tooltip='Compartir en Facebook' rel=\"noopener\"><span class='avia_hidden_link_text'>Compartir en Facebook<\/span><\/a><\/li><li class='av-share-link av-social-link-twitter' ><a target=\"_blank\" aria-label=\"Compartir en Twitter\" href='https:\/\/twitter.com\/share?text=Piden%20flexibilizar%20requisitos%20sanitarios%20para%20potenciar%20conectividad%20terrestre%20de%20Chile%20Chico%20por%20Argentina&#038;url=https:\/\/radiorevelacionfm.cl\/?p=15343' aria-hidden='false' data-av_icon='\ue8f1' data-av_iconfont='entypo-fontello' title='' data-avia-related-tooltip='Compartir en Twitter' rel=\"noopener\"><span class='avia_hidden_link_text'>Compartir en Twitter<\/span><\/a><\/li><li class='av-share-link av-social-link-whatsapp' ><a target=\"_blank\" aria-label=\"Compartir en Whatsapp\" href='https:\/\/api.whatsapp.com\/send?text=https:\/\/radiorevelacionfm.cl\/?p=15343' aria-hidden='false' data-av_icon='\uf232' data-av_iconfont='entypo-fontello' title='' data-avia-related-tooltip='Compartir en Whatsapp' rel=\"noopener\"><span class='avia_hidden_link_text'>Compartir en Whatsapp<\/span><\/a><\/li><li class='av-share-link av-social-link-linkedin' ><a target=\"_blank\" aria-label=\"Compartir en LinkedIn\" href='https:\/\/linkedin.com\/shareArticle?mini=true&#038;title=Piden%20flexibilizar%20requisitos%20sanitarios%20para%20potenciar%20conectividad%20terrestre%20de%20Chile%20Chico%20por%20Argentina&#038;url=https:\/\/radiorevelacionfm.cl\/?p=15343' aria-hidden='false' data-av_icon='\ue8fc' data-av_iconfont='entypo-fontello' title='' data-avia-related-tooltip='Compartir en LinkedIn' rel=\"noopener\"><span class='avia_hidden_link_text'>Compartir en LinkedIn<\/span><\/a><\/li><li class='av-share-link av-social-link-mail' ><a  aria-label=\"Compartir por correo\" href='mailto:?subject=Piden%20flexibilizar%20requisitos%20sanitarios%20para%20potenciar%20conectividad%20terrestre%20de%20Chile%20Chico%20por%20Argentina&#038;body=https:\/\/radiorevelacionfm.cl\/?p=15343' aria-hidden='false' data-av_icon='\ue805' data-av_iconfont='entypo-fontello' title='' data-avia-related-tooltip='Compartir por correo'><span class='avia_hidden_link_text'>Compartir por correo<\/span><\/a><\/li><\/ul><\/div><\/div>\n<div  style='height:50px' class='hr hr-invisible   avia-builder-el-8  el_after_av_social_share  el_before_av_comments_list '><span class='hr-inner ' ><span class='hr-inner-style'><\/span><\/span><\/div>\n<div  class='av-buildercomment  av-blog-meta-html-info-disabled av-blog-meta-tag-disabled  '><\/div>\n","protected":false},"excerpt":{"rendered":"","protected":false},"author":1,"featured_media":15344,"comment_status":"open","ping_status":"open","sticky":false,"template":"","format":"standard","meta":{"footnotes":""},"categories":[35],"tags":[],"class_list":["post-15343","post","type-post","status-publish","format-standard","has-post-thumbnail","hentry","category-politica"],"jetpack_featured_media_url":"https:\/\/radiorevelacionfm.cl\/wp-content\/uploads\/2022\/04\/foto-reu-chch1-1_optimized.jpg","_links":{"self":[{"href":"https:\/\/radiorevelacionfm.cl\/index.php?rest_route=\/wp\/v2\/posts\/15343","targetHints":{"allow":["GET"]}}],"collection":[{"href":"https:\/\/radiorevelacionfm.cl\/index.php?rest_route=\/wp\/v2\/posts"}],"about":[{"href":"https:\/\/radiorevelacionfm.cl\/index.php?rest_route=\/wp\/v2\/types\/post"}],"author":[{"embeddable":true,"href":"https:\/\/radiorevelacionfm.cl\/index.php?rest_route=\/wp\/v2\/users\/1"}],"replies":[{"embeddable":true,"href":"https:\/\/radiorevelacionfm.cl\/index.php?rest_route=%2Fwp%2Fv2%2Fcomments&post=15343"}],"version-history":[{"count":2,"href":"https:\/\/radiorevelacionfm.cl\/index.php?rest_route=\/wp\/v2\/posts\/15343\/revisions"}],"predecessor-version":[{"id":15346,"href":"https:\/\/radiorevelacionfm.cl\/index.php?rest_route=\/wp\/v2\/posts\/15343\/revisions\/15346"}],"wp:featuredmedia":[{"embeddable":true,"href":"https:\/\/radiorevelacionfm.cl\/index.php?rest_route=\/wp\/v2\/media\/15344"}],"wp:attachment":[{"href":"https:\/\/radiorevelacionfm.cl\/index.php?rest_route=%2Fwp%2Fv2%2Fmedia&parent=15343"}],"wp:term":[{"taxonomy":"category","embeddable":true,"href":"https:\/\/radiorevelacionfm.cl\/index.php?rest_route=%2Fwp%2Fv2%2Fcategories&post=15343"},{"taxonomy":"post_tag","embeddable":true,"href":"https:\/\/radiorevelacionfm.cl\/index.php?rest_route=%2Fwp%2Fv2%2Ftags&post=15343"}],"curies":[{"name":"wp","href":"https:\/\/api.w.org\/{rel}","templated":true}]}}