{"id":15338,"date":"2022-04-02T10:01:32","date_gmt":"2022-04-02T13:01:32","guid":{"rendered":"https:\/\/radiorevelacionfm.cl\/?p=15338"},"modified":"2022-04-02T10:01:32","modified_gmt":"2022-04-02T13:01:32","slug":"delegado-rodrigo-araya-y-asociacion-de-municipalidades-promueven-profundizacion-del-trabajo-colaborativo","status":"publish","type":"post","link":"https:\/\/radiorevelacionfm.cl\/?p=15338","title":{"rendered":"Delegado Rodrigo Araya y Asociaci\u00f3n de Municipalidades promueven profundizaci\u00f3n del trabajo colaborativo"},"content":{"rendered":"<div class=\"flex_column av_one_full  flex_column_div av-zero-column-padding first  avia-builder-el-0  el_before_av_one_full  avia-builder-el-first  \" style='border-radius:0px; '><div  class='avia-image-container  av-styling-    avia-builder-el-1  avia-builder-el-no-sibling  avia-align-center '  itemprop=\"image\" itemscope=\"itemscope\" itemtype=\"https:\/\/schema.org\/ImageObject\"  ><div class='avia-image-container-inner'><div class='avia-image-overlay-wrap'><img decoding=\"async\" class='wp-image-15339 avia-img-lazy-loading-not-15339 avia_image' src=\"https:\/\/radiorevelacionfm.cl\/wp-content\/uploads\/2022\/04\/img_1718-1_optimized.jpg\" alt='' title='img_1718-(1)_optimized' height=\"600\" width=\"900\"  itemprop=\"thumbnailUrl\" srcset=\"https:\/\/radiorevelacionfm.cl\/wp-content\/uploads\/2022\/04\/img_1718-1_optimized.jpg 900w, https:\/\/radiorevelacionfm.cl\/wp-content\/uploads\/2022\/04\/img_1718-1_optimized-300x200.jpg 300w, https:\/\/radiorevelacionfm.cl\/wp-content\/uploads\/2022\/04\/img_1718-1_optimized-768x512.jpg 768w, https:\/\/radiorevelacionfm.cl\/wp-content\/uploads\/2022\/04\/img_1718-1_optimized-705x470.jpg 705w, https:\/\/radiorevelacionfm.cl\/wp-content\/uploads\/2022\/04\/img_1718-1_optimized-600x400.jpg 600w\" sizes=\"(max-width: 900px) 100vw, 900px\" \/><\/div><\/div><\/div><\/div><div class=\"flex_column av_one_full  flex_column_div av-zero-column-padding first  avia-builder-el-2  el_after_av_one_full  el_before_av_one_full  column-top-margin\" style='border-radius:0px; '><section class=\"av_textblock_section \"  itemscope=\"itemscope\" itemtype=\"https:\/\/schema.org\/BlogPosting\" itemprop=\"blogPost\" ><div class='avia_textblock  '   itemprop=\"text\" ><p style=\"text-align: center;\"><strong><span style=\"font-size: 18pt;\">Delegado Rodrigo Araya y Asociaci\u00f3n de Municipalidades promueven profundizaci\u00f3n del trabajo colaborativo <\/span><\/strong><\/p>\n<div id=\"gtx-trans\" style=\"position: absolute; left: -50px; top: 4.31534px;\">\n<div class=\"gtx-trans-icon\"><\/div>\n<\/div>\n<\/div><\/section><\/div><div class=\"flex_column av_one_full  flex_column_div av-zero-column-padding first  avia-builder-el-4  el_after_av_one_full  el_before_av_hr  column-top-margin\" style='border-radius:0px; '><section class=\"av_textblock_section \"  itemscope=\"itemscope\" itemtype=\"https:\/\/schema.org\/BlogPosting\" itemprop=\"blogPost\" ><div class='avia_textblock  '   itemprop=\"text\" ><p style=\"text-align: justify;\">En la importancia de profundizar el trabajo colaborativo y coordinado entre los servicios p\u00fablicos y los diez municipios de la regi\u00f3n, concordaron el Delegado Presidencial Regional, Rodrigo Araya Morales, y la Asociaci\u00f3n Regional de Municipalidades.<\/p>\n<p style=\"text-align: justify;\">En la reuni\u00f3n realizada en dependencias de la Delegaci\u00f3n participaron el presidente de la Asociaci\u00f3n Regional de Municipalidades, Marcelo Santana, y los alcaldes Julio Uribe de Ays\u00e9n, Francisco Roncagliolo de Cisnes, Carlos Gatica de Coyhaique, Jorge Calder\u00f3n de Cochrane y Abel Becerra de Tortel.<\/p>\n<p style=\"text-align: justify;\">En este contexto Rodrigo Araya resalt\u00f3 el rol de los alcaldes en cada una de las comunas, como tambi\u00e9n el trabajo mancomunado que desarrollan al alero de la Asociaci\u00f3n Regional de Municipalidades.<\/p>\n<p style=\"text-align: justify;\">\u201cEstuvimos hablando de lo importante de coordinar, de tener una estrategia donde las instituciones que est\u00e1n bajo la coordinaci\u00f3n de la Delegaci\u00f3n Presidencial, los ministerios -las secretar\u00edas regionales ministeriales y las direcciones de servicios-, puedan tener una articulaci\u00f3n con el trabajo de la comunidad. Eso se est\u00e1 haciendo desde siempre, los municipios interact\u00faan con todos los sectores, pero la idea es fortalecerlo, aunar esfuerzos y avanzar\u201d, recalc\u00f3 Rodrigo Araya.<\/p>\n<p style=\"text-align: justify;\">Marcelo Santana coincidi\u00f3 en la necesaria de articulaci\u00f3n de la institucionalidad. \u201cPor sobre todas las cosas, tambi\u00e9n ponernos a su disposici\u00f3n para el trabajo territorial, para el trabajo en las comunas, donde nosotros como municipios tenemos el conocimiento, la expertis, conocemos a nuestros vecinos y nos interesa que las pol\u00edticas p\u00fablicas que quiera impulsar este gobierno tambi\u00e9n lleguen a toda la gente que lo necesite\u201d.<\/p>\n<p style=\"text-align: justify;\">El alcalde de Ays\u00e9n, Julio Uribe se manifest\u00f3 conforme con la disposici\u00f3n al di\u00e1logo y al trabajo de largo plazo.<\/p>\n<p style=\"text-align: justify;\">\u201cBueno, primero el saludo protocolar, desear lo mejor en su gesti\u00f3n y que tambi\u00e9n podamos trabajar en forma mancomunada con todos los sectores, con todos los servicios y, por ello, nos vamos muy agradecidos, porque la acogida ha sido muy buena\u201d.<\/p>\n<p style=\"text-align: justify;\">Entre los acuerdos, se estableci\u00f3 la realizaci\u00f3n de una agenda de trabajo peri\u00f3dica en torno a las principales necesidades y urgencias que tienen las comunidades desde el litoral norte hasta el extremo sur austral de Ays\u00e9n.<\/p>\n<\/div><\/section><\/div><div  style='height:50px' class='hr hr-invisible   avia-builder-el-6  el_after_av_one_full  el_before_av_social_share '><span class='hr-inner ' ><span class='hr-inner-style'><\/span><\/span><\/div><\/p>\n<div  class='av-social-sharing-box  avia-builder-el-7  el_after_av_hr  el_before_av_hr  '><div class='av-share-box'><h5 class='av-share-link-description av-no-toc '>Compartir esta noticia<\/h5><ul class='av-share-box-list noLightbox'><li class='av-share-link av-social-link-facebook' ><a target=\"_blank\" aria-label=\"Compartir en Facebook\" href='https:\/\/www.facebook.com\/sharer.php?u=https:\/\/radiorevelacionfm.cl\/?p=15338&#038;t=Delegado%20Rodrigo%20Araya%20y%20Asociaci%C3%B3n%20de%20Municipalidades%20promueven%20profundizaci%C3%B3n%20del%20trabajo%20colaborativo' aria-hidden='false' data-av_icon='\ue8f3' data-av_iconfont='entypo-fontello' title='' data-avia-related-tooltip='Compartir en Facebook' rel=\"noopener\"><span class='avia_hidden_link_text'>Compartir en Facebook<\/span><\/a><\/li><li class='av-share-link av-social-link-twitter' ><a target=\"_blank\" aria-label=\"Compartir en Twitter\" href='https:\/\/twitter.com\/share?text=Delegado%20Rodrigo%20Araya%20y%20Asociaci%C3%B3n%20de%20Municipalidades%20promueven%20profundizaci%C3%B3n%20del%20trabajo%20colaborativo&#038;url=https:\/\/radiorevelacionfm.cl\/?p=15338' aria-hidden='false' data-av_icon='\ue8f1' data-av_iconfont='entypo-fontello' title='' data-avia-related-tooltip='Compartir en Twitter' rel=\"noopener\"><span class='avia_hidden_link_text'>Compartir en Twitter<\/span><\/a><\/li><li class='av-share-link av-social-link-whatsapp' ><a target=\"_blank\" aria-label=\"Compartir en Whatsapp\" href='https:\/\/api.whatsapp.com\/send?text=https:\/\/radiorevelacionfm.cl\/?p=15338' aria-hidden='false' data-av_icon='\uf232' data-av_iconfont='entypo-fontello' title='' data-avia-related-tooltip='Compartir en Whatsapp' rel=\"noopener\"><span class='avia_hidden_link_text'>Compartir en Whatsapp<\/span><\/a><\/li><li class='av-share-link av-social-link-linkedin' ><a target=\"_blank\" aria-label=\"Compartir en LinkedIn\" href='https:\/\/linkedin.com\/shareArticle?mini=true&#038;title=Delegado%20Rodrigo%20Araya%20y%20Asociaci%C3%B3n%20de%20Municipalidades%20promueven%20profundizaci%C3%B3n%20del%20trabajo%20colaborativo&#038;url=https:\/\/radiorevelacionfm.cl\/?p=15338' aria-hidden='false' data-av_icon='\ue8fc' data-av_iconfont='entypo-fontello' title='' data-avia-related-tooltip='Compartir en LinkedIn' rel=\"noopener\"><span class='avia_hidden_link_text'>Compartir en LinkedIn<\/span><\/a><\/li><li class='av-share-link av-social-link-mail' ><a  aria-label=\"Compartir por correo\" href='mailto:?subject=Delegado%20Rodrigo%20Araya%20y%20Asociaci%C3%B3n%20de%20Municipalidades%20promueven%20profundizaci%C3%B3n%20del%20trabajo%20colaborativo&#038;body=https:\/\/radiorevelacionfm.cl\/?p=15338' aria-hidden='false' data-av_icon='\ue805' data-av_iconfont='entypo-fontello' title='' data-avia-related-tooltip='Compartir por correo'><span class='avia_hidden_link_text'>Compartir por correo<\/span><\/a><\/li><\/ul><\/div><\/div>\n<div  style='height:50px' class='hr hr-invisible   avia-builder-el-8  el_after_av_social_share  el_before_av_comments_list '><span class='hr-inner ' ><span class='hr-inner-style'><\/span><\/span><\/div>\n<div  class='av-buildercomment  av-blog-meta-html-info-disabled av-blog-meta-tag-disabled  '><\/div>\n","protected":false},"excerpt":{"rendered":"","protected":false},"author":1,"featured_media":15339,"comment_status":"open","ping_status":"open","sticky":false,"template":"","format":"standard","meta":{"footnotes":""},"categories":[38],"tags":[],"class_list":["post-15338","post","type-post","status-publish","format-standard","has-post-thumbnail","hentry","category-regional"],"jetpack_featured_media_url":"https:\/\/radiorevelacionfm.cl\/wp-content\/uploads\/2022\/04\/img_1718-1_optimized.jpg","_links":{"self":[{"href":"https:\/\/radiorevelacionfm.cl\/index.php?rest_route=\/wp\/v2\/posts\/15338","targetHints":{"allow":["GET"]}}],"collection":[{"href":"https:\/\/radiorevelacionfm.cl\/index.php?rest_route=\/wp\/v2\/posts"}],"about":[{"href":"https:\/\/radiorevelacionfm.cl\/index.php?rest_route=\/wp\/v2\/types\/post"}],"author":[{"embeddable":true,"href":"https:\/\/radiorevelacionfm.cl\/index.php?rest_route=\/wp\/v2\/users\/1"}],"replies":[{"embeddable":true,"href":"https:\/\/radiorevelacionfm.cl\/index.php?rest_route=%2Fwp%2Fv2%2Fcomments&post=15338"}],"version-history":[{"count":2,"href":"https:\/\/radiorevelacionfm.cl\/index.php?rest_route=\/wp\/v2\/posts\/15338\/revisions"}],"predecessor-version":[{"id":15371,"href":"https:\/\/radiorevelacionfm.cl\/index.php?rest_route=\/wp\/v2\/posts\/15338\/revisions\/15371"}],"wp:featuredmedia":[{"embeddable":true,"href":"https:\/\/radiorevelacionfm.cl\/index.php?rest_route=\/wp\/v2\/media\/15339"}],"wp:attachment":[{"href":"https:\/\/radiorevelacionfm.cl\/index.php?rest_route=%2Fwp%2Fv2%2Fmedia&parent=15338"}],"wp:term":[{"taxonomy":"category","embeddable":true,"href":"https:\/\/radiorevelacionfm.cl\/index.php?rest_route=%2Fwp%2Fv2%2Fcategories&post=15338"},{"taxonomy":"post_tag","embeddable":true,"href":"https:\/\/radiorevelacionfm.cl\/index.php?rest_route=%2Fwp%2Fv2%2Ftags&post=15338"}],"curies":[{"name":"wp","href":"https:\/\/api.w.org\/{rel}","templated":true}]}}