{"id":15330,"date":"2022-04-01T15:06:15","date_gmt":"2022-04-01T18:06:15","guid":{"rendered":"https:\/\/radiorevelacionfm.cl\/?p=15330"},"modified":"2022-04-01T15:06:38","modified_gmt":"2022-04-01T18:06:38","slug":"hombre-se-quema-a-lo-bonzo-en-puerto-aysen-por-traslado-de-su-hijo-a-la-carcel-de-puerto-montt","status":"publish","type":"post","link":"https:\/\/radiorevelacionfm.cl\/?p=15330","title":{"rendered":"Hombre se quema a lo bonzo en Ays\u00e9n por traslado de su hijo a la c\u00e1rcel de Puerto Montt"},"content":{"rendered":"<div class=\"flex_column av_one_full  flex_column_div av-zero-column-padding first  avia-builder-el-0  el_before_av_one_full  avia-builder-el-first  \" style='border-radius:0px; '><section class=\"av_textblock_section \"  itemscope=\"itemscope\" itemtype=\"https:\/\/schema.org\/BlogPosting\" itemprop=\"blogPost\" ><div class='avia_textblock  '   itemprop=\"text\" ><p style=\"text-align: center;\"><strong><span style=\"font-size: 18pt;\">Hombre se quema a lo bonzo en Ays\u00e9n por traslado de su hijo a la c\u00e1rcel de Puerto Montt<\/span><\/strong><\/p>\n<div id=\"gtx-trans\" style=\"position: absolute; left: -50px; top: 4.31534px;\">\n<div class=\"gtx-trans-icon\"><\/div>\n<\/div>\n<\/div><\/section><\/div><div class=\"flex_column av_one_full  flex_column_div av-zero-column-padding first  \" style='border-radius:0px; '><section class=\"av_textblock_section \"  itemscope=\"itemscope\" itemtype=\"https:\/\/schema.org\/BlogPosting\" itemprop=\"blogPost\" ><div class='avia_textblock  '   itemprop=\"text\" ><p style=\"text-align: justify;\">Durante la madrugada de hoy viernes, un hombre se quem\u00f3 a lo bonzo en las afueras del recinto carcelario de Puerto Ays\u00e9n, el motivo, en rechazo a la decisi\u00f3n tomada por Gendarmer\u00eda de trasladar a su hijo hasta el recinto penitenciario de Puerto Montt.<\/p>\n<p style=\"text-align: justify;\">Producto de este lamentable hecho, el padre del joven result\u00f3 con graves quemaduras tanto en las v\u00edas respiratorias como en otras partes de su cuerpo, siendo trasladado de urgencia hasta el Hospital Regional de Coyhaique.<\/p>\n<p style=\"text-align: justify;\">Este medio d\u00eda, el Teniente Coronel Jean Paul Aravena de la 1ra. Comisar\u00eda de Coyhaique en un punto de prensa detall\u00f3 que, mientras Carabineros se encontraba dialogando con algunos de los familiares, uno de ellos que portaba un bid\u00f3n con combustible, roc\u00edo sus vestimentas y usando un encendedor inici\u00f3 el fuego.<\/p>\n<p style=\"text-align: justify;\">Tanto Carabineros como familiares del manifestante lograron asistir al hombre y apagar el fuego. \u00abCarabineros que estaban en el lugar hacen uso de sus extintores personales para asistir a esta persona y logran apagar las llamas\u00bb, se\u00f1al\u00f3 el Teniente Coronel.<\/p>\n<p style=\"text-align: justify;\">En tanto, Gendarmer\u00eda de Chile, emiti\u00f3 un comunicado indicando que \u00abpor motivos de seguridad, la Instituci\u00f3n tom\u00f3 la decisi\u00f3n de trasladar a estos internos, ya que est\u00e1n condenados por delitos de alta connotaci\u00f3n p\u00fablica, y no cuentan con el perfil requerido para permanecer en las unidades penales de la regi\u00f3n de Ays\u00e9n. Por esta raz\u00f3n, fueron derivados a otros establecimientos penitenciarios del pa\u00eds, que tienen mayores medidas de segmentaci\u00f3n, seg\u00fan perfil criminol\u00f3gico\u00bb.<span class=\"Apple-converted-space\">\u00a0<\/span><\/p>\n<p class=\"p2\" style=\"text-align: justify;\">Asegurando que \u00abesta medida es parte de un procedimiento estandarizado, autorizado desde la Subdirecci\u00f3n Operativa de Gendarmer\u00eda, considerando variables t\u00e9cnico-penitenciarias de cada interno trasladado\u00bb.<span class=\"Apple-converted-space\">\u00a0<\/span><\/p>\n<p class=\"p2\" style=\"text-align: justify;\">Gendarmer\u00eda de Chile comprende la preocupaci\u00f3n de los familiares de los internos por los traslados, y en ese contexto, reafirma su compromiso con el respeto y protecci\u00f3n de los Derechos Humanos de quienes est\u00e1n bajo su custodia; y continuar\u00e1 velando por la seguridad y salud de cada uno de ellos\u00bb, se\u00f1ala el comunicado.<\/p>\n<\/div><\/section><\/div><div  style='height:50px' class='hr hr-invisible  '><span class='hr-inner ' ><span class='hr-inner-style'><\/span><\/span><\/div><\/p>\n<div  class='av-social-sharing-box  '><div class='av-share-box'><h5 class='av-share-link-description av-no-toc '>Compartir esta noticia<\/h5><ul class='av-share-box-list noLightbox'><li class='av-share-link av-social-link-facebook' ><a target=\"_blank\" aria-label=\"Compartir en Facebook\" href='https:\/\/www.facebook.com\/sharer.php?u=https:\/\/radiorevelacionfm.cl\/?p=15330&#038;t=Hombre%20se%20quema%20a%20lo%20bonzo%20en%20Ays%C3%A9n%20por%20traslado%20de%20su%20hijo%20a%20la%20c%C3%A1rcel%20de%20Puerto%20Montt' aria-hidden='false' data-av_icon='\ue8f3' data-av_iconfont='entypo-fontello' title='' data-avia-related-tooltip='Compartir en Facebook' rel=\"noopener\"><span class='avia_hidden_link_text'>Compartir en Facebook<\/span><\/a><\/li><li class='av-share-link av-social-link-twitter' ><a target=\"_blank\" aria-label=\"Compartir en Twitter\" href='https:\/\/twitter.com\/share?text=Hombre%20se%20quema%20a%20lo%20bonzo%20en%20Ays%C3%A9n%20por%20traslado%20de%20su%20hijo%20a%20la%20c%C3%A1rcel%20de%20Puerto%20Montt&#038;url=https:\/\/radiorevelacionfm.cl\/?p=15330' aria-hidden='false' data-av_icon='\ue8f1' data-av_iconfont='entypo-fontello' title='' data-avia-related-tooltip='Compartir en Twitter' rel=\"noopener\"><span class='avia_hidden_link_text'>Compartir en Twitter<\/span><\/a><\/li><li class='av-share-link av-social-link-whatsapp' ><a target=\"_blank\" aria-label=\"Compartir en Whatsapp\" href='https:\/\/api.whatsapp.com\/send?text=https:\/\/radiorevelacionfm.cl\/?p=15330' aria-hidden='false' data-av_icon='\uf232' data-av_iconfont='entypo-fontello' title='' data-avia-related-tooltip='Compartir en Whatsapp' rel=\"noopener\"><span class='avia_hidden_link_text'>Compartir en Whatsapp<\/span><\/a><\/li><li class='av-share-link av-social-link-linkedin' ><a target=\"_blank\" aria-label=\"Compartir en LinkedIn\" href='https:\/\/linkedin.com\/shareArticle?mini=true&#038;title=Hombre%20se%20quema%20a%20lo%20bonzo%20en%20Ays%C3%A9n%20por%20traslado%20de%20su%20hijo%20a%20la%20c%C3%A1rcel%20de%20Puerto%20Montt&#038;url=https:\/\/radiorevelacionfm.cl\/?p=15330' aria-hidden='false' data-av_icon='\ue8fc' data-av_iconfont='entypo-fontello' title='' data-avia-related-tooltip='Compartir en LinkedIn' rel=\"noopener\"><span class='avia_hidden_link_text'>Compartir en LinkedIn<\/span><\/a><\/li><li class='av-share-link av-social-link-mail' ><a  aria-label=\"Compartir por correo\" href='mailto:?subject=Hombre%20se%20quema%20a%20lo%20bonzo%20en%20Ays%C3%A9n%20por%20traslado%20de%20su%20hijo%20a%20la%20c%C3%A1rcel%20de%20Puerto%20Montt&#038;body=https:\/\/radiorevelacionfm.cl\/?p=15330' aria-hidden='false' data-av_icon='\ue805' data-av_iconfont='entypo-fontello' title='' data-avia-related-tooltip='Compartir por correo'><span class='avia_hidden_link_text'>Compartir por correo<\/span><\/a><\/li><\/ul><\/div><\/div>\n<div  style='height:50px' class='hr hr-invisible  '><span class='hr-inner ' ><span class='hr-inner-style'><\/span><\/span><\/div>\n<div  class='av-buildercomment  av-blog-meta-html-info-disabled av-blog-meta-tag-disabled  '><\/div>\n","protected":false},"excerpt":{"rendered":"","protected":false},"author":1,"featured_media":12721,"comment_status":"open","ping_status":"open","sticky":false,"template":"","format":"standard","meta":{"footnotes":""},"categories":[36],"tags":[],"class_list":["post-15330","post","type-post","status-publish","format-standard","has-post-thumbnail","hentry","category-policial"],"jetpack_featured_media_url":"https:\/\/radiorevelacionfm.cl\/wp-content\/uploads\/2022\/01\/CDP-Aysen-2-2.jpg","_links":{"self":[{"href":"https:\/\/radiorevelacionfm.cl\/index.php?rest_route=\/wp\/v2\/posts\/15330","targetHints":{"allow":["GET"]}}],"collection":[{"href":"https:\/\/radiorevelacionfm.cl\/index.php?rest_route=\/wp\/v2\/posts"}],"about":[{"href":"https:\/\/radiorevelacionfm.cl\/index.php?rest_route=\/wp\/v2\/types\/post"}],"author":[{"embeddable":true,"href":"https:\/\/radiorevelacionfm.cl\/index.php?rest_route=\/wp\/v2\/users\/1"}],"replies":[{"embeddable":true,"href":"https:\/\/radiorevelacionfm.cl\/index.php?rest_route=%2Fwp%2Fv2%2Fcomments&post=15330"}],"version-history":[{"count":3,"href":"https:\/\/radiorevelacionfm.cl\/index.php?rest_route=\/wp\/v2\/posts\/15330\/revisions"}],"predecessor-version":[{"id":15332,"href":"https:\/\/radiorevelacionfm.cl\/index.php?rest_route=\/wp\/v2\/posts\/15330\/revisions\/15332"}],"wp:featuredmedia":[{"embeddable":true,"href":"https:\/\/radiorevelacionfm.cl\/index.php?rest_route=\/wp\/v2\/media\/12721"}],"wp:attachment":[{"href":"https:\/\/radiorevelacionfm.cl\/index.php?rest_route=%2Fwp%2Fv2%2Fmedia&parent=15330"}],"wp:term":[{"taxonomy":"category","embeddable":true,"href":"https:\/\/radiorevelacionfm.cl\/index.php?rest_route=%2Fwp%2Fv2%2Fcategories&post=15330"},{"taxonomy":"post_tag","embeddable":true,"href":"https:\/\/radiorevelacionfm.cl\/index.php?rest_route=%2Fwp%2Fv2%2Ftags&post=15330"}],"curies":[{"name":"wp","href":"https:\/\/api.w.org\/{rel}","templated":true}]}}