{"id":15326,"date":"2022-04-01T15:10:13","date_gmt":"2022-04-01T18:10:13","guid":{"rendered":"https:\/\/radiorevelacionfm.cl\/?p=15326"},"modified":"2022-04-01T15:13:52","modified_gmt":"2022-04-01T18:13:52","slug":"organizaciones-de-aysen-denuncian-mega-loteos-ante-la-superintendencia-del-medio-ambiente","status":"publish","type":"post","link":"https:\/\/radiorevelacionfm.cl\/?p=15326","title":{"rendered":"Organizaciones de Ays\u00e9n denuncian mega loteos ante la Superintendencia del Medio Ambiente"},"content":{"rendered":"<div class=\"flex_column av_one_full  flex_column_div av-zero-column-padding first  avia-builder-el-0  el_before_av_one_full  avia-builder-el-first  \" style='border-radius:0px; '><div  class='avia-image-container  av-styling-    avia-builder-el-1  avia-builder-el-no-sibling  avia-align-center '  itemprop=\"image\" itemscope=\"itemscope\" itemtype=\"https:\/\/schema.org\/ImageObject\"  ><div class='avia-image-container-inner'><div class='avia-image-overlay-wrap'><img decoding=\"async\" class='wp-image-15327 avia-img-lazy-loading-not-15327 avia_image' src=\"https:\/\/radiorevelacionfm.cl\/wp-content\/uploads\/2022\/04\/Mega-Loteos2-1.jpg\" alt='' title='Mega-Loteos(2) (1)' height=\"600\" width=\"977\"  itemprop=\"thumbnailUrl\" srcset=\"https:\/\/radiorevelacionfm.cl\/wp-content\/uploads\/2022\/04\/Mega-Loteos2-1.jpg 977w, https:\/\/radiorevelacionfm.cl\/wp-content\/uploads\/2022\/04\/Mega-Loteos2-1-300x184.jpg 300w, https:\/\/radiorevelacionfm.cl\/wp-content\/uploads\/2022\/04\/Mega-Loteos2-1-768x472.jpg 768w, https:\/\/radiorevelacionfm.cl\/wp-content\/uploads\/2022\/04\/Mega-Loteos2-1-705x433.jpg 705w, https:\/\/radiorevelacionfm.cl\/wp-content\/uploads\/2022\/04\/Mega-Loteos2-1-600x368.jpg 600w\" sizes=\"(max-width: 977px) 100vw, 977px\" \/><\/div><\/div><\/div><\/div><div class=\"flex_column av_one_full  flex_column_div av-zero-column-padding first  avia-builder-el-2  el_after_av_one_full  el_before_av_one_full  column-top-margin\" style='border-radius:0px; '><section class=\"av_textblock_section \"  itemscope=\"itemscope\" itemtype=\"https:\/\/schema.org\/BlogPosting\" itemprop=\"blogPost\" ><div class='avia_textblock  '   itemprop=\"text\" ><p style=\"text-align: center;\"><span style=\"font-size: 18pt;\"><b>Organizaciones de Ays\u00e9n denuncian mega loteos ante la Superintendencia del Medio Ambiente<\/b><\/span><\/p>\n<div id=\"gtx-trans\" style=\"position: absolute; left: -50px; top: 4.31534px;\">\n<div class=\"gtx-trans-icon\"><\/div>\n<\/div>\n<\/div><\/section><\/div><div class=\"flex_column av_one_full  flex_column_div av-zero-column-padding first  avia-builder-el-4  el_after_av_one_full  el_before_av_hr  column-top-margin\" style='border-radius:0px; '><section class=\"av_textblock_section \"  itemscope=\"itemscope\" itemtype=\"https:\/\/schema.org\/BlogPosting\" itemprop=\"blogPost\" ><div class='avia_textblock  '   itemprop=\"text\" ><p style=\"text-align: justify;\">Con una presentaci\u00f3n ante oficina regional de la Superintendencia del Medio Ambiente, organizaciones socioambientales de Ays\u00e9n iniciaron una ofensiva para que diversas subdivisiones prediales sean ingresadas al Sistema de Evaluaci\u00f3n de Impacto Ambiental (SEIA).\u00a0 El motivo, corresponder a 80 o m\u00e1s lotes para destino habitacional.<\/p>\n<p style=\"text-align: justify;\">La acci\u00f3n fue presentada por la Corporaci\u00f3n Privada para el Desarrollo de Ays\u00e9n y la Agrupaci\u00f3n Ays\u00e9n Reserva de Vida para solicitar la evaluaci\u00f3n ambiental de 33 subdivisiones prediales, que cuentan con certificado vigente del Servicio Agr\u00edcola y Ganadero entregados entre 2016 y enero de 2022.\u00a0 La iniciativa cuenta con el respaldo de la ONG FIMA, destacada organizaci\u00f3n especializada en protecci\u00f3n socioambiental.<\/p>\n<p style=\"text-align: justify;\">El argumento es el incumplimiento de la letra g del art\u00edculo 3\u02da de Reglamento del Sistema de Evaluaci\u00f3n de Impacto Ambiental.\u00a0 \u00c9ste se\u00f1ala que deben someterse al SEIA los \u00abconjuntos habitacionales con una cantidad igual o superior a ochenta (80) viviendas\u00bb en cualquiera de sus etapas, susceptibles de causar impacto ambiental.<\/p>\n<p style=\"text-align: justify;\">En este sentido, existen m\u00faltiples fallos de las cortes y la Contralor\u00eda que han establecido que el acto de subdivisi\u00f3n puede ser considerado una de las etapas de un conjunto habitacional, por lo cual debe ser evaluado como principio preventivo.<\/p>\n<p style=\"text-align: justify;\">Al respecto, el presidente de la Agrupaci\u00f3n Ays\u00e9n Reserva de Vida, Peter Hartmann Samhaber, expres\u00f3 que la subdivisi\u00f3n de mega lotes de forma desregulada ni control tiene un alto impacto para los ecosistemas de Ays\u00e9n y los servicios que requieren las comunidades. \u00abEstamos poniendo en riesgo muchas cualidades de nuestro Ays\u00e9n reserva de vida y por otro lado ellos hacen un muy buen negocio y externalizan todos sus problemas. Despu\u00e9s vamos a empezar con las pedidas al Estado, como por ejemplo el agua potable rural, a sacarle el agua a los dem\u00e1s, electrificaci\u00f3n, que el camino, que hay que arreglar, que vengan a recoger la basura cosas de ese tipo, no es menor el problema del cambio de subsuelo que est\u00e1 produciendo en gran escala en la regi\u00f3n\u00bb se\u00f1al\u00f3.<\/p>\n<p style=\"text-align: justify;\">En tanto el presidente de la Corporaci\u00f3n Privada para el Desarrollo de Ays\u00e9n, Erwin Sandoval Gallardo, se\u00f1al\u00f3 que esto se ajusta a lo se\u00f1alado por el Reglamento del Sistema de Evaluaci\u00f3n de Impacto Ambiental. \u00abHemos hecho una investigaci\u00f3n desde el a\u00f1o 2016 a la fecha y al minuto estamos denunciando estos 22 mega proyectos de loteo que consideran el m\u00e1s de 80 lotes, hoy d\u00eda nuestra legislaci\u00f3n ambiental en particular el art\u00edculo 10mo letra g de la ley 19.300 establece que los proyectos de urbanizaciones en suelos, por ejemplo, como en estos casos rurales tienen que ser sometido al Sistema de 80 lotes\u00bb, indic\u00f3.<\/p>\n<p style=\"text-align: justify;\">Por su parte, la Gobernadora Regional Andrea Mac\u00edas Palma, tambi\u00e9n presente en la actividad, respald\u00f3 la medida, abogando porque las definiciones territoriales en Ays\u00e9n se adopten planificadamente y con participaci\u00f3n ciudadana.<\/p>\n<p style=\"text-align: justify;\">\u00abSe est\u00e1n vendiendo los terrenos de la Patagonia sin realizar estudios de capacidad de carga de agua, de abastecimiento, de humedales. Ponemos en riesgo, finalmente, a la poblaci\u00f3n que hist\u00f3ricamente ha estado habitando en estos lugares. No hay un cuidado a c\u00f3mo resguardamos el territorio para que a futuro y en consideraci\u00f3n al cambio clim\u00e1tico, no se ha pensado en los efectos que se realizan con la alimentaci\u00f3n, por ejemplo\u00bb, detall\u00f3.<\/p>\n<p style=\"text-align: justify;\">\u00abHay empresas inmobiliarias que est\u00e1n realizando esta evasi\u00f3n, porque hablemos claro: aqu\u00ed no son personas que viven en la regi\u00f3n y que van a comprar media hect\u00e1rea para poder vivir aqu\u00ed, estamos hablando de mega loteos. Ac\u00e1 se est\u00e1 parcelando la Patagonia, ac\u00e1 hay empresas que est\u00e1n vendiendo por internet la tierra sin considerar todos los efectos que esto va a tener para el desarrollo de nuestra regi\u00f3n\u00bb, aludiendo a la responsabilidad del Gobierno Regional de Ays\u00e9n de cautelar la calidad de vida de los habitantes, la protecci\u00f3n del agua y la biodiversidad.<\/p>\n<p style=\"text-align: justify;\">Se explic\u00f3 en la ocasi\u00f3n que este requerimiento ante la SMA por el incumplimiento de subdivisiones para conjuntos habitacionales de 80 o m\u00e1s viviendas no excluye que se realicen a futuro otras presentaciones, sujetas a otras causales como afectar \u00e1reas bajo protecci\u00f3n oficial como son las \u00e1reas protegidas, zonas de inter\u00e9s tur\u00edstico o sitios prioritarios para la conservaci\u00f3n de la biodiversidad, entre otras.<\/p>\n<p style=\"text-align: justify;\"><b>Impactos de mega loteos<\/b><\/p>\n<p style=\"text-align: justify;\">En los \u00faltimos a\u00f1os, el inter\u00e9s por comprar terrenos en Ays\u00e9n ha aumentado significativamente.\u00a0 Por distintas v\u00edas (diarios, redes sociales, letreros en caminos), se conoce de la venta de parcelas y predios, en distintos sectores del territorio.<\/p>\n<p style=\"text-align: justify;\">Esta ofensiva se ha profundizado producto de la pandemia y la crisis clim\u00e1tica (problemas del acceso al agua, inter\u00e9s por vivir cerca de la naturaleza en lugares menos poblados, posibilidades tecnol\u00f3gicas de teletrabajo), presionando ambiental y socialmente la regi\u00f3n y su capacidad de carga, adem\u00e1s los riesgos para el sistema p\u00fablico por la futura provisi\u00f3n de servicios (agua, energ\u00eda, disposici\u00f3n de residuos, alcantarillado, etc.), al margen de la planificaci\u00f3n.<\/p>\n<p style=\"text-align: justify;\">Hist\u00f3ricamente, la subdivisi\u00f3n de los predios rurales de Ays\u00e9n ha seguido diversas l\u00f3gicas (sucesi\u00f3n hereditaria por fallecimiento de propietarios, creaci\u00f3n parcelas para capitalizar), lo cual no s\u00f3lo es necesario, sino leg\u00edtimo al ser medidas que no significan una gran intervenci\u00f3n del territorio.<\/p>\n<p style=\"text-align: justify;\">Sin embargo en el \u00faltimo tiempo se han visto subdivisiones impulsadas por inmobiliarias, que compran terrenos con el \u00fanico objetivo de rentabilizar su inversi\u00f3n independiente del inter\u00e9s p\u00fablico, tanto de quienes ya viven en dichos sectores como de los ecosistemas.<\/p>\n<p style=\"text-align: justify;\">Algunos de impactos de los macroloteos no planificados son mayor presi\u00f3n sobre fuentes h\u00eddricas, bosques para energ\u00eda, deforestaci\u00f3n (para construir y trazar caminos) fragmentaci\u00f3n del territorio con impactos sobre corredores biol\u00f3gicos, contaminaci\u00f3n del agua (disposici\u00f3n de aguas grises y negras), contaminaci\u00f3n el suelo (disposici\u00f3n de residuos).\u00a0 Esto, adem\u00e1s de dificultades de acceso al agua de comunidades ya existentes, cuando los loteos presionan las mismas cuencas; complejizan la provisi\u00f3n de servicios a comunidades ya existentes, por parte de nuevos habitantes de los loteos, entre otros efectos.<\/p>\n<\/div><\/section><\/div><div  style='height:50px' class='hr hr-invisible   avia-builder-el-6  el_after_av_one_full  el_before_av_social_share '><span class='hr-inner ' ><span class='hr-inner-style'><\/span><\/span><\/div><\/p>\n<div  class='av-social-sharing-box  avia-builder-el-7  el_after_av_hr  el_before_av_hr  '><div class='av-share-box'><h5 class='av-share-link-description av-no-toc '>Compartir esta noticia<\/h5><ul class='av-share-box-list noLightbox'><li class='av-share-link av-social-link-facebook' ><a target=\"_blank\" aria-label=\"Compartir en Facebook\" href='https:\/\/www.facebook.com\/sharer.php?u=https:\/\/radiorevelacionfm.cl\/?p=15326&#038;t=Organizaciones%20de%20Ays%C3%A9n%20denuncian%20mega%20loteos%20ante%20la%20Superintendencia%20del%20Medio%20Ambiente' aria-hidden='false' data-av_icon='\ue8f3' data-av_iconfont='entypo-fontello' title='' data-avia-related-tooltip='Compartir en Facebook' rel=\"noopener\"><span class='avia_hidden_link_text'>Compartir en Facebook<\/span><\/a><\/li><li class='av-share-link av-social-link-twitter' ><a target=\"_blank\" aria-label=\"Compartir en Twitter\" href='https:\/\/twitter.com\/share?text=Organizaciones%20de%20Ays%C3%A9n%20denuncian%20mega%20loteos%20ante%20la%20Superintendencia%20del%20Medio%20Ambiente&#038;url=https:\/\/radiorevelacionfm.cl\/?p=15326' aria-hidden='false' data-av_icon='\ue8f1' data-av_iconfont='entypo-fontello' title='' data-avia-related-tooltip='Compartir en Twitter' rel=\"noopener\"><span class='avia_hidden_link_text'>Compartir en Twitter<\/span><\/a><\/li><li class='av-share-link av-social-link-whatsapp' ><a target=\"_blank\" aria-label=\"Compartir en Whatsapp\" href='https:\/\/api.whatsapp.com\/send?text=https:\/\/radiorevelacionfm.cl\/?p=15326' aria-hidden='false' data-av_icon='\uf232' data-av_iconfont='entypo-fontello' title='' data-avia-related-tooltip='Compartir en Whatsapp' rel=\"noopener\"><span class='avia_hidden_link_text'>Compartir en Whatsapp<\/span><\/a><\/li><li class='av-share-link av-social-link-linkedin' ><a target=\"_blank\" aria-label=\"Compartir en LinkedIn\" href='https:\/\/linkedin.com\/shareArticle?mini=true&#038;title=Organizaciones%20de%20Ays%C3%A9n%20denuncian%20mega%20loteos%20ante%20la%20Superintendencia%20del%20Medio%20Ambiente&#038;url=https:\/\/radiorevelacionfm.cl\/?p=15326' aria-hidden='false' data-av_icon='\ue8fc' data-av_iconfont='entypo-fontello' title='' data-avia-related-tooltip='Compartir en LinkedIn' rel=\"noopener\"><span class='avia_hidden_link_text'>Compartir en LinkedIn<\/span><\/a><\/li><li class='av-share-link av-social-link-mail' ><a  aria-label=\"Compartir por correo\" href='mailto:?subject=Organizaciones%20de%20Ays%C3%A9n%20denuncian%20mega%20loteos%20ante%20la%20Superintendencia%20del%20Medio%20Ambiente&#038;body=https:\/\/radiorevelacionfm.cl\/?p=15326' aria-hidden='false' data-av_icon='\ue805' data-av_iconfont='entypo-fontello' title='' data-avia-related-tooltip='Compartir por correo'><span class='avia_hidden_link_text'>Compartir por correo<\/span><\/a><\/li><\/ul><\/div><\/div>\n<div  style='height:50px' class='hr hr-invisible   avia-builder-el-8  el_after_av_social_share  el_before_av_comments_list '><span class='hr-inner ' ><span class='hr-inner-style'><\/span><\/span><\/div>\n<div  class='av-buildercomment  av-blog-meta-html-info-disabled av-blog-meta-tag-disabled  '><\/div>\n","protected":false},"excerpt":{"rendered":"","protected":false},"author":1,"featured_media":15327,"comment_status":"open","ping_status":"open","sticky":false,"template":"","format":"standard","meta":{"footnotes":""},"categories":[38],"tags":[],"class_list":["post-15326","post","type-post","status-publish","format-standard","has-post-thumbnail","hentry","category-regional"],"jetpack_featured_media_url":"https:\/\/radiorevelacionfm.cl\/wp-content\/uploads\/2022\/04\/Mega-Loteos2-1.jpg","_links":{"self":[{"href":"https:\/\/radiorevelacionfm.cl\/index.php?rest_route=\/wp\/v2\/posts\/15326","targetHints":{"allow":["GET"]}}],"collection":[{"href":"https:\/\/radiorevelacionfm.cl\/index.php?rest_route=\/wp\/v2\/posts"}],"about":[{"href":"https:\/\/radiorevelacionfm.cl\/index.php?rest_route=\/wp\/v2\/types\/post"}],"author":[{"embeddable":true,"href":"https:\/\/radiorevelacionfm.cl\/index.php?rest_route=\/wp\/v2\/users\/1"}],"replies":[{"embeddable":true,"href":"https:\/\/radiorevelacionfm.cl\/index.php?rest_route=%2Fwp%2Fv2%2Fcomments&post=15326"}],"version-history":[{"count":2,"href":"https:\/\/radiorevelacionfm.cl\/index.php?rest_route=\/wp\/v2\/posts\/15326\/revisions"}],"predecessor-version":[{"id":15334,"href":"https:\/\/radiorevelacionfm.cl\/index.php?rest_route=\/wp\/v2\/posts\/15326\/revisions\/15334"}],"wp:featuredmedia":[{"embeddable":true,"href":"https:\/\/radiorevelacionfm.cl\/index.php?rest_route=\/wp\/v2\/media\/15327"}],"wp:attachment":[{"href":"https:\/\/radiorevelacionfm.cl\/index.php?rest_route=%2Fwp%2Fv2%2Fmedia&parent=15326"}],"wp:term":[{"taxonomy":"category","embeddable":true,"href":"https:\/\/radiorevelacionfm.cl\/index.php?rest_route=%2Fwp%2Fv2%2Fcategories&post=15326"},{"taxonomy":"post_tag","embeddable":true,"href":"https:\/\/radiorevelacionfm.cl\/index.php?rest_route=%2Fwp%2Fv2%2Ftags&post=15326"}],"curies":[{"name":"wp","href":"https:\/\/api.w.org\/{rel}","templated":true}]}}