{"id":15303,"date":"2022-03-31T19:09:50","date_gmt":"2022-03-31T22:09:50","guid":{"rendered":"https:\/\/radiorevelacionfm.cl\/?p=15303"},"modified":"2022-03-31T19:09:50","modified_gmt":"2022-03-31T22:09:50","slug":"diputada-raphael-si-el-director-de-junaeb-renuncio-corresponde-que-prontamente-se-designe-una-nueva-autoridad","status":"publish","type":"post","link":"https:\/\/radiorevelacionfm.cl\/?p=15303","title":{"rendered":"Diputada Raphael: \u201cSi el director de Junaeb renunci\u00f3, corresponde que prontamente se designe una nueva autoridad\u201d"},"content":{"rendered":"<div class=\"flex_column av_one_full  flex_column_div av-zero-column-padding first  avia-builder-el-0  el_before_av_one_full  avia-builder-el-first  \" style='border-radius:0px; '><div  class='avia-image-container  av-styling-    avia-builder-el-1  avia-builder-el-no-sibling  avia-align-center '  itemprop=\"image\" itemscope=\"itemscope\" itemtype=\"https:\/\/schema.org\/ImageObject\"  ><div class='avia-image-container-inner'><div class='avia-image-overlay-wrap'><img decoding=\"async\" class='wp-image-15304 avia-img-lazy-loading-not-15304 avia_image' src=\"https:\/\/radiorevelacionfm.cl\/wp-content\/uploads\/2022\/03\/MRM-1-1.jpg\" alt='' title='MRM (1) (1)' height=\"600\" width=\"900\"  itemprop=\"thumbnailUrl\" srcset=\"https:\/\/radiorevelacionfm.cl\/wp-content\/uploads\/2022\/03\/MRM-1-1.jpg 900w, https:\/\/radiorevelacionfm.cl\/wp-content\/uploads\/2022\/03\/MRM-1-1-300x200.jpg 300w, https:\/\/radiorevelacionfm.cl\/wp-content\/uploads\/2022\/03\/MRM-1-1-768x512.jpg 768w, https:\/\/radiorevelacionfm.cl\/wp-content\/uploads\/2022\/03\/MRM-1-1-705x470.jpg 705w, https:\/\/radiorevelacionfm.cl\/wp-content\/uploads\/2022\/03\/MRM-1-1-600x400.jpg 600w\" sizes=\"(max-width: 900px) 100vw, 900px\" \/><\/div><\/div><\/div><\/div><div class=\"flex_column av_one_full  flex_column_div av-zero-column-padding first  avia-builder-el-2  el_after_av_one_full  el_before_av_one_full  column-top-margin\" style='border-radius:0px; '><section class=\"av_textblock_section \"  itemscope=\"itemscope\" itemtype=\"https:\/\/schema.org\/BlogPosting\" itemprop=\"blogPost\" ><div class='avia_textblock  '   itemprop=\"text\" ><p style=\"text-align: center;\"><span style=\"font-size: 18pt;\"><strong>Diputada Raphael: \u201cSi el director de Junaeb renunci\u00f3, corresponde que prontamente se designe una nueva autoridad\u201d<\/strong><\/span><\/p>\n<div id=\"gtx-trans\" style=\"position: absolute; left: -50px; top: 4.31534px;\">\n<div class=\"gtx-trans-icon\"><\/div>\n<\/div>\n<\/div><\/section><\/div><div class=\"flex_column av_one_full  flex_column_div av-zero-column-padding first  avia-builder-el-4  el_after_av_one_full  el_before_av_hr  column-top-margin\" style='border-radius:0px; '><section class=\"av_textblock_section \"  itemscope=\"itemscope\" itemtype=\"https:\/\/schema.org\/BlogPosting\" itemprop=\"blogPost\" ><div class='avia_textblock  '   itemprop=\"text\" ><p style=\"text-align: justify;\">Como impresentable fue catalogada por la Diputada Marcia Raphael, la situaci\u00f3n que est\u00e1 viviendo el servicio de la Junta Nacional de Auxilio Escolar y Becas de la regi\u00f3n de Ays\u00e9n, la que en la actualidad presenta graves inconvenientes en su administraci\u00f3n y ejecuci\u00f3n de programas, sumado a la renuncia del ahora ex director del servicio Patrice Van de Maele.<\/p>\n<p style=\"text-align: justify;\">Hace algunas semanas la legisladora por la regi\u00f3n de Ays\u00e9n, se reuni\u00f3 con el director regional de Junaeb, para abordar diversas situaciones que est\u00e1n ocurriendo en la regi\u00f3n, como, por ejemplo, lo sucedido con la empresa Hendaya, la cual ha presentado graves inconvenientes en la entrega de alimentos a los estudiantes de toda la regi\u00f3n, en donde existen distintos reclamos, desde las manipuladoras de alimentos, los apoderados y los mismos j\u00f3venes.<\/p>\n<p style=\"text-align: justify;\">\u201cClaramente la calidad no est\u00e1 cumpliendo con los est\u00e1ndares necesarios para proporcionar alimento a los ni\u00f1os y j\u00f3venes quienes hoy son los que necesitan una mayor protecci\u00f3n respecto a la alimentaci\u00f3n para poder estudiar\u201d mencion\u00f3 la Diputada.<\/p>\n<p style=\"text-align: justify;\">Junto con ello, la parlamentaria mencion\u00f3 las dificultades que presentan en la actualidad las residencias familiares, un importante beneficio al que es posible acceder solo si eres renovante de educaci\u00f3n media, para lo que agreg\u00f3 que \u201cexisten 80 postulantes nuevos de educaci\u00f3n superior, quienes lamentablemente no pueden acceder a la beca de residencia familiar porque no son renovantes. Por tanto, es un gran cuello de botella para aquellos alumnos que estudian en los liceos de las distintas provincias de la regi\u00f3n y que, por no ser renovantes, no pueden postular a este beneficio. Ese claramente es un gran desincentivo para que todos los j\u00f3venes puedan terminar su ense\u00f1anza media en sus liceos respectivos\u201d.<\/p>\n<p style=\"text-align: justify;\">De acuerdo con ello, se\u00f1al\u00f3 tambi\u00e9n la problem\u00e1tica con la beca Ays\u00e9n y beca Patagonia, las que a la fecha a\u00fan no les son depositadas a los alumnos beneficiados, indicando que \u201ces necesario darles mayor celeridad a los procesos de entrega de las becas, ya que generalmente los j\u00f3venes reciben este aporte en junio o julio y a pesar que les llega retroactiva, son las familias quienes deben autofinanciar dichos estudios\u201d.<\/p>\n<p style=\"text-align: justify;\">Dentro de lo expuesto por la Diputada Raphael, tambi\u00e9n est\u00e1 considerada la demanda nacional que tiene relaci\u00f3n con el monto de la beca de alimentaci\u00f3n de educaci\u00f3n superior (BAES), la que no aumenta su valor de los 32 mil pesos desde hace 10 a\u00f1os. Para ello, agreg\u00f3 que \u201ces importante que el gobierno escuche las demandas de los estudiantes y para eso, es vital que exista el nombramiento completo de autoridades cuanto antes. Si el director de Junaeb renunci\u00f3, corresponde que prontamente se designe una nueva autoridad para este servicio que est\u00e1 siendo fuertemente solicitado por la comunidad estudiantil\u201d.<\/p>\n<p style=\"text-align: justify;\"><strong>\u00a0<\/strong><\/p>\n<\/div><\/section><\/div><div  style='height:50px' class='hr hr-invisible   avia-builder-el-6  el_after_av_one_full  el_before_av_social_share '><span class='hr-inner ' ><span class='hr-inner-style'><\/span><\/span><\/div><\/p>\n<div  class='av-social-sharing-box  avia-builder-el-7  el_after_av_hr  el_before_av_hr  '><div class='av-share-box'><h5 class='av-share-link-description av-no-toc '>Compartir esta noticia<\/h5><ul class='av-share-box-list noLightbox'><li class='av-share-link av-social-link-facebook' ><a target=\"_blank\" aria-label=\"Compartir en Facebook\" href='https:\/\/www.facebook.com\/sharer.php?u=https:\/\/radiorevelacionfm.cl\/?p=15303&#038;t=Diputada%20Raphael%3A%20%E2%80%9CSi%20el%20director%20de%20Junaeb%20renunci%C3%B3%2C%20corresponde%20que%20prontamente%20se%20designe%20una%20nueva%20autoridad%E2%80%9D' aria-hidden='false' data-av_icon='\ue8f3' data-av_iconfont='entypo-fontello' title='' data-avia-related-tooltip='Compartir en Facebook' rel=\"noopener\"><span class='avia_hidden_link_text'>Compartir en Facebook<\/span><\/a><\/li><li class='av-share-link av-social-link-twitter' ><a target=\"_blank\" aria-label=\"Compartir en Twitter\" href='https:\/\/twitter.com\/share?text=Diputada%20Raphael%3A%20%E2%80%9CSi%20el%20director%20de%20Junaeb%20renunci%C3%B3%2C%20corresponde%20que%20prontamente%20se%20designe%20una%20nueva%20autoridad%E2%80%9D&#038;url=https:\/\/radiorevelacionfm.cl\/?p=15303' aria-hidden='false' data-av_icon='\ue8f1' data-av_iconfont='entypo-fontello' title='' data-avia-related-tooltip='Compartir en Twitter' rel=\"noopener\"><span class='avia_hidden_link_text'>Compartir en Twitter<\/span><\/a><\/li><li class='av-share-link av-social-link-whatsapp' ><a target=\"_blank\" aria-label=\"Compartir en Whatsapp\" href='https:\/\/api.whatsapp.com\/send?text=https:\/\/radiorevelacionfm.cl\/?p=15303' aria-hidden='false' data-av_icon='\uf232' data-av_iconfont='entypo-fontello' title='' data-avia-related-tooltip='Compartir en Whatsapp' rel=\"noopener\"><span class='avia_hidden_link_text'>Compartir en Whatsapp<\/span><\/a><\/li><li class='av-share-link av-social-link-linkedin' ><a target=\"_blank\" aria-label=\"Compartir en LinkedIn\" href='https:\/\/linkedin.com\/shareArticle?mini=true&#038;title=Diputada%20Raphael%3A%20%E2%80%9CSi%20el%20director%20de%20Junaeb%20renunci%C3%B3%2C%20corresponde%20que%20prontamente%20se%20designe%20una%20nueva%20autoridad%E2%80%9D&#038;url=https:\/\/radiorevelacionfm.cl\/?p=15303' aria-hidden='false' data-av_icon='\ue8fc' data-av_iconfont='entypo-fontello' title='' data-avia-related-tooltip='Compartir en LinkedIn' rel=\"noopener\"><span class='avia_hidden_link_text'>Compartir en LinkedIn<\/span><\/a><\/li><li class='av-share-link av-social-link-mail' ><a  aria-label=\"Compartir por correo\" href='mailto:?subject=Diputada%20Raphael%3A%20%E2%80%9CSi%20el%20director%20de%20Junaeb%20renunci%C3%B3%2C%20corresponde%20que%20prontamente%20se%20designe%20una%20nueva%20autoridad%E2%80%9D&#038;body=https:\/\/radiorevelacionfm.cl\/?p=15303' aria-hidden='false' data-av_icon='\ue805' data-av_iconfont='entypo-fontello' title='' data-avia-related-tooltip='Compartir por correo'><span class='avia_hidden_link_text'>Compartir por correo<\/span><\/a><\/li><\/ul><\/div><\/div>\n<div  style='height:50px' class='hr hr-invisible   avia-builder-el-8  el_after_av_social_share  el_before_av_comments_list '><span class='hr-inner ' ><span class='hr-inner-style'><\/span><\/span><\/div>\n<div  class='av-buildercomment  av-blog-meta-html-info-disabled av-blog-meta-tag-disabled  '><\/div>\n","protected":false},"excerpt":{"rendered":"","protected":false},"author":1,"featured_media":15304,"comment_status":"open","ping_status":"open","sticky":false,"template":"","format":"standard","meta":{"footnotes":""},"categories":[35],"tags":[],"class_list":["post-15303","post","type-post","status-publish","format-standard","has-post-thumbnail","hentry","category-politica"],"jetpack_featured_media_url":"https:\/\/radiorevelacionfm.cl\/wp-content\/uploads\/2022\/03\/MRM-1-1.jpg","_links":{"self":[{"href":"https:\/\/radiorevelacionfm.cl\/index.php?rest_route=\/wp\/v2\/posts\/15303","targetHints":{"allow":["GET"]}}],"collection":[{"href":"https:\/\/radiorevelacionfm.cl\/index.php?rest_route=\/wp\/v2\/posts"}],"about":[{"href":"https:\/\/radiorevelacionfm.cl\/index.php?rest_route=\/wp\/v2\/types\/post"}],"author":[{"embeddable":true,"href":"https:\/\/radiorevelacionfm.cl\/index.php?rest_route=\/wp\/v2\/users\/1"}],"replies":[{"embeddable":true,"href":"https:\/\/radiorevelacionfm.cl\/index.php?rest_route=%2Fwp%2Fv2%2Fcomments&post=15303"}],"version-history":[{"count":2,"href":"https:\/\/radiorevelacionfm.cl\/index.php?rest_route=\/wp\/v2\/posts\/15303\/revisions"}],"predecessor-version":[{"id":15315,"href":"https:\/\/radiorevelacionfm.cl\/index.php?rest_route=\/wp\/v2\/posts\/15303\/revisions\/15315"}],"wp:featuredmedia":[{"embeddable":true,"href":"https:\/\/radiorevelacionfm.cl\/index.php?rest_route=\/wp\/v2\/media\/15304"}],"wp:attachment":[{"href":"https:\/\/radiorevelacionfm.cl\/index.php?rest_route=%2Fwp%2Fv2%2Fmedia&parent=15303"}],"wp:term":[{"taxonomy":"category","embeddable":true,"href":"https:\/\/radiorevelacionfm.cl\/index.php?rest_route=%2Fwp%2Fv2%2Fcategories&post=15303"},{"taxonomy":"post_tag","embeddable":true,"href":"https:\/\/radiorevelacionfm.cl\/index.php?rest_route=%2Fwp%2Fv2%2Ftags&post=15303"}],"curies":[{"name":"wp","href":"https:\/\/api.w.org\/{rel}","templated":true}]}}