{"id":15300,"date":"2022-04-01T09:18:32","date_gmt":"2022-04-01T12:18:32","guid":{"rendered":"https:\/\/radiorevelacionfm.cl\/?p=15300"},"modified":"2022-04-01T09:18:32","modified_gmt":"2022-04-01T12:18:32","slug":"pti-fiordos-y-canales-de-aysen-inicia-plan-de-vinculacion-con-establecimientos-educacionales-cft-y-universidades","status":"publish","type":"post","link":"https:\/\/radiorevelacionfm.cl\/?p=15300","title":{"rendered":"PTI Fiordos y Canales de Ays\u00e9n inicia plan de vinculaci\u00f3n con establecimientos educacionales, CFT y Universidades"},"content":{"rendered":"<div class=\"flex_column av_one_full  flex_column_div av-zero-column-padding first  avia-builder-el-0  el_before_av_one_full  avia-builder-el-first  \" style='border-radius:0px; '><div  class='avia-image-container  av-styling-    avia-builder-el-1  avia-builder-el-no-sibling  avia-align-center '  itemprop=\"image\" itemscope=\"itemscope\" itemtype=\"https:\/\/schema.org\/ImageObject\"  ><div class='avia-image-container-inner'><div class='avia-image-overlay-wrap'><img decoding=\"async\" class='wp-image-15301 avia-img-lazy-loading-not-15301 avia_image' src=\"https:\/\/radiorevelacionfm.cl\/wp-content\/uploads\/2022\/03\/PTI-1-1.jpeg\" alt='' title='PTI (1) (1)' height=\"600\" width=\"1067\"  itemprop=\"thumbnailUrl\" srcset=\"https:\/\/radiorevelacionfm.cl\/wp-content\/uploads\/2022\/03\/PTI-1-1.jpeg 1067w, https:\/\/radiorevelacionfm.cl\/wp-content\/uploads\/2022\/03\/PTI-1-1-300x169.jpeg 300w, https:\/\/radiorevelacionfm.cl\/wp-content\/uploads\/2022\/03\/PTI-1-1-1030x579.jpeg 1030w, https:\/\/radiorevelacionfm.cl\/wp-content\/uploads\/2022\/03\/PTI-1-1-768x432.jpeg 768w, https:\/\/radiorevelacionfm.cl\/wp-content\/uploads\/2022\/03\/PTI-1-1-705x396.jpeg 705w, https:\/\/radiorevelacionfm.cl\/wp-content\/uploads\/2022\/03\/PTI-1-1-600x337.jpeg 600w\" sizes=\"(max-width: 1067px) 100vw, 1067px\" \/><\/div><\/div><\/div><\/div><div class=\"flex_column av_one_full  flex_column_div av-zero-column-padding first  avia-builder-el-2  el_after_av_one_full  el_before_av_one_full  column-top-margin\" style='border-radius:0px; '><section class=\"av_textblock_section \"  itemscope=\"itemscope\" itemtype=\"https:\/\/schema.org\/BlogPosting\" itemprop=\"blogPost\" ><div class='avia_textblock  '   itemprop=\"text\" ><p style=\"text-align: center;\"><strong><span style=\"font-size: 18pt;\">PTI Fiordos y Canales de Ays\u00e9n inicia plan de vinculaci\u00f3n con establecimientos educacionales, CFT y Universidades<\/span><\/strong><\/p>\n<div id=\"gtx-trans\" style=\"position: absolute; left: -50px; top: 4.31534px;\">\n<div class=\"gtx-trans-icon\"><\/div>\n<\/div>\n<\/div><\/section><\/div><div class=\"flex_column av_one_full  flex_column_div av-zero-column-padding first  avia-builder-el-4  el_after_av_one_full  el_before_av_hr  column-top-margin\" style='border-radius:0px; '><section class=\"av_textblock_section \"  itemscope=\"itemscope\" itemtype=\"https:\/\/schema.org\/BlogPosting\" itemprop=\"blogPost\" ><div class='avia_textblock  '   itemprop=\"text\" ><p style=\"text-align: justify;\">Un plan de vinculaci\u00f3n con establecimientos educacionales est\u00e1 llevando adelante el\u00a0<a href=\"https:\/\/fiordosycanales.cl\/\">Programa Territorial Integrado (PTI) Fiordos y Canales de Ays\u00e9n de Corfo<\/a>, con el objetivo de acercar a liceos, Centros de Formaci\u00f3n T\u00e9cnica y Universidades toda la oferta existente en el rubro de las prestaciones acu\u00edcolas.<\/p>\n<p style=\"text-align: justify;\">Es por ello que ya han liderado reuniones con el CFT estatal, Universidad de Ays\u00e9n, Liceo Polit\u00e9cnico de Puerto Ays\u00e9n y en los pr\u00f3ximos d\u00edas se har\u00e1 lo propio en Puerto Cisnes y Coyhaique. Al respecto, Ismael Infante Gestor Territorial del PTI, indic\u00f3 que \u201cqueremos vincular a los establecimientos y, comentarles de la oportunidad que existe hoy en d\u00eda de ser un emprendedor de la industria acu\u00edcola. Es aprovechar lo que tiene la Regi\u00f3n de Ays\u00e9n en esta \u00e1rea y que vendr\u00eda siendo casi 50%, entonces es muy relevante que podamos generar estos espacios de coordinaci\u00f3n\u201d.<\/p>\n<p style=\"text-align: justify;\">Actualmente, el Programa\u00a0<a href=\"https:\/\/proaqaysen.cl\/\">acompa\u00f1a en asesor\u00eda y gesti\u00f3n a m\u00e1s de 100 proveedores acu\u00edcolas<\/a>\u00a0en la Regi\u00f3n de Ays\u00e9n, quienes ofrecen a la gran industria soluciones efectivas tales como la reparaci\u00f3n de redes, rob\u00f3tica submarina, transporte, mantenci\u00f3n, limpieza de playas, reciclaje, entre otros, servicios que pueden convertirse en un \u00e1rea de inter\u00e9s para el sector educaci\u00f3n y tambi\u00e9n para la comunidad en general. \u201cEsperamos tener una reuni\u00f3n ampliada en el corto tiempo para que se genere una validaci\u00f3n con todos los actores invitados y as\u00ed, podamos dar paso al plan de oferta program\u00e1tica donde lo conozcan y se interesen tanto los estudiantes, los apoderados y la comunidad en general\u201d, coment\u00f3 Infante.<\/p>\n<p style=\"text-align: justify;\">Finalmente, el gestor del PTI reforz\u00f3 que en el rubro \u201csabemos que existe una necesidad de capital humano y de formaci\u00f3n t\u00e9cnica especializada para los prestadores de servicios acu\u00edcolas y en la medida que acerquemos estas oportunidades en los estudiantes, se puede disminuir esta actual brecha\u201d, concluy\u00f3.<\/p>\n<\/div><\/section><\/div><div  style='height:50px' class='hr hr-invisible   avia-builder-el-6  el_after_av_one_full  el_before_av_social_share '><span class='hr-inner ' ><span class='hr-inner-style'><\/span><\/span><\/div><\/p>\n<div  class='av-social-sharing-box  avia-builder-el-7  el_after_av_hr  el_before_av_hr  '><div class='av-share-box'><h5 class='av-share-link-description av-no-toc '>Compartir esta noticia<\/h5><ul class='av-share-box-list noLightbox'><li class='av-share-link av-social-link-facebook' ><a target=\"_blank\" aria-label=\"Compartir en Facebook\" href='https:\/\/www.facebook.com\/sharer.php?u=https:\/\/radiorevelacionfm.cl\/?p=15300&#038;t=PTI%20Fiordos%20y%20Canales%20de%20Ays%C3%A9n%20inicia%20plan%20de%20vinculaci%C3%B3n%20con%20establecimientos%20educacionales%2C%20CFT%20y%20Universidades' aria-hidden='false' data-av_icon='\ue8f3' data-av_iconfont='entypo-fontello' title='' data-avia-related-tooltip='Compartir en Facebook' rel=\"noopener\"><span class='avia_hidden_link_text'>Compartir en Facebook<\/span><\/a><\/li><li class='av-share-link av-social-link-twitter' ><a target=\"_blank\" aria-label=\"Compartir en Twitter\" href='https:\/\/twitter.com\/share?text=PTI%20Fiordos%20y%20Canales%20de%20Ays%C3%A9n%20inicia%20plan%20de%20vinculaci%C3%B3n%20con%20establecimientos%20educacionales%2C%20CFT%20y%20Universidades&#038;url=https:\/\/radiorevelacionfm.cl\/?p=15300' aria-hidden='false' data-av_icon='\ue8f1' data-av_iconfont='entypo-fontello' title='' data-avia-related-tooltip='Compartir en Twitter' rel=\"noopener\"><span class='avia_hidden_link_text'>Compartir en Twitter<\/span><\/a><\/li><li class='av-share-link av-social-link-whatsapp' ><a target=\"_blank\" aria-label=\"Compartir en Whatsapp\" href='https:\/\/api.whatsapp.com\/send?text=https:\/\/radiorevelacionfm.cl\/?p=15300' aria-hidden='false' data-av_icon='\uf232' data-av_iconfont='entypo-fontello' title='' data-avia-related-tooltip='Compartir en Whatsapp' rel=\"noopener\"><span class='avia_hidden_link_text'>Compartir en Whatsapp<\/span><\/a><\/li><li class='av-share-link av-social-link-linkedin' ><a target=\"_blank\" aria-label=\"Compartir en LinkedIn\" href='https:\/\/linkedin.com\/shareArticle?mini=true&#038;title=PTI%20Fiordos%20y%20Canales%20de%20Ays%C3%A9n%20inicia%20plan%20de%20vinculaci%C3%B3n%20con%20establecimientos%20educacionales%2C%20CFT%20y%20Universidades&#038;url=https:\/\/radiorevelacionfm.cl\/?p=15300' aria-hidden='false' data-av_icon='\ue8fc' data-av_iconfont='entypo-fontello' title='' data-avia-related-tooltip='Compartir en LinkedIn' rel=\"noopener\"><span class='avia_hidden_link_text'>Compartir en LinkedIn<\/span><\/a><\/li><li class='av-share-link av-social-link-mail' ><a  aria-label=\"Compartir por correo\" href='mailto:?subject=PTI%20Fiordos%20y%20Canales%20de%20Ays%C3%A9n%20inicia%20plan%20de%20vinculaci%C3%B3n%20con%20establecimientos%20educacionales%2C%20CFT%20y%20Universidades&#038;body=https:\/\/radiorevelacionfm.cl\/?p=15300' aria-hidden='false' data-av_icon='\ue805' data-av_iconfont='entypo-fontello' title='' data-avia-related-tooltip='Compartir por correo'><span class='avia_hidden_link_text'>Compartir por correo<\/span><\/a><\/li><\/ul><\/div><\/div>\n<div  style='height:50px' class='hr hr-invisible   avia-builder-el-8  el_after_av_social_share  el_before_av_comments_list '><span class='hr-inner ' ><span class='hr-inner-style'><\/span><\/span><\/div>\n<div  class='av-buildercomment  av-blog-meta-html-info-disabled av-blog-meta-tag-disabled  '><\/div>\n","protected":false},"excerpt":{"rendered":"","protected":false},"author":1,"featured_media":15301,"comment_status":"open","ping_status":"open","sticky":false,"template":"","format":"standard","meta":{"footnotes":""},"categories":[38],"tags":[],"class_list":["post-15300","post","type-post","status-publish","format-standard","has-post-thumbnail","hentry","category-regional"],"jetpack_featured_media_url":"https:\/\/radiorevelacionfm.cl\/wp-content\/uploads\/2022\/03\/PTI-1-1.jpeg","_links":{"self":[{"href":"https:\/\/radiorevelacionfm.cl\/index.php?rest_route=\/wp\/v2\/posts\/15300","targetHints":{"allow":["GET"]}}],"collection":[{"href":"https:\/\/radiorevelacionfm.cl\/index.php?rest_route=\/wp\/v2\/posts"}],"about":[{"href":"https:\/\/radiorevelacionfm.cl\/index.php?rest_route=\/wp\/v2\/types\/post"}],"author":[{"embeddable":true,"href":"https:\/\/radiorevelacionfm.cl\/index.php?rest_route=\/wp\/v2\/users\/1"}],"replies":[{"embeddable":true,"href":"https:\/\/radiorevelacionfm.cl\/index.php?rest_route=%2Fwp%2Fv2%2Fcomments&post=15300"}],"version-history":[{"count":2,"href":"https:\/\/radiorevelacionfm.cl\/index.php?rest_route=\/wp\/v2\/posts\/15300\/revisions"}],"predecessor-version":[{"id":15316,"href":"https:\/\/radiorevelacionfm.cl\/index.php?rest_route=\/wp\/v2\/posts\/15300\/revisions\/15316"}],"wp:featuredmedia":[{"embeddable":true,"href":"https:\/\/radiorevelacionfm.cl\/index.php?rest_route=\/wp\/v2\/media\/15301"}],"wp:attachment":[{"href":"https:\/\/radiorevelacionfm.cl\/index.php?rest_route=%2Fwp%2Fv2%2Fmedia&parent=15300"}],"wp:term":[{"taxonomy":"category","embeddable":true,"href":"https:\/\/radiorevelacionfm.cl\/index.php?rest_route=%2Fwp%2Fv2%2Fcategories&post=15300"},{"taxonomy":"post_tag","embeddable":true,"href":"https:\/\/radiorevelacionfm.cl\/index.php?rest_route=%2Fwp%2Fv2%2Ftags&post=15300"}],"curies":[{"name":"wp","href":"https:\/\/api.w.org\/{rel}","templated":true}]}}