{"id":15296,"date":"2022-03-31T17:57:32","date_gmt":"2022-03-31T20:57:32","guid":{"rendered":"https:\/\/radiorevelacionfm.cl\/?p=15296"},"modified":"2022-03-31T17:57:32","modified_gmt":"2022-03-31T20:57:32","slug":"hasta-este-viernes-se-encuentra-abierta-la-feria-mujer-indigena-en-coyhaique","status":"publish","type":"post","link":"https:\/\/radiorevelacionfm.cl\/?p=15296","title":{"rendered":"Hasta este viernes se encuentra abierta la Feria Mujer Ind\u00edgena en Coyhaique"},"content":{"rendered":"<div class=\"flex_column av_one_full  flex_column_div av-zero-column-padding first  avia-builder-el-0  el_before_av_one_full  avia-builder-el-first  \" style='border-radius:0px; '><div  class='avia-image-container  av-styling-    avia-builder-el-1  avia-builder-el-no-sibling  avia-align-center '  itemprop=\"image\" itemscope=\"itemscope\" itemtype=\"https:\/\/schema.org\/ImageObject\"  ><div class='avia-image-container-inner'><div class='avia-image-overlay-wrap'><img decoding=\"async\" class='wp-image-15297 avia-img-lazy-loading-not-15297 avia_image' src=\"https:\/\/radiorevelacionfm.cl\/wp-content\/uploads\/2022\/03\/FERIA-MUJER-INDIGENA-7-1-1.jpg\" alt='' title='FERIA MUJER IND\u00cdGENA (7) (1) (1)' height=\"600\" width=\"901\"  itemprop=\"thumbnailUrl\" srcset=\"https:\/\/radiorevelacionfm.cl\/wp-content\/uploads\/2022\/03\/FERIA-MUJER-INDIGENA-7-1-1.jpg 901w, https:\/\/radiorevelacionfm.cl\/wp-content\/uploads\/2022\/03\/FERIA-MUJER-INDIGENA-7-1-1-300x200.jpg 300w, https:\/\/radiorevelacionfm.cl\/wp-content\/uploads\/2022\/03\/FERIA-MUJER-INDIGENA-7-1-1-768x511.jpg 768w, https:\/\/radiorevelacionfm.cl\/wp-content\/uploads\/2022\/03\/FERIA-MUJER-INDIGENA-7-1-1-705x469.jpg 705w, https:\/\/radiorevelacionfm.cl\/wp-content\/uploads\/2022\/03\/FERIA-MUJER-INDIGENA-7-1-1-600x400.jpg 600w\" sizes=\"(max-width: 901px) 100vw, 901px\" \/><\/div><\/div><\/div><\/div><div class=\"flex_column av_one_full  flex_column_div av-zero-column-padding first  avia-builder-el-2  el_after_av_one_full  el_before_av_one_full  column-top-margin\" style='border-radius:0px; '><section class=\"av_textblock_section \"  itemscope=\"itemscope\" itemtype=\"https:\/\/schema.org\/BlogPosting\" itemprop=\"blogPost\" ><div class='avia_textblock  '   itemprop=\"text\" ><p style=\"text-align: center;\"><strong><span style=\"font-size: 18pt;\">Hasta este viernes se encuentra abierta la Feria Mujer Ind\u00edgena en Coyhaique<\/span><\/strong><\/p>\n<div id=\"gtx-trans\" style=\"position: absolute; left: -50px; top: 4.31534px;\">\n<div class=\"gtx-trans-icon\"><\/div>\n<\/div>\n<\/div><\/section><\/div><div class=\"flex_column av_one_full  flex_column_div av-zero-column-padding first  avia-builder-el-4  el_after_av_one_full  el_before_av_hr  column-top-margin\" style='border-radius:0px; '><section class=\"av_textblock_section \"  itemscope=\"itemscope\" itemtype=\"https:\/\/schema.org\/BlogPosting\" itemprop=\"blogPost\" ><div class='avia_textblock  '   itemprop=\"text\" ><p style=\"font-weight: 400; text-align: justify;\">22 expositoras participan en la Feria Mujer Ind\u00edgena en el eje central de la Plaza de Armas de Coyhaique la que se extender\u00e1 hasta este viernes 01 de abril. El evento busca potenciar la autonom\u00eda econ\u00f3mica de sus participantes; y al mismo tiempo, es una oportunidad para difundir la cultura de los pueblos originarios. Artesan\u00eda, gastronom\u00eda, orfebrer\u00eda, hierbas medicinales y cosm\u00e9tica natural son algunos de los productos que est\u00e1n disponibles para la venta.<\/p>\n<p style=\"font-weight: 400; text-align: justify;\">La actividad organizada por la Mesa del mismo nombre, es integrada por agrupaciones, asociaciones y comunidades mapuche de la comuna de Coyhaique; en conjunto con el Servicio Nacional de la Mujer y la Equidad de G\u00e9nero, SernamEG, y la Corporaci\u00f3n Nacional de Desarrollo Ind\u00edgena, CONADI.<\/p>\n<p style=\"font-weight: 400; text-align: justify;\">La inauguraci\u00f3n del evento fue encabezada por el Delegado Presidencial Regional, Rodrigo Araya Morales, quien destac\u00f3 que esta actividad se enmarca en el D\u00eda Internacional de la Mujer y al mismo tiempo relev\u00f3 que el Gobierno del Presidente Gabriel Boric Font \u201ctiene un componente feminista muy potente, pero tambi\u00e9n de reconocimiento del pueblo originario, por lo tanto, aqu\u00ed se conjugan esas tres cosas y el valor de la producci\u00f3n del trabajo tambi\u00e9n de todas las mujeres que est\u00e1n aqu\u00ed, que tienen este producto tan hermoso, la importancia del legado cultural que ellas transmiten a nuestras comunidades, no solamente a sus familias, sino que tambi\u00e9n a toda nuestra sociedad. Son depositarias de un legado cultural milenario y, por lo tanto, merecen todo nuestro respeto. El compromiso es a seguir apoyando, a que se sigan produciendo ferias de este tipo, para que podamos disfrutar de su arte y su cultura\u00bb.<\/p>\n<p style=\"font-weight: 400; text-align: justify;\">Por su parte, la Lamngen Nora Catrian Pinda, perteneciente a la Comunidad Catrian Pinda, dijo: \u201caqu\u00ed se muestra la creatividad de nuestra gente, de la mujer mapuche e inclusive en ocasiones cuando ha habido ferias hay varones que trabajan muy bien la artesan\u00eda. Por lo tanto, lo valioso es que nos importa ser visibles para el resto, porque antes est\u00e1bamos muy escondidos y ahora estamos presentes; creo que aqu\u00ed no vamos a estar ausentes nunca m\u00e1s, siempre aportando a la comunidad\u201d.<\/p>\n<p style=\"font-weight: 400; text-align: justify;\">Una de las expositoras que actualmente est\u00e1 presente en la Feria Mujer Ind\u00edgena en la cabecera regional, Margarita Anti\u00f1anco Torres, se refiri\u00f3 a su labor, explicando que \u201ccreo orfebrer\u00eda mapuche, realizo todo tipo de trabajos como el trarilonko, trapelacucha, aros chaway, entre otros productos\u201d. Respecto al beneficio que le significa la realizaci\u00f3n de ferias productivas, agreg\u00f3 que \u201cdada la situaci\u00f3n econ\u00f3mica me ha costado vender mis productos, aunque internet sirve cuando se realizan estas ferias nos ayudan bastante para sustentarnos\u201d.<\/p>\n<p style=\"font-weight: 400; text-align: justify;\">LABOR CONJUNTA ENTRE SOCIEDAD CIVIL ORGANIZADA E INSTITUCIONES<\/p>\n<p style=\"font-weight: 400; text-align: justify;\">La Feria Mujer Ind\u00edgena 2022 es el resultado del trabajo colaborativo entre varios actores, lo que fue destacado por la Directora Regional Subrogante de SernamEG, Carla Arriagada Malague\u00f1o. \u201cJunto a CONADI, las agrupaciones, comunidades y asociaciones ind\u00edgenas hemos podido realizar esta labor donde las mujeres son las protagonistas, como Instituciones colaboramos con la organizaci\u00f3n y la gesti\u00f3n pero ellas son autogestionadas. Para nosotros como Servicio es super importante el tener estas iniciativas, porque en el fondo son una plataforma y un espacio donde las emprendedoras de las comunidades ind\u00edgenas pueden comercializar, darse a conocer, vender sus productos y mejorar sus redes de asociatividad\u201d, puntualiz\u00f3.<\/p>\n<p style=\"font-weight: 400; text-align: justify;\">El a\u00f1o 2019 se realiz\u00f3 la primera versi\u00f3n de la Feria con la idea de replicar a nivel regional la Expo Feria Mujeres Emprendedoras Ind\u00edgenas, que hasta la declaraci\u00f3n de alerta sanitaria producto de la pandemia por el COVID- 19 se llevaba a cabo en Santiago, organizada por SernamEG y CONADI. Al respecto, la Coordinadora Regional de esta \u00faltima instituci\u00f3n, Pamela Huaitiao Almonacid, explic\u00f3: \u201cconsideramos relevante que esta iniciativa se plasmara tambi\u00e9n en nuestra Regi\u00f3n y result\u00f3 de esta manera a trav\u00e9s de la Mesa de la Mujer Ind\u00edgena y no se pudo repetir durante todos los a\u00f1os que hubo pandemia por el tipo de plan que era bastante m\u00e1s restrictivo que lo tenemos hoy, as\u00ed que para CONADI es muy satisfactorio el haber canalizado esta necesidad de las comunidades y asociaciones ind\u00edgenas a trav\u00e9s de sus emprendedoras\u201d.<\/p>\n<p style=\"font-weight: 400; text-align: justify;\">We folil, Rakiduamtun, Mariman, Catrian Pinda, Tai\u00f1 mapu Coyhaique, Antu ka Pire Mapu Mew, Comunidad Saihueque y Maw\u00fcn Kurruf de Valle Simpson son las organizaciones que participan a trav\u00e9s de sus representantes en la Feria Mujer Ind\u00edgena que finaliza este viernes a las 18:30 horas en el Eje Central de la Plaza de Armas de Coyhaique.<\/p>\n<\/div><\/section><\/div><div  style='height:50px' class='hr hr-invisible   avia-builder-el-6  el_after_av_one_full  el_before_av_social_share '><span class='hr-inner ' ><span class='hr-inner-style'><\/span><\/span><\/div><\/p>\n<div  class='av-social-sharing-box  avia-builder-el-7  el_after_av_hr  el_before_av_hr  '><div class='av-share-box'><h5 class='av-share-link-description av-no-toc '>Compartir esta noticia<\/h5><ul class='av-share-box-list noLightbox'><li class='av-share-link av-social-link-facebook' ><a target=\"_blank\" aria-label=\"Compartir en Facebook\" href='https:\/\/www.facebook.com\/sharer.php?u=https:\/\/radiorevelacionfm.cl\/?p=15296&#038;t=Hasta%20este%20viernes%20se%20encuentra%20abierta%20la%20Feria%20Mujer%20Ind%C3%ADgena%20en%20Coyhaique' aria-hidden='false' data-av_icon='\ue8f3' data-av_iconfont='entypo-fontello' title='' data-avia-related-tooltip='Compartir en Facebook' rel=\"noopener\"><span class='avia_hidden_link_text'>Compartir en Facebook<\/span><\/a><\/li><li class='av-share-link av-social-link-twitter' ><a target=\"_blank\" aria-label=\"Compartir en Twitter\" href='https:\/\/twitter.com\/share?text=Hasta%20este%20viernes%20se%20encuentra%20abierta%20la%20Feria%20Mujer%20Ind%C3%ADgena%20en%20Coyhaique&#038;url=https:\/\/radiorevelacionfm.cl\/?p=15296' aria-hidden='false' data-av_icon='\ue8f1' data-av_iconfont='entypo-fontello' title='' data-avia-related-tooltip='Compartir en Twitter' rel=\"noopener\"><span class='avia_hidden_link_text'>Compartir en Twitter<\/span><\/a><\/li><li class='av-share-link av-social-link-whatsapp' ><a target=\"_blank\" aria-label=\"Compartir en Whatsapp\" href='https:\/\/api.whatsapp.com\/send?text=https:\/\/radiorevelacionfm.cl\/?p=15296' aria-hidden='false' data-av_icon='\uf232' data-av_iconfont='entypo-fontello' title='' data-avia-related-tooltip='Compartir en Whatsapp' rel=\"noopener\"><span class='avia_hidden_link_text'>Compartir en Whatsapp<\/span><\/a><\/li><li class='av-share-link av-social-link-linkedin' ><a target=\"_blank\" aria-label=\"Compartir en LinkedIn\" href='https:\/\/linkedin.com\/shareArticle?mini=true&#038;title=Hasta%20este%20viernes%20se%20encuentra%20abierta%20la%20Feria%20Mujer%20Ind%C3%ADgena%20en%20Coyhaique&#038;url=https:\/\/radiorevelacionfm.cl\/?p=15296' aria-hidden='false' data-av_icon='\ue8fc' data-av_iconfont='entypo-fontello' title='' data-avia-related-tooltip='Compartir en LinkedIn' rel=\"noopener\"><span class='avia_hidden_link_text'>Compartir en LinkedIn<\/span><\/a><\/li><li class='av-share-link av-social-link-mail' ><a  aria-label=\"Compartir por correo\" href='mailto:?subject=Hasta%20este%20viernes%20se%20encuentra%20abierta%20la%20Feria%20Mujer%20Ind%C3%ADgena%20en%20Coyhaique&#038;body=https:\/\/radiorevelacionfm.cl\/?p=15296' aria-hidden='false' data-av_icon='\ue805' data-av_iconfont='entypo-fontello' title='' data-avia-related-tooltip='Compartir por correo'><span class='avia_hidden_link_text'>Compartir por correo<\/span><\/a><\/li><\/ul><\/div><\/div>\n<div  style='height:50px' class='hr hr-invisible   avia-builder-el-8  el_after_av_social_share  el_before_av_comments_list '><span class='hr-inner ' ><span class='hr-inner-style'><\/span><\/span><\/div>\n<div  class='av-buildercomment  av-blog-meta-html-info-disabled av-blog-meta-tag-disabled  '><\/div>\n","protected":false},"excerpt":{"rendered":"","protected":false},"author":1,"featured_media":15297,"comment_status":"open","ping_status":"open","sticky":false,"template":"","format":"standard","meta":{"footnotes":""},"categories":[38],"tags":[],"class_list":["post-15296","post","type-post","status-publish","format-standard","has-post-thumbnail","hentry","category-regional"],"jetpack_featured_media_url":"https:\/\/radiorevelacionfm.cl\/wp-content\/uploads\/2022\/03\/FERIA-MUJER-INDIGENA-7-1-1.jpg","_links":{"self":[{"href":"https:\/\/radiorevelacionfm.cl\/index.php?rest_route=\/wp\/v2\/posts\/15296","targetHints":{"allow":["GET"]}}],"collection":[{"href":"https:\/\/radiorevelacionfm.cl\/index.php?rest_route=\/wp\/v2\/posts"}],"about":[{"href":"https:\/\/radiorevelacionfm.cl\/index.php?rest_route=\/wp\/v2\/types\/post"}],"author":[{"embeddable":true,"href":"https:\/\/radiorevelacionfm.cl\/index.php?rest_route=\/wp\/v2\/users\/1"}],"replies":[{"embeddable":true,"href":"https:\/\/radiorevelacionfm.cl\/index.php?rest_route=%2Fwp%2Fv2%2Fcomments&post=15296"}],"version-history":[{"count":2,"href":"https:\/\/radiorevelacionfm.cl\/index.php?rest_route=\/wp\/v2\/posts\/15296\/revisions"}],"predecessor-version":[{"id":15306,"href":"https:\/\/radiorevelacionfm.cl\/index.php?rest_route=\/wp\/v2\/posts\/15296\/revisions\/15306"}],"wp:featuredmedia":[{"embeddable":true,"href":"https:\/\/radiorevelacionfm.cl\/index.php?rest_route=\/wp\/v2\/media\/15297"}],"wp:attachment":[{"href":"https:\/\/radiorevelacionfm.cl\/index.php?rest_route=%2Fwp%2Fv2%2Fmedia&parent=15296"}],"wp:term":[{"taxonomy":"category","embeddable":true,"href":"https:\/\/radiorevelacionfm.cl\/index.php?rest_route=%2Fwp%2Fv2%2Fcategories&post=15296"},{"taxonomy":"post_tag","embeddable":true,"href":"https:\/\/radiorevelacionfm.cl\/index.php?rest_route=%2Fwp%2Fv2%2Ftags&post=15296"}],"curies":[{"name":"wp","href":"https:\/\/api.w.org\/{rel}","templated":true}]}}