{"id":15289,"date":"2022-03-31T17:40:47","date_gmt":"2022-03-31T20:40:47","guid":{"rendered":"https:\/\/radiorevelacionfm.cl\/?p=15289"},"modified":"2022-03-31T17:44:52","modified_gmt":"2022-03-31T20:44:52","slug":"paulina-ruz-delfin-es-la-nueva-seremi-de-vivienda-de-la-region-de-aysen","status":"publish","type":"post","link":"https:\/\/radiorevelacionfm.cl\/?p=15289","title":{"rendered":"Paulina Ruz Delf\u00edn es la nueva Seremi de Vivienda de la Regi\u00f3n de Ays\u00e9n"},"content":{"rendered":"<div class=\"flex_column av_one_full  flex_column_div av-zero-column-padding first  avia-builder-el-0  el_before_av_one_full  avia-builder-el-first  \" style='border-radius:0px; '><div  class='avia-image-container  av-styling-    avia-builder-el-1  avia-builder-el-no-sibling  avia-align-center '  itemprop=\"image\" itemscope=\"itemscope\" itemtype=\"https:\/\/schema.org\/ImageObject\"  ><div class='avia-image-container-inner'><div class='avia-image-overlay-wrap'><img decoding=\"async\" class='wp-image-15294 avia-img-lazy-loading-not-15294 avia_image' src=\"https:\/\/radiorevelacionfm.cl\/wp-content\/uploads\/2022\/03\/Seremi-de-Vivienda-region-de-Aysen-Paulina-Ruz-Delfin1-1-1.jpg\" alt='' title='Seremi de Vivienda regi\u00f3n de Ays\u00e9n, Paulina Ruz Delf\u00edn1 (1) (1)' height=\"600\" width=\"1051\"  itemprop=\"thumbnailUrl\" srcset=\"https:\/\/radiorevelacionfm.cl\/wp-content\/uploads\/2022\/03\/Seremi-de-Vivienda-region-de-Aysen-Paulina-Ruz-Delfin1-1-1.jpg 1051w, https:\/\/radiorevelacionfm.cl\/wp-content\/uploads\/2022\/03\/Seremi-de-Vivienda-region-de-Aysen-Paulina-Ruz-Delfin1-1-1-300x171.jpg 300w, https:\/\/radiorevelacionfm.cl\/wp-content\/uploads\/2022\/03\/Seremi-de-Vivienda-region-de-Aysen-Paulina-Ruz-Delfin1-1-1-1030x588.jpg 1030w, https:\/\/radiorevelacionfm.cl\/wp-content\/uploads\/2022\/03\/Seremi-de-Vivienda-region-de-Aysen-Paulina-Ruz-Delfin1-1-1-768x438.jpg 768w, https:\/\/radiorevelacionfm.cl\/wp-content\/uploads\/2022\/03\/Seremi-de-Vivienda-region-de-Aysen-Paulina-Ruz-Delfin1-1-1-705x402.jpg 705w, https:\/\/radiorevelacionfm.cl\/wp-content\/uploads\/2022\/03\/Seremi-de-Vivienda-region-de-Aysen-Paulina-Ruz-Delfin1-1-1-600x343.jpg 600w\" sizes=\"(max-width: 1051px) 100vw, 1051px\" \/><\/div><\/div><\/div><\/div><div class=\"flex_column av_one_full  flex_column_div av-zero-column-padding first  avia-builder-el-2  el_after_av_one_full  el_before_av_one_full  column-top-margin\" style='border-radius:0px; '><section class=\"av_textblock_section \"  itemscope=\"itemscope\" itemtype=\"https:\/\/schema.org\/BlogPosting\" itemprop=\"blogPost\" ><div class='avia_textblock  '   itemprop=\"text\" ><p style=\"text-align: center;\"><span style=\"font-size: 18pt;\"><strong>Paulina Ruz Delf\u00edn es la nueva Seremi de Vivienda de la Regi\u00f3n de Ays\u00e9n<\/strong><\/span><\/p>\n<div id=\"gtx-trans\" style=\"position: absolute; left: -50px; top: 4.31534px;\">\n<div class=\"gtx-trans-icon\"><\/div>\n<\/div>\n<\/div><\/section><\/div><\/p>\n<div class=\"flex_column av_one_full  flex_column_div av-zero-column-padding first  avia-builder-el-4  el_after_av_one_full  el_before_av_hr  column-top-margin\" style='border-radius:0px; '><section class=\"av_textblock_section \"  itemscope=\"itemscope\" itemtype=\"https:\/\/schema.org\/BlogPosting\" itemprop=\"blogPost\" ><div class='avia_textblock  '   itemprop=\"text\" ><p style=\"text-align: justify;\">La abogada y diplomada en Derecho Administrativo de la Pontificia Universidad Cat\u00f3lica de Valpara\u00edso, Paulina Ruz Delf\u00edn, asumi\u00f3 este jueves como la nueva Secretaria Regional Ministerial de Vivienda y Urbanismo de la Regi\u00f3n de Ays\u00e9n.<\/p>\n<p style=\"text-align: justify;\">La reci\u00e9n nombrada autoridad se mostr\u00f3 agradecida por la confianza depositada por el Presidente Gabriel B\u00f3ric en este nombramiento, asumiendo con gran responsabilidad y orgullo una de las carteras m\u00e1s relevantes y de mayor impacto social en la regi\u00f3n.<\/p>\n<p style=\"text-align: justify;\">Paulina Ruz tiene 31 a\u00f1os, naci\u00f3 y creci\u00f3 en la Regi\u00f3n de Ays\u00e9n, curs\u00f3 su ense\u00f1anza media en el Liceo San Felipe Benicio de Coyhaique y sus estudios de Derecho en la Universidad Nacional Andr\u00e9s Bello. Hasta este nombramiento se desempe\u00f1aba en la Direcci\u00f3n de Desarrollo Comunitario de la Municipalidad de Ays\u00e9n, destacando tambi\u00e9n en el \u00e1mbito laboral sus funciones previas como asesora legislativa en la C\u00e1mara de Diputadas y Diputados de Chile\u200b\u200b\u200b\u200b y en el Senado.<\/p>\n<p style=\"text-align: justify;\">Al asumir esta nueva responsabilidad la Seremi Paulina Ruz indic\u00f3 que hay grandes objetivos y mucho trabajo por delante, tanto en materia habitacional como urbana. \u201cEs un gran desaf\u00edo y una linda oportunidad de plasmar en obras y en hechos concretos los objetivos y sue\u00f1os de nuestro Gobierno, de solucionar los principales problemas y necesidades de nuestra gente de toda la regi\u00f3n. Para eso estaremos en permanente coordinaci\u00f3n con nuestro Delegado Presidencial, Rodrigo Araya, con la Gobernadora regional Andrea Mac\u00edas y con los dem\u00e1s ministerios que est\u00e1n al servicio de nuestra comunidad\u201d, se\u00f1al\u00f3.<\/p>\n<p style=\"text-align: justify;\">En ese sentido la autoridad afirm\u00f3 que de inmediato se reunir\u00e1 con sus equipos de trabajo para profundizar en las prioridades que hay que asumir a nivel regional en los distintos \u00e1mbitos de la gesti\u00f3n, como vivienda, pavimentaci\u00f3n, espacios p\u00fablicos e instrumentos de planificaci\u00f3n territorial, entre otros. \u201cComo lo ha dicho nuestro Ministro Carlos Montes y nuestra Subsecretaria Tatiana Rojas, tenemos grandes tareas, como afrontar el d\u00e9ficit habitacional, pero replanteando la forma de construir las ciudades, asegurando mayor integraci\u00f3n y solidaridad. Para eso vamos a estar en terreno, vamos a escuchar a nuestra gente y vamos a incentivar la participaci\u00f3n ciudadana en nuestras iniciativas y proyectos. Queremos dar desde ya la tranquilidad a nuestras familias que este ser\u00e1 un Servicio de puertas abiertas, donde esperamos tener una gran y estrecha relaci\u00f3n con dirigentes y la comunidad en general\u201d, manifest\u00f3.<\/p>\n<p style=\"text-align: justify;\">Finalmente, la nueva Seremi destac\u00f3 su compromiso con la descentralizaci\u00f3n, para lo cual asegur\u00f3 que lo antes posible recorrer\u00e1 la regi\u00f3n para sostener reuniones de trabajo con las autoridades provinciales y comunales, instancias que adem\u00e1s permitir\u00e1n conocer y recabar informaci\u00f3n actualizada sobre las principales demandas y necesidades de las familias y las diferentes organizaciones territoriales de la regi\u00f3n.<\/p>\n<\/div><\/section><\/div>\n<div  style='height:50px' class='hr hr-invisible   avia-builder-el-6  el_after_av_one_full  el_before_av_social_share '><span class='hr-inner ' ><span class='hr-inner-style'><\/span><\/span><\/div>\n<div  class='av-social-sharing-box  avia-builder-el-7  el_after_av_hr  el_before_av_hr  '><div class='av-share-box'><h5 class='av-share-link-description av-no-toc '>Compartir esta noticia<\/h5><ul class='av-share-box-list noLightbox'><li class='av-share-link av-social-link-facebook' ><a target=\"_blank\" aria-label=\"Compartir en Facebook\" href='https:\/\/www.facebook.com\/sharer.php?u=https:\/\/radiorevelacionfm.cl\/?p=15289&#038;t=Paulina%20Ruz%20Delf%C3%ADn%20es%20la%20nueva%20Seremi%20de%20Vivienda%20de%20la%20Regi%C3%B3n%20de%20Ays%C3%A9n' aria-hidden='false' data-av_icon='\ue8f3' data-av_iconfont='entypo-fontello' title='' data-avia-related-tooltip='Compartir en Facebook' rel=\"noopener\"><span class='avia_hidden_link_text'>Compartir en Facebook<\/span><\/a><\/li><li class='av-share-link av-social-link-twitter' ><a target=\"_blank\" aria-label=\"Compartir en Twitter\" href='https:\/\/twitter.com\/share?text=Paulina%20Ruz%20Delf%C3%ADn%20es%20la%20nueva%20Seremi%20de%20Vivienda%20de%20la%20Regi%C3%B3n%20de%20Ays%C3%A9n&#038;url=https:\/\/radiorevelacionfm.cl\/?p=15289' aria-hidden='false' data-av_icon='\ue8f1' data-av_iconfont='entypo-fontello' title='' data-avia-related-tooltip='Compartir en Twitter' rel=\"noopener\"><span class='avia_hidden_link_text'>Compartir en Twitter<\/span><\/a><\/li><li class='av-share-link av-social-link-whatsapp' ><a target=\"_blank\" aria-label=\"Compartir en Whatsapp\" href='https:\/\/api.whatsapp.com\/send?text=https:\/\/radiorevelacionfm.cl\/?p=15289' aria-hidden='false' data-av_icon='\uf232' data-av_iconfont='entypo-fontello' title='' data-avia-related-tooltip='Compartir en Whatsapp' rel=\"noopener\"><span class='avia_hidden_link_text'>Compartir en Whatsapp<\/span><\/a><\/li><li class='av-share-link av-social-link-linkedin' ><a target=\"_blank\" aria-label=\"Compartir en LinkedIn\" href='https:\/\/linkedin.com\/shareArticle?mini=true&#038;title=Paulina%20Ruz%20Delf%C3%ADn%20es%20la%20nueva%20Seremi%20de%20Vivienda%20de%20la%20Regi%C3%B3n%20de%20Ays%C3%A9n&#038;url=https:\/\/radiorevelacionfm.cl\/?p=15289' aria-hidden='false' data-av_icon='\ue8fc' data-av_iconfont='entypo-fontello' title='' data-avia-related-tooltip='Compartir en LinkedIn' rel=\"noopener\"><span class='avia_hidden_link_text'>Compartir en LinkedIn<\/span><\/a><\/li><li class='av-share-link av-social-link-mail' ><a  aria-label=\"Compartir por correo\" href='mailto:?subject=Paulina%20Ruz%20Delf%C3%ADn%20es%20la%20nueva%20Seremi%20de%20Vivienda%20de%20la%20Regi%C3%B3n%20de%20Ays%C3%A9n&#038;body=https:\/\/radiorevelacionfm.cl\/?p=15289' aria-hidden='false' data-av_icon='\ue805' data-av_iconfont='entypo-fontello' title='' data-avia-related-tooltip='Compartir por correo'><span class='avia_hidden_link_text'>Compartir por correo<\/span><\/a><\/li><\/ul><\/div><\/div>\n<div  style='height:50px' class='hr hr-invisible   avia-builder-el-8  el_after_av_social_share  el_before_av_comments_list '><span class='hr-inner ' ><span class='hr-inner-style'><\/span><\/span><\/div>\n<div  class='av-buildercomment  av-blog-meta-html-info-disabled av-blog-meta-tag-disabled  '><\/div>\n","protected":false},"excerpt":{"rendered":"","protected":false},"author":1,"featured_media":15294,"comment_status":"open","ping_status":"open","sticky":false,"template":"","format":"standard","meta":{"footnotes":""},"categories":[57],"tags":[],"class_list":["post-15289","post","type-post","status-publish","format-standard","has-post-thumbnail","hentry","category-vivienda"],"jetpack_featured_media_url":"https:\/\/radiorevelacionfm.cl\/wp-content\/uploads\/2022\/03\/Seremi-de-Vivienda-region-de-Aysen-Paulina-Ruz-Delfin1-1-1.jpg","_links":{"self":[{"href":"https:\/\/radiorevelacionfm.cl\/index.php?rest_route=\/wp\/v2\/posts\/15289","targetHints":{"allow":["GET"]}}],"collection":[{"href":"https:\/\/radiorevelacionfm.cl\/index.php?rest_route=\/wp\/v2\/posts"}],"about":[{"href":"https:\/\/radiorevelacionfm.cl\/index.php?rest_route=\/wp\/v2\/types\/post"}],"author":[{"embeddable":true,"href":"https:\/\/radiorevelacionfm.cl\/index.php?rest_route=\/wp\/v2\/users\/1"}],"replies":[{"embeddable":true,"href":"https:\/\/radiorevelacionfm.cl\/index.php?rest_route=%2Fwp%2Fv2%2Fcomments&post=15289"}],"version-history":[{"count":3,"href":"https:\/\/radiorevelacionfm.cl\/index.php?rest_route=\/wp\/v2\/posts\/15289\/revisions"}],"predecessor-version":[{"id":15292,"href":"https:\/\/radiorevelacionfm.cl\/index.php?rest_route=\/wp\/v2\/posts\/15289\/revisions\/15292"}],"wp:featuredmedia":[{"embeddable":true,"href":"https:\/\/radiorevelacionfm.cl\/index.php?rest_route=\/wp\/v2\/media\/15294"}],"wp:attachment":[{"href":"https:\/\/radiorevelacionfm.cl\/index.php?rest_route=%2Fwp%2Fv2%2Fmedia&parent=15289"}],"wp:term":[{"taxonomy":"category","embeddable":true,"href":"https:\/\/radiorevelacionfm.cl\/index.php?rest_route=%2Fwp%2Fv2%2Fcategories&post=15289"},{"taxonomy":"post_tag","embeddable":true,"href":"https:\/\/radiorevelacionfm.cl\/index.php?rest_route=%2Fwp%2Fv2%2Ftags&post=15289"}],"curies":[{"name":"wp","href":"https:\/\/api.w.org\/{rel}","templated":true}]}}