{"id":15286,"date":"2022-04-01T09:24:46","date_gmt":"2022-04-01T12:24:46","guid":{"rendered":"https:\/\/radiorevelacionfm.cl\/?p=15286"},"modified":"2022-04-01T09:24:46","modified_gmt":"2022-04-01T12:24:46","slug":"ministro-de-obras-publicas-en-inicio-de-gira-nacional-chile-se-construye-desde-sus-regiones","status":"publish","type":"post","link":"https:\/\/radiorevelacionfm.cl\/?p=15286","title":{"rendered":"Ministro de Obras P\u00fablicas en inicio de gira nacional: \u201cChile se construye desde sus regiones\u201d"},"content":{"rendered":"<div class=\"flex_column av_one_full  flex_column_div av-zero-column-padding first  avia-builder-el-0  el_before_av_one_full  avia-builder-el-first  \" style='border-radius:0px; '><div  class='avia-image-container  av-styling-    avia-builder-el-1  avia-builder-el-no-sibling  avia-align-center '  itemprop=\"image\" itemscope=\"itemscope\" itemtype=\"https:\/\/schema.org\/ImageObject\"  ><div class='avia-image-container-inner'><div class='avia-image-overlay-wrap'><img decoding=\"async\" class='wp-image-15287 avia-img-lazy-loading-not-15287 avia_image' src=\"https:\/\/radiorevelacionfm.cl\/wp-content\/uploads\/2022\/03\/Ministro-de-Obras-Publicas-gira-nacional-en-Tarapaca-1-1-1.jpg\" alt='' title='Ministro de Obras P\u00fablicas gira nacional en Tarapac\u00e1 1 (1) (1)' height=\"600\" width=\"991\"  itemprop=\"thumbnailUrl\" srcset=\"https:\/\/radiorevelacionfm.cl\/wp-content\/uploads\/2022\/03\/Ministro-de-Obras-Publicas-gira-nacional-en-Tarapaca-1-1-1.jpg 991w, https:\/\/radiorevelacionfm.cl\/wp-content\/uploads\/2022\/03\/Ministro-de-Obras-Publicas-gira-nacional-en-Tarapaca-1-1-1-300x182.jpg 300w, https:\/\/radiorevelacionfm.cl\/wp-content\/uploads\/2022\/03\/Ministro-de-Obras-Publicas-gira-nacional-en-Tarapaca-1-1-1-768x465.jpg 768w, https:\/\/radiorevelacionfm.cl\/wp-content\/uploads\/2022\/03\/Ministro-de-Obras-Publicas-gira-nacional-en-Tarapaca-1-1-1-705x427.jpg 705w, https:\/\/radiorevelacionfm.cl\/wp-content\/uploads\/2022\/03\/Ministro-de-Obras-Publicas-gira-nacional-en-Tarapaca-1-1-1-600x363.jpg 600w\" sizes=\"(max-width: 991px) 100vw, 991px\" \/><\/div><\/div><\/div><\/div><div class=\"flex_column av_one_full  flex_column_div av-zero-column-padding first  avia-builder-el-2  el_after_av_one_full  el_before_av_one_full  column-top-margin\" style='border-radius:0px; '><section class=\"av_textblock_section \"  itemscope=\"itemscope\" itemtype=\"https:\/\/schema.org\/BlogPosting\" itemprop=\"blogPost\" ><div class='avia_textblock  '   itemprop=\"text\" ><p style=\"text-align: center;\"><span style=\"font-size: 18pt;\"><strong>Ministro de Obras P\u00fablicas en inicio de gira nacional: \u201cChile se construye desde sus regiones\u201d<\/strong><\/span><\/p>\n<div id=\"gtx-trans\" style=\"position: absolute; left: -50px; top: 4.31534px;\">\n<div class=\"gtx-trans-icon\"><\/div>\n<\/div>\n<\/div><\/section><\/div><div class=\"flex_column av_one_full  flex_column_div av-zero-column-padding first  avia-builder-el-4  el_after_av_one_full  el_before_av_hr  column-top-margin\" style='border-radius:0px; '><section class=\"av_textblock_section \"  itemscope=\"itemscope\" itemtype=\"https:\/\/schema.org\/BlogPosting\" itemprop=\"blogPost\" ><div class='avia_textblock  '   itemprop=\"text\" ><p style=\"text-align: justify;\">Hasta la ciudad de Iquique se traslad\u00f3 esta ma\u00f1ana el ministro de Obras P\u00fablicas, Juan Carlos Garc\u00eda, para reunirse con el gobernador regional de Tarapac\u00e1, Jos\u00e9 Miguel Carvajal y dar inicio de esta forma a una gira nacional que lo llevar\u00e1 a reunirse con todas las y los gobernadores regionales del pa\u00eds.<\/p>\n<p style=\"text-align: justify;\">\u201cHoy en el D\u00eda de Las Regiones hemos querido empezar esta gira, porque creemos que no se puede construir un pa\u00eds si no se piensa desde las regiones. Creemos que Chile se construye desde las regiones, por eso hoy comenzamos estos encuentros ac\u00e1 en la regi\u00f3n de Tarapac\u00e1 donde no venimos a imponer una cartera, venimos a escuchar y juntos priorizar los desaf\u00edos de la regi\u00f3n\u201d, destac\u00f3 el ministro Juan Carlos Garc\u00eda.<\/p>\n<p style=\"text-align: justify;\">Para el ministro del MOP, esta primera reuni\u00f3n de trabajo fue positiva, porque junto con abordar las principales preocupaciones de la gobernaci\u00f3n de Tarapac\u00e1 en materia de infraestructura social, movilidad, acceso al agua e infraestructura hospitalaria, permiti\u00f3 constatar que \u201chay una gobernaci\u00f3n regional robusta que tiene capacidad para abordar la contingencia, pero tambi\u00e9n para pensar un futuro\u201d. En esa l\u00ednea, manifest\u00f3 que el ministerio de Obras P\u00fablicas va a poner toda su capacidad para que toda construcci\u00f3n de futuro se pueda realizar en conjunto. \u201cVamos a poner las herramientas que tiene el pa\u00eds para privilegiar las regiones con el equilibrio social y medioambiental, que nos permita reducir las brechas sociales\u201d, indic\u00f3.<\/p>\n<p style=\"text-align: justify;\">\u201cNosotros venimos a decirle desde ac\u00e1 a todo el pa\u00eds que vamos a trabajar con las regiones, porque creemos que ese es el Chile sostenible y el sello que queremos marcar con el Presidente Boric\u201d, agreg\u00f3 el ministro Garc\u00eda.<\/p>\n<p style=\"text-align: justify;\">El gobernador de Tarapac\u00e1, Jos\u00e9 Miguel Carvajal, se\u00f1alo al respecto que: \u201cNotamos una disposici\u00f3n a hacer esfuerzos no solamente para que nos hagamos cargo de la urgencia de tareas pendientes, sino que tambi\u00e9n que nos permitan so\u00f1ar con una regi\u00f3n con una mejor calidad de vida\u201d.<\/p>\n<p style=\"text-align: justify;\">\u201cEs muy especial que haya venido en el D\u00eda de Las Regiones a compartir con nosotros, a escucharnos y a trabajar con nosotros, eso nos hace sentir apoyados por este gobierno del Presidente Gabriel Boric con el cual estamos comprometidos para llevar adelante todas las transformaciones que esperan todos los vecinos y vecinas en todo el territorio de nuestro pa\u00eds\u201d, agreg\u00f3 la m\u00e1xima autoridad regional.<\/p>\n<p style=\"text-align: justify;\">Durante su visita a la regi\u00f3n, el titular del MOP recorri\u00f3 tambi\u00e9n acompa\u00f1ado el gobernador Jos\u00e9 Miguel Carvajal; el delegado presidencial regional, Daniel Quinteros; la nueva seremi de Cultura, Rose \u2013 Marie Acu\u00f1a; y el alcalde de Iquique, Mauricio Soria, la restauraci\u00f3n arquitect\u00f3nica del Teatro Municipal de Iquique. Se trata de una intervenci\u00f3n integral del emblem\u00e1tico Teatro que data de 1889 y que fue declarado Monumento Nacional en 1987.<\/p>\n<p style=\"text-align: justify;\">La obra, que tiene un 28% de avance, considera la restauraci\u00f3n de 3.700 m2 con el objetivo de dejarlo habilitado para recibir espect\u00e1culos y artistas.<\/p>\n<p style=\"text-align: justify;\">Durante la tarde el ministro Juan Carlos Garc\u00eda se trasladar\u00e1 hasta la Pen\u00ednsula de Cavancha para supervisar la etapa final del mejoramiento del borde costero. Los trabajos tienen como objetivo entregar un espacio p\u00fablico para la comunidad, por medio de un paseo peatonal de 380 metros de extensi\u00f3n con ciclov\u00eda y rampa de accesibilidad universal, entre otras obras.<\/p>\n<p style=\"text-align: justify;\">Ma\u00f1ana viernes el ministro del MOP viajar\u00e1 hasta Cami\u00f1a en la zona precordillerana de la Provincia del Tamarugal para reunirse con las autoridades locales y la comunidad, adem\u00e1s de supervisar las obras de defensa fluvial que buscan proteger a la poblaci\u00f3n y sus cultivos ante eventuales crecidas.<\/p>\n<\/div><\/section><\/div><div  style='height:50px' class='hr hr-invisible   avia-builder-el-6  el_after_av_one_full  el_before_av_social_share '><span class='hr-inner ' ><span class='hr-inner-style'><\/span><\/span><\/div><\/p>\n<div  class='av-social-sharing-box  avia-builder-el-7  el_after_av_hr  el_before_av_hr  '><div class='av-share-box'><h5 class='av-share-link-description av-no-toc '>Compartir esta noticia<\/h5><ul class='av-share-box-list noLightbox'><li class='av-share-link av-social-link-facebook' ><a target=\"_blank\" aria-label=\"Compartir en Facebook\" href='https:\/\/www.facebook.com\/sharer.php?u=https:\/\/radiorevelacionfm.cl\/?p=15286&#038;t=Ministro%20de%20Obras%20P%C3%BAblicas%20en%20inicio%20de%20gira%20nacional%3A%20%E2%80%9CChile%20se%20construye%20desde%20sus%20regiones%E2%80%9D' aria-hidden='false' data-av_icon='\ue8f3' data-av_iconfont='entypo-fontello' title='' data-avia-related-tooltip='Compartir en Facebook' rel=\"noopener\"><span class='avia_hidden_link_text'>Compartir en Facebook<\/span><\/a><\/li><li class='av-share-link av-social-link-twitter' ><a target=\"_blank\" aria-label=\"Compartir en Twitter\" href='https:\/\/twitter.com\/share?text=Ministro%20de%20Obras%20P%C3%BAblicas%20en%20inicio%20de%20gira%20nacional%3A%20%E2%80%9CChile%20se%20construye%20desde%20sus%20regiones%E2%80%9D&#038;url=https:\/\/radiorevelacionfm.cl\/?p=15286' aria-hidden='false' data-av_icon='\ue8f1' data-av_iconfont='entypo-fontello' title='' data-avia-related-tooltip='Compartir en Twitter' rel=\"noopener\"><span class='avia_hidden_link_text'>Compartir en Twitter<\/span><\/a><\/li><li class='av-share-link av-social-link-whatsapp' ><a target=\"_blank\" aria-label=\"Compartir en Whatsapp\" href='https:\/\/api.whatsapp.com\/send?text=https:\/\/radiorevelacionfm.cl\/?p=15286' aria-hidden='false' data-av_icon='\uf232' data-av_iconfont='entypo-fontello' title='' data-avia-related-tooltip='Compartir en Whatsapp' rel=\"noopener\"><span class='avia_hidden_link_text'>Compartir en Whatsapp<\/span><\/a><\/li><li class='av-share-link av-social-link-linkedin' ><a target=\"_blank\" aria-label=\"Compartir en LinkedIn\" href='https:\/\/linkedin.com\/shareArticle?mini=true&#038;title=Ministro%20de%20Obras%20P%C3%BAblicas%20en%20inicio%20de%20gira%20nacional%3A%20%E2%80%9CChile%20se%20construye%20desde%20sus%20regiones%E2%80%9D&#038;url=https:\/\/radiorevelacionfm.cl\/?p=15286' aria-hidden='false' data-av_icon='\ue8fc' data-av_iconfont='entypo-fontello' title='' data-avia-related-tooltip='Compartir en LinkedIn' rel=\"noopener\"><span class='avia_hidden_link_text'>Compartir en LinkedIn<\/span><\/a><\/li><li class='av-share-link av-social-link-mail' ><a  aria-label=\"Compartir por correo\" href='mailto:?subject=Ministro%20de%20Obras%20P%C3%BAblicas%20en%20inicio%20de%20gira%20nacional%3A%20%E2%80%9CChile%20se%20construye%20desde%20sus%20regiones%E2%80%9D&#038;body=https:\/\/radiorevelacionfm.cl\/?p=15286' aria-hidden='false' data-av_icon='\ue805' data-av_iconfont='entypo-fontello' title='' data-avia-related-tooltip='Compartir por correo'><span class='avia_hidden_link_text'>Compartir por correo<\/span><\/a><\/li><\/ul><\/div><\/div>\n<div  style='height:50px' class='hr hr-invisible   avia-builder-el-8  el_after_av_social_share  el_before_av_comments_list '><span class='hr-inner ' ><span class='hr-inner-style'><\/span><\/span><\/div>\n<div  class='av-buildercomment  av-blog-meta-html-info-disabled av-blog-meta-tag-disabled  '><\/div>\n","protected":false},"excerpt":{"rendered":"","protected":false},"author":1,"featured_media":15287,"comment_status":"open","ping_status":"open","sticky":false,"template":"","format":"standard","meta":{"footnotes":""},"categories":[61],"tags":[],"class_list":["post-15286","post","type-post","status-publish","format-standard","has-post-thumbnail","hentry","category-nacional"],"jetpack_featured_media_url":"https:\/\/radiorevelacionfm.cl\/wp-content\/uploads\/2022\/03\/Ministro-de-Obras-Publicas-gira-nacional-en-Tarapaca-1-1-1.jpg","_links":{"self":[{"href":"https:\/\/radiorevelacionfm.cl\/index.php?rest_route=\/wp\/v2\/posts\/15286","targetHints":{"allow":["GET"]}}],"collection":[{"href":"https:\/\/radiorevelacionfm.cl\/index.php?rest_route=\/wp\/v2\/posts"}],"about":[{"href":"https:\/\/radiorevelacionfm.cl\/index.php?rest_route=\/wp\/v2\/types\/post"}],"author":[{"embeddable":true,"href":"https:\/\/radiorevelacionfm.cl\/index.php?rest_route=\/wp\/v2\/users\/1"}],"replies":[{"embeddable":true,"href":"https:\/\/radiorevelacionfm.cl\/index.php?rest_route=%2Fwp%2Fv2%2Fcomments&post=15286"}],"version-history":[{"count":2,"href":"https:\/\/radiorevelacionfm.cl\/index.php?rest_route=\/wp\/v2\/posts\/15286\/revisions"}],"predecessor-version":[{"id":15317,"href":"https:\/\/radiorevelacionfm.cl\/index.php?rest_route=\/wp\/v2\/posts\/15286\/revisions\/15317"}],"wp:featuredmedia":[{"embeddable":true,"href":"https:\/\/radiorevelacionfm.cl\/index.php?rest_route=\/wp\/v2\/media\/15287"}],"wp:attachment":[{"href":"https:\/\/radiorevelacionfm.cl\/index.php?rest_route=%2Fwp%2Fv2%2Fmedia&parent=15286"}],"wp:term":[{"taxonomy":"category","embeddable":true,"href":"https:\/\/radiorevelacionfm.cl\/index.php?rest_route=%2Fwp%2Fv2%2Fcategories&post=15286"},{"taxonomy":"post_tag","embeddable":true,"href":"https:\/\/radiorevelacionfm.cl\/index.php?rest_route=%2Fwp%2Fv2%2Ftags&post=15286"}],"curies":[{"name":"wp","href":"https:\/\/api.w.org\/{rel}","templated":true}]}}