{"id":15282,"date":"2022-03-31T16:34:15","date_gmt":"2022-03-31T19:34:15","guid":{"rendered":"https:\/\/radiorevelacionfm.cl\/?p=15282"},"modified":"2022-03-31T16:34:15","modified_gmt":"2022-03-31T19:34:15","slug":"proyecto-uach-divulga-y-promueve-la-educacion-ambiental-en-el-humedal-de-puerto-guadal","status":"publish","type":"post","link":"https:\/\/radiorevelacionfm.cl\/?p=15282","title":{"rendered":"Proyecto UACh divulga y promueve la educaci\u00f3n ambiental en el humedal de Puerto Guadal"},"content":{"rendered":"<div class=\"flex_column av_one_full  flex_column_div av-zero-column-padding first  avia-builder-el-0  el_before_av_one_full  avia-builder-el-first  \" style='border-radius:0px; '><div  class='avia-image-container  av-styling-    avia-builder-el-1  avia-builder-el-no-sibling  avia-align-center '  itemprop=\"image\" itemscope=\"itemscope\" itemtype=\"https:\/\/schema.org\/ImageObject\"  ><div class='avia-image-container-inner'><div class='avia-image-overlay-wrap'><img decoding=\"async\" class='wp-image-15283 avia-img-lazy-loading-not-15283 avia_image' src=\"https:\/\/radiorevelacionfm.cl\/wp-content\/uploads\/2022\/03\/UACH-guadal-1-1.jpg\" alt='' title='UACH -guadal (1) (1)' height=\"600\" width=\"1067\"  itemprop=\"thumbnailUrl\" srcset=\"https:\/\/radiorevelacionfm.cl\/wp-content\/uploads\/2022\/03\/UACH-guadal-1-1.jpg 1067w, https:\/\/radiorevelacionfm.cl\/wp-content\/uploads\/2022\/03\/UACH-guadal-1-1-300x169.jpg 300w, https:\/\/radiorevelacionfm.cl\/wp-content\/uploads\/2022\/03\/UACH-guadal-1-1-1030x579.jpg 1030w, https:\/\/radiorevelacionfm.cl\/wp-content\/uploads\/2022\/03\/UACH-guadal-1-1-768x432.jpg 768w, https:\/\/radiorevelacionfm.cl\/wp-content\/uploads\/2022\/03\/UACH-guadal-1-1-705x396.jpg 705w, https:\/\/radiorevelacionfm.cl\/wp-content\/uploads\/2022\/03\/UACH-guadal-1-1-600x337.jpg 600w\" sizes=\"(max-width: 1067px) 100vw, 1067px\" \/><\/div><\/div><\/div><\/div><div class=\"flex_column av_one_full  flex_column_div av-zero-column-padding first  avia-builder-el-2  el_after_av_one_full  el_before_av_one_full  column-top-margin\" style='border-radius:0px; '><section class=\"av_textblock_section \"  itemscope=\"itemscope\" itemtype=\"https:\/\/schema.org\/BlogPosting\" itemprop=\"blogPost\" ><div class='avia_textblock  '   itemprop=\"text\" ><p style=\"text-align: center;\"><span style=\"font-size: 18pt;\"><strong>Proyecto UACh divulga y promueve la educaci\u00f3n ambiental en el humedal de Puerto Guadal<\/strong><\/span><\/p>\n<div id=\"gtx-trans\" style=\"position: absolute; left: -50px; top: 4.31534px;\">\n<div class=\"gtx-trans-icon\"><\/div>\n<\/div>\n<\/div><\/section><\/div><div class=\"flex_column av_one_full  flex_column_div av-zero-column-padding first  avia-builder-el-4  el_after_av_one_full  el_before_av_hr  column-top-margin\" style='border-radius:0px; '><section class=\"av_textblock_section \"  itemscope=\"itemscope\" itemtype=\"https:\/\/schema.org\/BlogPosting\" itemprop=\"blogPost\" ><div class='avia_textblock  '   itemprop=\"text\" ><p style=\"text-align: justify;\">El Programa de Biorremediaci\u00f3n del Campus Patagonia UACh, impuls\u00f3 la iniciativa denominada \u201cConociendo el humedal de Puerto Guadal\u201d, la que tuvo como principal directriz generar conciencia sobre la importancia de los humedales del Lago General Carrera a trav\u00e9s de la observaci\u00f3n de sus factores bi\u00f3ticos y abi\u00f3ticos, es decir cu\u00e1l es el papel fundamental que tienen en la formaci\u00f3n de los ecosistemas.<\/p>\n<p style=\"text-align: justify;\">El t\u00e9rmino humedal se refiere a toda \u00e1rea terrestre que est\u00e1 saturada o inundada de agua de manera estacional o permanente, donde la importancia de estos sistemas radica en que se les consideran como reguladores de funciones ecol\u00f3gicas fundamentales en los reg\u00edmenes h\u00eddricos y como h\u00e1bitat de una fauna y flora, caracter\u00edstica especialmente de aves acu\u00e1ticas (Davis et al., 1996). Para las aves estos sistemas ofrecen los recursos suficientes para su alimentaci\u00f3n y sitios de reproducci\u00f3n, pero tambi\u00e9n tienen un impacto evolutivo en sus estrategias de vida (Weller,1999) llegando a presentar adaptaciones anat\u00f3micas y fisiol\u00f3gicas de este rico h\u00e1bitat.<\/p>\n<p style=\"text-align: justify;\">Es por este motivo que el proyecto consider\u00f3 actividades relacionadas a la educaci\u00f3n ambiental en la localidad de Puerto Guadal, ubicado a orillas del Lago General Carrera, tambi\u00e9n conocido como Lago Chelenko, donde en primera instancia se realizaron actividades en terreno abiertas a la comunidad, durante el mes de diciembre, para observar diversos organismos presentes en el humedal.<\/p>\n<p style=\"text-align: justify;\">Magdalena M\u00e1rquez, Bi\u00f3loga Marina y coordinadora del proyecto, coment\u00f3 que con el equipo de la UACh, reconocieron que, como la zona de humedales adyacentes al Lago General Carrera en Puerto Guadal no se considera como humedal urbano, queda fuera de la regulaci\u00f3n impuesta por la Ley de Humedales Urbanos promulgada el 16 de enero 2020, por lo que es sumamente necesario mantener un monitoreo constante de las zonas de alta importancia y fragilidad, con el fin de mantener estos sistemas que forman parte importante de la cuenca del lago.<\/p>\n<p style=\"text-align: justify;\">\u201cCreemos que la educaci\u00f3n ambiental es muy importante para que se reconozca los humedales como sistemas estrat\u00e9gicos en la conservaci\u00f3n del medio\u201d, agreg\u00f3 la profesional.<\/p>\n<p style=\"text-align: justify;\">El inventario nacional de humedales, realizado mediante im\u00e1genes LANSAT, muestra toda la orilla del Lago General Carrera como un gran humedal, algunas zonas son clasificadas como humedales urbanos mientras que otras no, estas \u00faltimas quedan a la deriva de la legislaci\u00f3n que las protege a pesar de estar cerca de sitios poblados y en constante crecimiento.<\/p>\n<p style=\"text-align: justify;\">En esta l\u00ednea y considerando que las localidades alrededor del Lago General Carrera generan fuentes difusas de contaminaci\u00f3n debido a la urbanizaci\u00f3n, cambios de uso de suelo y el creciente aumento en el uso de los recursos naturales con fines econ\u00f3micos, es necesario generar un monitoreo continuo en los humedales lacustres de este gran cuerpo de agua, debido a los beneficios y servicios eco sist\u00e9micos que presenta un humedal, con el fin de mantener la calidad de las aguas para la mantenci\u00f3n de especies hidrobiol\u00f3gicas de alto valor para la conservaci\u00f3n, protegiendo la calidad de agua para producci\u00f3n de agua potable y riego, evitando la fragmentaci\u00f3n y degradaci\u00f3n de h\u00e1bitat.<\/p>\n<p style=\"text-align: justify;\">El proyecto adem\u00e1s, desarroll\u00f3 un trabajo en conjunto con la Escuela Libertador Bernardo O&#8217;Higgins de Puerto Guadal, realizando actividades para buscar, ver y reconocer aves y macro invertebrados, para luego estudiarlos en el laboratorio del establecimiento educacional. Uno de los resultados principales fue el catastro de organismos presentes en el humedal y un modelo de trabajo de educaci\u00f3n ambiental replicable en otras zonas con estas caracter\u00edsticas alrededor del Lago General Carrera.<\/p>\n<p style=\"text-align: justify;\">Cabe destacar que durante las jornadas en terreno se realizaron actividades en relaci\u00f3n a la recolecci\u00f3n de basura en el humedal trabajando conceptos relacionados con las tramas tr\u00f3ficas, evoluci\u00f3n y contaminaci\u00f3n. Al final de la \u00faltima actividad se hizo entrega de un monocular, un microscopio digital y 5 lupas de bolsillo al establecimiento, material que complementar\u00e1 al ya entregado por el proyecto \u00abCiencia en tu mochila\u00bb, idea que fue desarrollada con fondos del Ministerio de Ciencias y Tecnolog\u00eda, por el equipo de \u201cDescubriendo Cochrane\u201d.<\/p>\n<\/div><\/section><\/div><div  style='height:50px' class='hr hr-invisible   avia-builder-el-6  el_after_av_one_full  el_before_av_social_share '><span class='hr-inner ' ><span class='hr-inner-style'><\/span><\/span><\/div><\/p>\n<div  class='av-social-sharing-box  avia-builder-el-7  el_after_av_hr  el_before_av_hr  '><div class='av-share-box'><h5 class='av-share-link-description av-no-toc '>Compartir esta noticia<\/h5><ul class='av-share-box-list noLightbox'><li class='av-share-link av-social-link-facebook' ><a target=\"_blank\" aria-label=\"Compartir en Facebook\" href='https:\/\/www.facebook.com\/sharer.php?u=https:\/\/radiorevelacionfm.cl\/?p=15282&#038;t=Proyecto%20UACh%20divulga%20y%20promueve%20la%20educaci%C3%B3n%20ambiental%20en%20el%20humedal%20de%20Puerto%20Guadal' aria-hidden='false' data-av_icon='\ue8f3' data-av_iconfont='entypo-fontello' title='' data-avia-related-tooltip='Compartir en Facebook' rel=\"noopener\"><span class='avia_hidden_link_text'>Compartir en Facebook<\/span><\/a><\/li><li class='av-share-link av-social-link-twitter' ><a target=\"_blank\" aria-label=\"Compartir en Twitter\" href='https:\/\/twitter.com\/share?text=Proyecto%20UACh%20divulga%20y%20promueve%20la%20educaci%C3%B3n%20ambiental%20en%20el%20humedal%20de%20Puerto%20Guadal&#038;url=https:\/\/radiorevelacionfm.cl\/?p=15282' aria-hidden='false' data-av_icon='\ue8f1' data-av_iconfont='entypo-fontello' title='' data-avia-related-tooltip='Compartir en Twitter' rel=\"noopener\"><span class='avia_hidden_link_text'>Compartir en Twitter<\/span><\/a><\/li><li class='av-share-link av-social-link-whatsapp' ><a target=\"_blank\" aria-label=\"Compartir en Whatsapp\" href='https:\/\/api.whatsapp.com\/send?text=https:\/\/radiorevelacionfm.cl\/?p=15282' aria-hidden='false' data-av_icon='\uf232' data-av_iconfont='entypo-fontello' title='' data-avia-related-tooltip='Compartir en Whatsapp' rel=\"noopener\"><span class='avia_hidden_link_text'>Compartir en Whatsapp<\/span><\/a><\/li><li class='av-share-link av-social-link-linkedin' ><a target=\"_blank\" aria-label=\"Compartir en LinkedIn\" href='https:\/\/linkedin.com\/shareArticle?mini=true&#038;title=Proyecto%20UACh%20divulga%20y%20promueve%20la%20educaci%C3%B3n%20ambiental%20en%20el%20humedal%20de%20Puerto%20Guadal&#038;url=https:\/\/radiorevelacionfm.cl\/?p=15282' aria-hidden='false' data-av_icon='\ue8fc' data-av_iconfont='entypo-fontello' title='' data-avia-related-tooltip='Compartir en LinkedIn' rel=\"noopener\"><span class='avia_hidden_link_text'>Compartir en LinkedIn<\/span><\/a><\/li><li class='av-share-link av-social-link-mail' ><a  aria-label=\"Compartir por correo\" href='mailto:?subject=Proyecto%20UACh%20divulga%20y%20promueve%20la%20educaci%C3%B3n%20ambiental%20en%20el%20humedal%20de%20Puerto%20Guadal&#038;body=https:\/\/radiorevelacionfm.cl\/?p=15282' aria-hidden='false' data-av_icon='\ue805' data-av_iconfont='entypo-fontello' title='' data-avia-related-tooltip='Compartir por correo'><span class='avia_hidden_link_text'>Compartir por correo<\/span><\/a><\/li><\/ul><\/div><\/div>\n<div  style='height:50px' class='hr hr-invisible   avia-builder-el-8  el_after_av_social_share  el_before_av_comments_list '><span class='hr-inner ' ><span class='hr-inner-style'><\/span><\/span><\/div>\n<div  class='av-buildercomment  av-blog-meta-html-info-disabled av-blog-meta-tag-disabled  '><\/div>\n","protected":false},"excerpt":{"rendered":"","protected":false},"author":1,"featured_media":15283,"comment_status":"open","ping_status":"open","sticky":false,"template":"","format":"standard","meta":{"footnotes":""},"categories":[49],"tags":[],"class_list":["post-15282","post","type-post","status-publish","format-standard","has-post-thumbnail","hentry","category-educacion"],"jetpack_featured_media_url":"https:\/\/radiorevelacionfm.cl\/wp-content\/uploads\/2022\/03\/UACH-guadal-1-1.jpg","_links":{"self":[{"href":"https:\/\/radiorevelacionfm.cl\/index.php?rest_route=\/wp\/v2\/posts\/15282","targetHints":{"allow":["GET"]}}],"collection":[{"href":"https:\/\/radiorevelacionfm.cl\/index.php?rest_route=\/wp\/v2\/posts"}],"about":[{"href":"https:\/\/radiorevelacionfm.cl\/index.php?rest_route=\/wp\/v2\/types\/post"}],"author":[{"embeddable":true,"href":"https:\/\/radiorevelacionfm.cl\/index.php?rest_route=\/wp\/v2\/users\/1"}],"replies":[{"embeddable":true,"href":"https:\/\/radiorevelacionfm.cl\/index.php?rest_route=%2Fwp%2Fv2%2Fcomments&post=15282"}],"version-history":[{"count":2,"href":"https:\/\/radiorevelacionfm.cl\/index.php?rest_route=\/wp\/v2\/posts\/15282\/revisions"}],"predecessor-version":[{"id":15285,"href":"https:\/\/radiorevelacionfm.cl\/index.php?rest_route=\/wp\/v2\/posts\/15282\/revisions\/15285"}],"wp:featuredmedia":[{"embeddable":true,"href":"https:\/\/radiorevelacionfm.cl\/index.php?rest_route=\/wp\/v2\/media\/15283"}],"wp:attachment":[{"href":"https:\/\/radiorevelacionfm.cl\/index.php?rest_route=%2Fwp%2Fv2%2Fmedia&parent=15282"}],"wp:term":[{"taxonomy":"category","embeddable":true,"href":"https:\/\/radiorevelacionfm.cl\/index.php?rest_route=%2Fwp%2Fv2%2Fcategories&post=15282"},{"taxonomy":"post_tag","embeddable":true,"href":"https:\/\/radiorevelacionfm.cl\/index.php?rest_route=%2Fwp%2Fv2%2Ftags&post=15282"}],"curies":[{"name":"wp","href":"https:\/\/api.w.org\/{rel}","templated":true}]}}