{"id":15279,"date":"2022-04-01T10:10:35","date_gmt":"2022-04-01T13:10:35","guid":{"rendered":"https:\/\/radiorevelacionfm.cl\/?p=15279"},"modified":"2022-04-01T10:13:00","modified_gmt":"2022-04-01T13:13:00","slug":"activa-empresarias-lanzan-plataforma-colaborativa-que-vinculara-los-negocios-liderados-por-mujeres-con-grandes-empresas","status":"publish","type":"post","link":"https:\/\/radiorevelacionfm.cl\/?p=15279","title":{"rendered":"\u201cActiva Empresarias\u201d: lanzan plataforma colaborativa que vincular\u00e1 los negocios liderados por mujeres con grandes empresas"},"content":{"rendered":"<div class=\"flex_column av_one_full  flex_column_div av-zero-column-padding first  avia-builder-el-0  el_before_av_one_full  avia-builder-el-first  \" style='border-radius:0px; '><div  class='avia-image-container  av-styling-    avia-builder-el-1  avia-builder-el-no-sibling  avia-align-center '  itemprop=\"image\" itemscope=\"itemscope\" itemtype=\"https:\/\/schema.org\/ImageObject\"  ><div class='avia-image-container-inner'><div class='avia-image-overlay-wrap'><img decoding=\"async\" class='wp-image-15280 avia-img-lazy-loading-not-15280 avia_image' src=\"https:\/\/radiorevelacionfm.cl\/wp-content\/uploads\/2022\/03\/Activa-Empresarias-1.jpg\" alt='' title='Activa Empresarias (1)' height=\"607\" width=\"1136\"  itemprop=\"thumbnailUrl\" srcset=\"https:\/\/radiorevelacionfm.cl\/wp-content\/uploads\/2022\/03\/Activa-Empresarias-1.jpg 1136w, https:\/\/radiorevelacionfm.cl\/wp-content\/uploads\/2022\/03\/Activa-Empresarias-1-300x160.jpg 300w, https:\/\/radiorevelacionfm.cl\/wp-content\/uploads\/2022\/03\/Activa-Empresarias-1-1030x550.jpg 1030w, https:\/\/radiorevelacionfm.cl\/wp-content\/uploads\/2022\/03\/Activa-Empresarias-1-768x410.jpg 768w, https:\/\/radiorevelacionfm.cl\/wp-content\/uploads\/2022\/03\/Activa-Empresarias-1-705x377.jpg 705w, https:\/\/radiorevelacionfm.cl\/wp-content\/uploads\/2022\/03\/Activa-Empresarias-1-600x321.jpg 600w\" sizes=\"(max-width: 1136px) 100vw, 1136px\" \/><\/div><\/div><\/div><\/div><div class=\"flex_column av_one_full  flex_column_div av-zero-column-padding first  avia-builder-el-2  el_after_av_one_full  el_before_av_one_full  column-top-margin\" style='border-radius:0px; '><section class=\"av_textblock_section \"  itemscope=\"itemscope\" itemtype=\"https:\/\/schema.org\/BlogPosting\" itemprop=\"blogPost\" ><div class='avia_textblock  '   itemprop=\"text\" ><p style=\"text-align: center;\"><span style=\"font-size: 18pt;\"><b><span lang=\"ES\">\u201cActiva Empresarias\u201d: lanzan plataforma colaborativa que vincular\u00e1 los negocios liderados por mujeres con grandes empresas\u00a0<\/span><\/b><\/span><\/p>\n<div id=\"gtx-trans\" style=\"position: absolute; left: -50px; top: 4.31534px;\">\n<div class=\"gtx-trans-icon\"><\/div>\n<\/div>\n<\/div><\/section><\/div><div class=\"flex_column av_one_full  flex_column_div av-zero-column-padding first  avia-builder-el-4  el_after_av_one_full  el_before_av_hr  column-top-margin\" style='border-radius:0px; '><section class=\"av_textblock_section \"  itemscope=\"itemscope\" itemtype=\"https:\/\/schema.org\/BlogPosting\" itemprop=\"blogPost\" ><div class='avia_textblock  '   itemprop=\"text\" ><p style=\"text-align: justify;\"><span lang=\"ES\">Conectar talento, pasi\u00f3n y profesionalismo femenino chileno, con la demanda de grandes compa\u00f1\u00edas es el objetivo de\u00a0\u00a0<\/span><span lang=\"ES\"><a href=\"http:\/\/www.activaempresarias.org\/\" target=\"_blank\" rel=\"noopener\" data-saferedirecturl=\"https:\/\/www.google.com\/url?q=http:\/\/www.activaempresarias.org&amp;source=gmail&amp;ust=1648835071986000&amp;usg=AOvVaw36KKEGjm_BouvIJwGZMFhT\">www.activaempresarias.org<\/a><\/span><u><span lang=\"ES\">,\u00a0<\/span><\/u><span lang=\"ES\">nueva plataforma colaborativa\u00a0<\/span><span lang=\"ES-US\">presentada por el proyecto \u201cMujeres Emplea\u201d del Sistema de las Naciones Unidas en Chile, Corfo y ProChile<\/span><span lang=\"ES-US\">\u00a0<\/span><span lang=\"ES\">que nace como una oportunidad para las empresas liderados por mujeres para ampliar sus redes comerciales nacionales e internacionales, ganar visibilidad y abrir espacio a potenciales negocios.<\/span><span lang=\"ES-US\">\u00a0<\/span><\/p>\n<p style=\"text-align: justify;\">En Chile, el 78% de las mujeres est\u00e1n empleadas en sectores que fueron afectados por la pandemia, como lo es el comercio y servicios, transporte, almacenamiento y comunicaciones. De igual manera el emprendimiento vinculado a estas industrias se vio impactado, agravando la situaci\u00f3n para las emprendedoras en Chile.<\/p>\n<p style=\"text-align: justify;\"><span lang=\"ES-US\">Es en ese contexto que\u00a0<\/span><span lang=\"ES\"><a href=\"https:\/\/activaempresarias.org\/\" target=\"_blank\" rel=\"noopener\" data-saferedirecturl=\"https:\/\/www.google.com\/url?q=https:\/\/activaempresarias.org\/&amp;source=gmail&amp;ust=1648835071986000&amp;usg=AOvVaw3MQu4oFr-f8ZdkvDWBoIbH\"><span lang=\"ES-US\">Activa Empresarias<\/span><\/a><\/span><span lang=\"ES-US\">\u00a0aportar\u00e1 en la reactivaci\u00f3n de estos negocios habilitando un amplio cat\u00e1logo de productos y las empresas interesadas podr\u00e1n tomar contacto con las empresarias para iniciar un proceso de compra \u00e1gil y eficiente. De esta manera, se promover\u00e1 su\u00a0<\/span>participaci\u00f3n en el ecosistema de proveedores, favoreciendo su representaci\u00f3n equitativa en las cadenas de valor.<\/p>\n<p style=\"text-align: justify;\">En el evento de lanzamiento particip\u00f3 Mar\u00eda Jos\u00e9 Torres, Coordinadora Residente del Sistema de Naciones Unidas en Chile; Cecilia Vald\u00e9s, Gerenta de Asuntos Corporativos de Corfo; y Lorena Sep\u00falveda, Directora Nacional de ProChile, junto a empresas compradoras y proveedoras. Tambi\u00e9n se realiz\u00f3 un panel femenino diverso,\u00a0compuesto por Luz Vidal, Subsecretaria de la Mujer y la Equidad de G\u00e9nero; Javiera Petersen, Subsecretaria de Econom\u00eda y Empresas de Menor Tama\u00f1o; Denisse Goldfarb, Vicepresidenta de Personas, Walmart Chile; y Carolina Urrutia, Co Fundadora y directora de I+D de FreeMet.<\/p>\n<p style=\"text-align: justify;\">Este panel valor\u00f3 la l\u00f3gica de esta plataforma\u00a0al\u00a0promover un efecto multiplicador entre las mujeres que animar\u00e1 al emprendimiento y la innovaci\u00f3n en el pa\u00eds, de manera de optimizar los procesos productivos de sus negocios y eventualmente acceder a nuevos mercados, m\u00e1s exigentes y\/o sofisticados.<\/p>\n<p style=\"text-align: justify;\"><span lang=\"ES-US\">R<\/span>especto a la plataforma, Mar\u00eda In\u00e9s Salamanca, Coordinadora Oficina ONU Mujeres Chile, indic\u00f3 que \u201cexiste un impacto real cuando las empresas tienen procesos de adquisici\u00f3n sensibles al g\u00e9nero, entre ellas el crecimiento a trav\u00e9s de una cadena de aprovisionamiento diversa que mejore la disponibilidad de los productos, servicios y soluciones. En ese sentido Activa Empresarias es una soluci\u00f3n innovadora porque propone una amplia cartera de proveedoras, la cual puede facilitar los procesos de compra sin sesgo de g\u00e9nero, reducir las barreras y avanzar hacia\u00a0<span lang=\"ES\">econom\u00edas m\u00e1s justas e igualitarias\u201d.<b><i>\u00a0<\/i><\/b><\/span><\/p>\n<p style=\"text-align: justify;\">La asociatividad es otro de los componentes innovadores que impulsa\u00a0<span lang=\"ES\"><a href=\"https:\/\/activaempresarias.org\/\" target=\"_blank\" rel=\"noopener\" data-saferedirecturl=\"https:\/\/www.google.com\/url?q=https:\/\/activaempresarias.org\/&amp;source=gmail&amp;ust=1648835071986000&amp;usg=AOvVaw3MQu4oFr-f8ZdkvDWBoIbH\"><span lang=\"ES-CL\">Activa Empresaria<\/span><\/a><\/span>, ya que permitir\u00e1 la conexi\u00f3n entre empresarias, y as\u00ed coordinarse para responder en conjunto a los requerimientos de las empresas compradoras.<\/p>\n<p style=\"text-align: justify;\">Para\u00a0Mar\u00eda Jos\u00e9 Torres, Coordinadora Residente de ONU Chile,\u00a0esta es una importante iniciativa que se enfoca en cumplir con el desaf\u00edo, que como Sistema estamos impulsando, de paliar los efectos socioecon\u00f3micos que ha causado la pandemia y al mismo tiempo acelerar la concreci\u00f3n de la Agenda 2030\u201d y enfatiz\u00f3 en que \u201cCuando el mundo invierte en ampliar las oportunidades de las mujeres y las ni\u00f1as, toda la humanidad gana\u201d.<\/p>\n<p style=\"text-align: justify;\">En tanto,\u00a0Cecilia Vald\u00e9s, Gerenta de Asuntos Corporativos de Corfo,\u00a0destac\u00f3 que \u201capoyar iniciativas como esta va en l\u00ednea con lo que hemos impulsado en los \u00faltimos a\u00f1os en materia de equidad de g\u00e9nero, tem\u00e1tica que tambi\u00e9n ser\u00e1 un eje transversal en los pr\u00f3ximos cuatro a\u00f1os en Corfo. Sin duda, una plataforma como Activa Empresarias resulta clave porque permite crear una red colaborativa para que empresas lideradas por mujeres puedan visibilizar su trabajo e ingresar a la cadena de suministros de grandes compa\u00f1\u00edas, siendo una gran oportunidad para mejorar la productividad y competitividad de sus negocios\u201d.<\/p>\n<p style=\"text-align: justify;\"><span lang=\"ES\">Por su lado,\u00a0Lorena Sep\u00falveda, Directora Nacional de ProChile, agreg\u00f3 que \u201cresaltar la posibilidad que tienen las mujeres empresarias de llegar a nuevos mercados y expandir sus negocios es fundamental y va en l\u00ednea con los objetivos de ProChile de generar un comercio internacional m\u00e1s inclusivo y del empoderamiento econ\u00f3mico femenino en el \u00e1mbito exportador. Para esto, cuentan con el apoyo de nuestra red de m\u00e1s de 56 oficinas alrededor del mundo, adem\u00e1s de nuestras oficinas regionales a quienes pueden acercarse y conocer detalles del Programa Mujer Exporta<i>\u201d.\u00a0<\/i><\/span><\/p>\n<p style=\"text-align: justify;\"><span lang=\"ES\">Esta iniciativa se desarrolla en el marco del proyecto para la Reintegraci\u00f3n Econ\u00f3mica de Mujeres del Sistema de las Naciones Unidas en Chile, implementado por ONU Mujeres, OIT, FAO y CEPAL. \u00a0<\/span><\/p>\n<p style=\"text-align: justify;\"><span lang=\"ES\">La plataforma est\u00e1 abierta para todas aquellas empresarias que quieran inscribir sus negocios. Para conocer los requisitos visitar\u00a0\u00a0<\/span><span lang=\"ES\"><a href=\"https:\/\/activaempresarias.org\/\" target=\"_blank\" rel=\"noopener\" data-saferedirecturl=\"https:\/\/www.google.com\/url?q=https:\/\/activaempresarias.org\/&amp;source=gmail&amp;ust=1648835071986000&amp;usg=AOvVaw3MQu4oFr-f8ZdkvDWBoIbH\">https:\/\/activaempresarias.org\/<\/a><\/span><span lang=\"ES\">\u00a0\u00a0<\/span><\/p>\n<\/div><\/section><\/div><div  style='height:50px' class='hr hr-invisible   avia-builder-el-6  el_after_av_one_full  el_before_av_social_share '><span class='hr-inner ' ><span class='hr-inner-style'><\/span><\/span><\/div><\/p>\n<div  class='av-social-sharing-box  avia-builder-el-7  el_after_av_hr  el_before_av_hr  '><div class='av-share-box'><h5 class='av-share-link-description av-no-toc '>Compartir esta noticia<\/h5><ul class='av-share-box-list noLightbox'><li class='av-share-link av-social-link-facebook' ><a target=\"_blank\" aria-label=\"Compartir en Facebook\" href='https:\/\/www.facebook.com\/sharer.php?u=https:\/\/radiorevelacionfm.cl\/?p=15279&#038;t=%E2%80%9CActiva%20Empresarias%E2%80%9D%3A%20lanzan%20plataforma%20colaborativa%20que%20vincular%C3%A1%20los%20negocios%20liderados%20por%20mujeres%20con%20grandes%20empresas' aria-hidden='false' data-av_icon='\ue8f3' data-av_iconfont='entypo-fontello' title='' data-avia-related-tooltip='Compartir en Facebook' rel=\"noopener\"><span class='avia_hidden_link_text'>Compartir en Facebook<\/span><\/a><\/li><li class='av-share-link av-social-link-twitter' ><a target=\"_blank\" aria-label=\"Compartir en Twitter\" href='https:\/\/twitter.com\/share?text=%E2%80%9CActiva%20Empresarias%E2%80%9D%3A%20lanzan%20plataforma%20colaborativa%20que%20vincular%C3%A1%20los%20negocios%20liderados%20por%20mujeres%20con%20grandes%20empresas&#038;url=https:\/\/radiorevelacionfm.cl\/?p=15279' aria-hidden='false' data-av_icon='\ue8f1' data-av_iconfont='entypo-fontello' title='' data-avia-related-tooltip='Compartir en Twitter' rel=\"noopener\"><span class='avia_hidden_link_text'>Compartir en Twitter<\/span><\/a><\/li><li class='av-share-link av-social-link-whatsapp' ><a target=\"_blank\" aria-label=\"Compartir en Whatsapp\" href='https:\/\/api.whatsapp.com\/send?text=https:\/\/radiorevelacionfm.cl\/?p=15279' aria-hidden='false' data-av_icon='\uf232' data-av_iconfont='entypo-fontello' title='' data-avia-related-tooltip='Compartir en Whatsapp' rel=\"noopener\"><span class='avia_hidden_link_text'>Compartir en Whatsapp<\/span><\/a><\/li><li class='av-share-link av-social-link-linkedin' ><a target=\"_blank\" aria-label=\"Compartir en LinkedIn\" href='https:\/\/linkedin.com\/shareArticle?mini=true&#038;title=%E2%80%9CActiva%20Empresarias%E2%80%9D%3A%20lanzan%20plataforma%20colaborativa%20que%20vincular%C3%A1%20los%20negocios%20liderados%20por%20mujeres%20con%20grandes%20empresas&#038;url=https:\/\/radiorevelacionfm.cl\/?p=15279' aria-hidden='false' data-av_icon='\ue8fc' data-av_iconfont='entypo-fontello' title='' data-avia-related-tooltip='Compartir en LinkedIn' rel=\"noopener\"><span class='avia_hidden_link_text'>Compartir en LinkedIn<\/span><\/a><\/li><li class='av-share-link av-social-link-mail' ><a  aria-label=\"Compartir por correo\" href='mailto:?subject=%E2%80%9CActiva%20Empresarias%E2%80%9D%3A%20lanzan%20plataforma%20colaborativa%20que%20vincular%C3%A1%20los%20negocios%20liderados%20por%20mujeres%20con%20grandes%20empresas&#038;body=https:\/\/radiorevelacionfm.cl\/?p=15279' aria-hidden='false' data-av_icon='\ue805' data-av_iconfont='entypo-fontello' title='' data-avia-related-tooltip='Compartir por correo'><span class='avia_hidden_link_text'>Compartir por correo<\/span><\/a><\/li><\/ul><\/div><\/div>\n<div  style='height:50px' class='hr hr-invisible   avia-builder-el-8  el_after_av_social_share  el_before_av_comments_list '><span class='hr-inner ' ><span class='hr-inner-style'><\/span><\/span><\/div>\n<div  class='av-buildercomment  av-blog-meta-html-info-disabled av-blog-meta-tag-disabled  '><\/div>\n","protected":false},"excerpt":{"rendered":"","protected":false},"author":1,"featured_media":15280,"comment_status":"open","ping_status":"open","sticky":false,"template":"","format":"standard","meta":{"footnotes":""},"categories":[61],"tags":[],"class_list":["post-15279","post","type-post","status-publish","format-standard","has-post-thumbnail","hentry","category-nacional"],"jetpack_featured_media_url":"https:\/\/radiorevelacionfm.cl\/wp-content\/uploads\/2022\/03\/Activa-Empresarias-1.jpg","_links":{"self":[{"href":"https:\/\/radiorevelacionfm.cl\/index.php?rest_route=\/wp\/v2\/posts\/15279","targetHints":{"allow":["GET"]}}],"collection":[{"href":"https:\/\/radiorevelacionfm.cl\/index.php?rest_route=\/wp\/v2\/posts"}],"about":[{"href":"https:\/\/radiorevelacionfm.cl\/index.php?rest_route=\/wp\/v2\/types\/post"}],"author":[{"embeddable":true,"href":"https:\/\/radiorevelacionfm.cl\/index.php?rest_route=\/wp\/v2\/users\/1"}],"replies":[{"embeddable":true,"href":"https:\/\/radiorevelacionfm.cl\/index.php?rest_route=%2Fwp%2Fv2%2Fcomments&post=15279"}],"version-history":[{"count":2,"href":"https:\/\/radiorevelacionfm.cl\/index.php?rest_route=\/wp\/v2\/posts\/15279\/revisions"}],"predecessor-version":[{"id":15324,"href":"https:\/\/radiorevelacionfm.cl\/index.php?rest_route=\/wp\/v2\/posts\/15279\/revisions\/15324"}],"wp:featuredmedia":[{"embeddable":true,"href":"https:\/\/radiorevelacionfm.cl\/index.php?rest_route=\/wp\/v2\/media\/15280"}],"wp:attachment":[{"href":"https:\/\/radiorevelacionfm.cl\/index.php?rest_route=%2Fwp%2Fv2%2Fmedia&parent=15279"}],"wp:term":[{"taxonomy":"category","embeddable":true,"href":"https:\/\/radiorevelacionfm.cl\/index.php?rest_route=%2Fwp%2Fv2%2Fcategories&post=15279"},{"taxonomy":"post_tag","embeddable":true,"href":"https:\/\/radiorevelacionfm.cl\/index.php?rest_route=%2Fwp%2Fv2%2Ftags&post=15279"}],"curies":[{"name":"wp","href":"https:\/\/api.w.org\/{rel}","templated":true}]}}